{"id":665304,"date":"2026-09-04T21:38:19","date_gmt":"2026-09-04T21:38:19","guid":{"rendered":"https:\/\/www.europesays.com\/it\/665304\/"},"modified":"2026-09-04T21:38:19","modified_gmt":"2026-09-04T21:38:19","slug":"arte-gabriele-pentoli-premiato-a-chianciano-un-riscontro-importante-per-la-mia-ricerca","status":"publish","type":"post","link":"https:\/\/www.europesays.com\/it\/665304\/","title":{"rendered":"Arte, Gabriele Pentoli premiato a Chianciano: &#8220;Un riscontro importante per la mia ricerca&#8221;"},"content":{"rendered":"<p>Gabriele Pentoli, artista di Rocca San Casciano di 58 anni, ha ricevuto la Special Mention nella sezione pittura alla Biennale di Chianciano. Un riconoscimento importante che si aggiunge al recente risultato come finalista al prestigioso Premio Fondazione Amedeo Modigliani 2025.<\/p>\n<p>Diplomato all&#8217;Istituto d&#8217;Arte di Forl\u00ec e premiato al concorso nazionale \u201cI gioielli nei dipinti di Piero della Francesca\u201d, Pentoli ha mosso i primi passi professionali nello studio milanese dello scultore Arnaldo Pomodoro, collaborando alla realizzazione del gioiello presentato alla mostra \u201cOro d&#8217;autore: omaggio a Piero\u201d, oggi parte della collezione permanente del Museo dell&#8217;Oro d&#8217;Autore di Arezzo. Ha proseguito la collaborazione con Pomodoro presso il Centro Tam di Pietrarubbia, in qualit\u00e0 di docente di laboratorio.<\/p>\n<p>Pittore autodidatta, Pentoli ha sviluppato un linguaggio pittorico inconfondibile, dove la memoria del metallo diventa pittura. Le sue opere sono lastre ossidate, superfici materiche segnate dal tempo, che si aprono improvvisamente a squarci di luce e trasparenza, come gemme incastonate. Un dialogo tra opacit\u00e0 e preziosit\u00e0, tra materia e luce, che affonda le radici nella sua formazione orafa, che non pu\u00f2 e non vuole dimenticare. Vive e lavora a Rocca San Casciano.<\/p>\n<p>\u201cRicevo questo riconoscimento con soddisfazione &#8211; ha detto -. \u00c8 un riscontro importante per la crescita del mio lavoro e per la ricerca che sto sviluppando\u201d.<\/p>\n","protected":false},"excerpt":{"rendered":"Gabriele Pentoli, artista di Rocca San Casciano di 58 anni, ha ricevuto la Special Mention nella sezione pittura&hellip;\n","protected":false},"author":3,"featured_media":665305,"comment_status":"","ping_status":"","sticky":false,"template":"","format":"standard","meta":{"footnotes":"","_share_on_mastodon":"0"},"categories":[1446],"tags":[1615,1613,1614,1611,1610,1612,203,204,1537,90,89,13736,10918],"class_list":["post-665304","post","type-post","status-publish","format-standard","has-post-thumbnail","category-arte-e-design","tag-arte","tag-arte-e-design","tag-arteedesign","tag-arts","tag-arts-and-design","tag-design","tag-entertainment","tag-intrattenimento","tag-it","tag-italia","tag-italy","tag-premi","tag-riconoscimenti"],"share_on_mastodon":{"url":"https:\/\/pubeurope.com\/@it\/117214937408929782","error":""},"_links":{"self":[{"href":"https:\/\/www.europesays.com\/it\/wp-json\/wp\/v2\/posts\/665304","targetHints":{"allow":["GET"]}}],"collection":[{"href":"https:\/\/www.europesays.com\/it\/wp-json\/wp\/v2\/posts"}],"about":[{"href":"https:\/\/www.europesays.com\/it\/wp-json\/wp\/v2\/types\/post"}],"author":[{"embeddable":true,"href":"https:\/\/www.europesays.com\/it\/wp-json\/wp\/v2\/users\/3"}],"replies":[{"embeddable":true,"href":"https:\/\/www.europesays.com\/it\/wp-json\/wp\/v2\/comments?post=665304"}],"version-history":[{"count":0,"href":"https:\/\/www.europesays.com\/it\/wp-json\/wp\/v2\/posts\/665304\/revisions"}],"wp:featuredmedia":[{"embeddable":true,"href":"https:\/\/www.europesays.com\/it\/wp-json\/wp\/v2\/media\/665305"}],"wp:attachment":[{"href":"https:\/\/www.europesays.com\/it\/wp-json\/wp\/v2\/media?parent=665304"}],"wp:term":[{"taxonomy":"category","embeddable":true,"href":"https:\/\/www.europesays.com\/it\/wp-json\/wp\/v2\/categories?post=665304"},{"taxonomy":"post_tag","embeddable":true,"href":"https:\/\/www.europesays.com\/it\/wp-json\/wp\/v2\/tags?post=665304"}],"curies":[{"name":"wp","href":"https:\/\/api.w.org\/{rel}","templated":true}]}}