{"id":665319,"date":"2026-09-04T21:47:22","date_gmt":"2026-09-04T21:47:22","guid":{"rendered":"https:\/\/www.europesays.com\/it\/665319\/"},"modified":"2026-09-04T21:47:22","modified_gmt":"2026-09-04T21:47:22","slug":"carburanti-taglio-accise-prorogato-fino-al-10-settembre-firmato-il-decreto","status":"publish","type":"post","link":"https:\/\/www.europesays.com\/it\/665319\/","title":{"rendered":"Carburanti, taglio accise prorogato fino al 10 settembre: firmato il decreto"},"content":{"rendered":"<p>Il governo ha firmato il decreto interministeriale che proroga da domenica 6 settembre fino a gioved\u00ec 10 compreso <a data-intcmp=\"skytg24_foglia articolo_interlink_text\" href=\"https:\/\/tg24.sky.it\/economia\/2026\/09\/03\/taglio-accise-carburanti-proroga\" target=\"_blank\" rel=\"nofollow noopener\">il taglio delle accise sul diesel di 17 centesimi.<\/a>\u00a0Per finanziare l&#8217;estensione del provvedimento, che scade domani 5 settembre, verr\u00e0 utilizzato lo strumento delle accise mobili.\u00a0La misura sar\u00e0 contenuta in un decreto interministeriale di Economia e Sicurezza energetica, che \u00e8 stato pubblicato in Gazzetta Ufficiale. Sar\u00e0 probabilmente l&#8217;ultimo sconto generalizzato sui carburanti (da marzo sono stati 7, costati oltre 2 miliardi). Dalla prossima settimana, il governo vuole passare ad aiuti mirati ai soggetti pi\u00f9 colpiti, cio\u00e8 i meno abbienti e gli autotrasportatori.<\/p>\n<p>\t\t \tLa proroga coster\u00e0 circa 60 milioni di euro<\/p>\n<p>Secondo il ministero delle Imprese, il prezzo medio dei carburanti in modalit\u00e0 &#8216;self service&#8217; lungo la rete stradale nazionale oggi \u00e8 pari a 2,046 euro al litro per la benzina (2,039 il prezzo di gioved\u00ec) e 2,157 euro al litro per il gasolio (2,147 il prezzo di gioved\u00ec). L&#8217;ultimo sconto delle tasse sul gasolio (17 centesimi al litro, ovvero 14 cent di accise e 3 di Iva) era stato deciso dal Consiglio dei ministri il 26 agosto, per 11 giorni, fino a sabato 5 settembre compreso. Per finanziarlo si era ricorsi ad un anticipo sulle tasse sui dividendi delle societ\u00e0 energetiche, per circa 130 milioni di euro. La proroga di cinque giorni di questo sconto, da domenica 6 fino a gioved\u00ec 10 compreso, coster\u00e0 circa 60 milioni di euro. I soldi questa volta verranno ricavati con le accise mobili, cio\u00e8 con l&#8217;aumento dell&#8217;Iva di agosto sui carburanti, a seguito dell&#8217;aumento dei prezzi a luglio. Ma da venerd\u00ec prossimo, il governo intende cambiare politica. Basta sconti fiscali generalizzati sui carburanti: non sono pi\u00f9 sostenibili dai bilanci pubblici, e finiscono per favorire i ricchi, che consumano di pi\u00f9. L&#8217;esecutivo intende passare ad aiuti mirati, destinati solo ai soggetti pi\u00f9 colpiti dal caro-carburanti: i ceti meno abbienti e gli autotrasportatori.<\/p>\n<p>\t\t\t<a class=\"c-inline-card j-inline-card c-inline-card--with-image\" href=\"https:\/\/tg24.sky.it\/economia\/2026\/09\/03\/anticipo-imposta-dividendi-energia-cosa-cambia\" rel=\"follow nofollow noopener\" data-intcmp=\"skytg24_articolo_approfondimenti_inline\" target=\"_blank\"><\/p>\n<p>\t\t\t         <img decoding=\"async\" crossorigin=\"anonymous\" alt=\"\"  loading=\"lazy\"  src=\"https:\/\/www.europesays.com\/it\/wp-content\/uploads\/2026\/09\/original-67574cc9-6833-4967-90e0-76a3e658c825.jpg\"\/><\/p>\n<p>\n\t\t\t         Approfondimento<br \/>\n\t\t\t         Energia, 130 milioni di maggior gettito dall\u2019anticipo sui dividendi\n\t\t\t      <\/p>\n<p>\t\t\t<\/a><\/p>\n<p>\t\t \tLa prossima settimana il Cdm varer\u00e0 gli aiuti selettivi<\/p>\n<p>Quest&#8217;ultima proroga di 5 giorni dello sconto fiscale \u00e8 una misura ponte, che serve ad arrivare a un Consiglio dei ministri la prossima settimana, che varer\u00e0 gli aiuti selettivi. Ma come saranno questi aiuti, e soprattutto come saranno finanziati, \u00e8 ancora oggetto di discussione negli uffici tecnici dei ministeri dell&#8217;Economia e della Sicurezza energetica. Fra gli strumenti allo studio, ci sono tessere carburante per i cittadini con basi redditi, e sostegni per le imprese dell&#8217;autotrasporto. Il vicepremier Matteo Salvini spinge perch\u00e9 gli aiuti vadano anche alle partite Iva. Sui finanziamenti, i tecnici valutano in particolare la tassazione degli extraprofitti delle societ\u00e0 di raffinazione, schizzati alle stelle. Ma gli uffici tecnici non tralasciano altre forme di tassazione degli extraprofitti delle societ\u00e0 energetiche. La Lega spinge in questa direzione, mentre Forza Italia frena, e anche gli esperti di settore sono scettici: per loro, tassare le compagnie toglierebbe fondi per gli investimenti su produzione e raffinazione, che abbasserebbero le quotazioni.<\/p>\n<p>\t\t\t<a class=\"c-inline-card j-inline-card c-inline-card--with-image\" href=\"https:\/\/tg24.sky.it\/economia\/2026\/09\/03\/piattaforma-credito-imposta-autotrasporto-domanda-come-fare\" rel=\"follow nofollow noopener\" data-intcmp=\"skytg24_articolo_approfondimenti_inline\" target=\"_blank\"><\/p>\n<p>\t\t\t         <img decoding=\"async\" crossorigin=\"anonymous\" alt=\"\"  loading=\"lazy\"  src=\"https:\/\/www.europesays.com\/it\/wp-content\/uploads\/2026\/09\/autostrade_ipa.jpg\"\/><\/p>\n<p>\n\t\t\t         Approfondimento<br \/>\n\t\t\t         Autotrasporto, ecco come presentare domanda per il credito d\u2019imposta\n\t\t\t      <\/p>\n<p>\t\t\t<\/a><\/p>\n","protected":false},"excerpt":{"rendered":"Il governo ha firmato il decreto interministeriale che proroga da domenica 6 settembre fino a gioved\u00ec 10 compreso&hellip;\n","protected":false},"author":3,"featured_media":665320,"comment_status":"","ping_status":"","sticky":false,"template":"","format":"standard","meta":{"footnotes":"","_share_on_mastodon":"0"},"categories":[172],"tags":[178,14745,177,8740,2582,47252,5279,1537,90,89],"class_list":["post-665319","post","type-post","status-publish","format-standard","has-post-thumbnail","category-affari","tag-affari","tag-benzina","tag-business","tag-carburante","tag-decreto","tag-diesel","tag-governo-meloni","tag-it","tag-italia","tag-italy"],"share_on_mastodon":{"url":"https:\/\/pubeurope.com\/@it\/117214973034006543","error":""},"_links":{"self":[{"href":"https:\/\/www.europesays.com\/it\/wp-json\/wp\/v2\/posts\/665319","targetHints":{"allow":["GET"]}}],"collection":[{"href":"https:\/\/www.europesays.com\/it\/wp-json\/wp\/v2\/posts"}],"about":[{"href":"https:\/\/www.europesays.com\/it\/wp-json\/wp\/v2\/types\/post"}],"author":[{"embeddable":true,"href":"https:\/\/www.europesays.com\/it\/wp-json\/wp\/v2\/users\/3"}],"replies":[{"embeddable":true,"href":"https:\/\/www.europesays.com\/it\/wp-json\/wp\/v2\/comments?post=665319"}],"version-history":[{"count":0,"href":"https:\/\/www.europesays.com\/it\/wp-json\/wp\/v2\/posts\/665319\/revisions"}],"wp:featuredmedia":[{"embeddable":true,"href":"https:\/\/www.europesays.com\/it\/wp-json\/wp\/v2\/media\/665320"}],"wp:attachment":[{"href":"https:\/\/www.europesays.com\/it\/wp-json\/wp\/v2\/media?parent=665319"}],"wp:term":[{"taxonomy":"category","embeddable":true,"href":"https:\/\/www.europesays.com\/it\/wp-json\/wp\/v2\/categories?post=665319"},{"taxonomy":"post_tag","embeddable":true,"href":"https:\/\/www.europesays.com\/it\/wp-json\/wp\/v2\/tags?post=665319"}],"curies":[{"name":"wp","href":"https:\/\/api.w.org\/{rel}","templated":true}]}}