{"id":665325,"date":"2026-09-04T21:50:12","date_gmt":"2026-09-04T21:50:12","guid":{"rendered":"https:\/\/www.europesays.com\/it\/665325\/"},"modified":"2026-09-04T21:50:12","modified_gmt":"2026-09-04T21:50:12","slug":"us-open-odore-di-cannabis-mannarino-si-lamenta-e-sabalenka-ferma-il-gioco","status":"publish","type":"post","link":"https:\/\/www.europesays.com\/it\/665325\/","title":{"rendered":"Us Open, odore di cannabis, Mannarino si lamenta e Sabalenka ferma il gioco"},"content":{"rendered":"<p>                                Tornano le proteste di giocatori e giocatrici per l&#8217;odore di fumo persistente che si sente sui campi<\/p>\n<p class=\"paragraph\" spellcheck=\"true\">Gli us Open &#8220;ostaggi&#8221; della cannabis? Anche quest&#8217;anno le lamentele non sono mancate. Lo ha fatto Adrian Mannarino, eliminato da Bublik e lo ha fatto anche la n.1 <a href=\"https:\/\/www.gazzetta.it\/Tennis\/atp\/slam\/us-open\/04-09-2026\/us-open-live-paolini-cirstea-e-stasera-alcaraz-diretta-e-risultati.shtml?intcmp=hyperlink-articolo-gazit\" title=\"LIVE Us Open: Sabalenka e Pegula agli ottavi. In serata Alcaraz e Bolelli-Vavassori\" target=\"_blank\" rel=\"nofollow noopener\">Aryna Sabalenka<\/a> durante l&#8217;incontro vinto senza problemi con Rakhimova.\u00a0<\/p>\n<p class=\"paragraph\" spellcheck=\"true\">Nonostante dentro l&#8217;impianto sia proibito fumare, sui campi arriva comunque l&#8217;odore di cannabis che, giusto ricordarlo, a New York \u00e8 stata legalizzata a partire dai 21 anni di et\u00e0. L&#8217;esperto giocatore francese si \u00e8 lamentato dell&#8217;odore molto forte e persistente come gi\u00e0 aveva fatto un paio di giorni prima la britannica Boulter sottolineando come possa essere un fattore di distrazione.\u00a0<\/p>\n<p class=\"paragraph\" spellcheck=\"true\">La bielorussa si \u00e8 addirittura fermata durante l&#8217;incontro per segnalare all&#8217;arbitro il problema. Una questione non nuova e di difficile soluzione per gli organizzatori degli Us Open: Flushing Meadows \u00e8 all&#8217;interno di un grande parco e se all&#8217;interno il fumo di qualsiasi tipo \u00e8 vietato, fuori no. E allora non resta che prenderla ridendo come la britannica Fran Jones che ha commentato: &#8220;Non c&#8217;\u00e8 da stupirsi che stia giocando cos\u00ec bene&#8221;.<\/p>\n","protected":false},"excerpt":{"rendered":"Tornano le proteste di giocatori e giocatrici per l&#8217;odore di fumo persistente che si sente sui campi Gli&hellip;\n","protected":false},"author":3,"featured_media":665326,"comment_status":"","ping_status":"","sticky":false,"template":"","format":"standard","meta":{"footnotes":"","_share_on_mastodon":"0"},"categories":[6],"tags":[3326,2008,30201,14,16657,8,399,955,1537,90,89,7,15,82,9,83,10,47161,2006,24024,13,11,80,84,12,81,85,7379,6665],"class_list":["post-665325","post","type-post","status-publish","format-standard","has-post-thumbnail","category-ultime-notizie","tag-britannica","tag-campi","tag-cannabis","tag-cronaca","tag-fumo","tag-headlines","tag-incontro","tag-interno","tag-it","tag-italia","tag-italy","tag-news","tag-notizie","tag-notizie-di-cronaca","tag-notizie-principali","tag-notiziedicronaca","tag-notizieprincipali","tag-odore","tag-open","tag-persistente","tag-titoli","tag-ultime-notizie","tag-ultime-notizie-di-cronaca","tag-ultime-notizie-e-news-di-oggi","tag-ultimenotizie","tag-ultimenotiziedicronaca","tag-ultimenotizieenewsdioggi","tag-us","tag-us-open"],"share_on_mastodon":{"url":"https:\/\/pubeurope.com\/@it\/117214984779932844","error":""},"_links":{"self":[{"href":"https:\/\/www.europesays.com\/it\/wp-json\/wp\/v2\/posts\/665325","targetHints":{"allow":["GET"]}}],"collection":[{"href":"https:\/\/www.europesays.com\/it\/wp-json\/wp\/v2\/posts"}],"about":[{"href":"https:\/\/www.europesays.com\/it\/wp-json\/wp\/v2\/types\/post"}],"author":[{"embeddable":true,"href":"https:\/\/www.europesays.com\/it\/wp-json\/wp\/v2\/users\/3"}],"replies":[{"embeddable":true,"href":"https:\/\/www.europesays.com\/it\/wp-json\/wp\/v2\/comments?post=665325"}],"version-history":[{"count":0,"href":"https:\/\/www.europesays.com\/it\/wp-json\/wp\/v2\/posts\/665325\/revisions"}],"wp:featuredmedia":[{"embeddable":true,"href":"https:\/\/www.europesays.com\/it\/wp-json\/wp\/v2\/media\/665326"}],"wp:attachment":[{"href":"https:\/\/www.europesays.com\/it\/wp-json\/wp\/v2\/media?parent=665325"}],"wp:term":[{"taxonomy":"category","embeddable":true,"href":"https:\/\/www.europesays.com\/it\/wp-json\/wp\/v2\/categories?post=665325"},{"taxonomy":"post_tag","embeddable":true,"href":"https:\/\/www.europesays.com\/it\/wp-json\/wp\/v2\/tags?post=665325"}],"curies":[{"name":"wp","href":"https:\/\/api.w.org\/{rel}","templated":true}]}}