{"id":665336,"date":"2026-09-04T22:03:15","date_gmt":"2026-09-04T22:03:15","guid":{"rendered":"https:\/\/www.europesays.com\/it\/665336\/"},"modified":"2026-09-04T22:03:15","modified_gmt":"2026-09-04T22:03:15","slug":"psg-monaco-1-2-in-ligue1-luis-enrique-in-crisi-in-francia","status":"publish","type":"post","link":"https:\/\/www.europesays.com\/it\/665336\/","title":{"rendered":"Psg-Monaco 1-2 in Ligue1, Luis Enrique in crisi in Francia"},"content":{"rendered":"<p>                                Marquinhos porta avanti i parigini che nella ripresa subiscono la rimonta del club del Principato: le reti di Nazinho e Idumbo portano la squadra di Filipe Luis a punteggio pieno, +7 sui campioni d&#8217;Europa<\/p>\n<p class=\"paragraph\" spellcheck=\"true\">Due punti dopo tre giornate in Ligue 1. Non parliamo di una neopromossa ma dei (bi)campioni d\u2019Europa in carica, il Psg di Luis Enrique e compagnia cantante. Che per\u00f2 ha stonato ancora, perdendo 2-1 in casa contro il Monaco: per i parigini primo ko dopo due pareggi (entrambi per 2-2), per la squadra del Principato terza vittoria di fila e primo posto confermatissimo a +2 su Lione e Lilla. Siamo solo a inizio stagione, neanche a dirlo, e il Psg ha spazio e risorse ampie per recuperare terreno, anche se il primo posto \u00e8 sette punti pi\u00f9 in su. Per\u00f2 di fatto il Psg in campionato non ha ancora vinto e mercoled\u00ec arriva l\u2019esordio in Champions  con lo Slovan Bratislava (non proprio il pi\u00f9 difficile degli esami): dal Parco dei Principi si attende un segnale pi\u00f9 convincente, perch\u00e9 dopo la vittoria in Supercoppa con l\u2019Aston Villa ad agosto il Psg ha sempre steccato. La squadra campione di tutto \u00e8 andata in vantaggio con Marquinhos nel primo tempo (assist di Kvara), poi si \u00e8 addormentata subendo due gol in meno di un quarto d\u2019ora: Nazinho al 58\u2019 e Idumbo al minuto 72. Inutile l\u2019assalto del Psg, che Luis Enrique ha provato a cambiare inserendo sull\u20191-1 Dembel\u00e9, Ferran Torres e Godts, lasciati fuori per Akliouche, Dou\u00e9 e Kvara dal 1\u2019. Mercoled\u00ec servir\u00e0 un\u2019altra partita.<\/p>\n","protected":false},"excerpt":{"rendered":"Marquinhos porta avanti i parigini che nella ripresa subiscono la rimonta del club del Principato: le reti di&hellip;\n","protected":false},"author":3,"featured_media":665337,"comment_status":"","ping_status":"","sticky":false,"template":"","format":"standard","meta":{"footnotes":"","_share_on_mastodon":"0"},"categories":[1452],"tags":[721,2037,79957,36288,3085,1740,366570,1537,90,89,48339,21518,38397,284383,4559,20782,366571,366572,14393,1292,1739,245,244,1857],"class_list":["post-665336","post","type-post","status-publish","format-standard","has-post-thumbnail","category-calcio","tag-calcio","tag-campioni","tag-campioni-europa","tag-enrique","tag-europa","tag-football","tag-idumbo","tag-it","tag-italia","tag-italy","tag-kvara","tag-luis","tag-luis-enrique","tag-marquinhos","tag-mercoledi","tag-monaco","tag-nazinho","tag-nazinho-idumbo","tag-psg","tag-punti","tag-soccer","tag-sport","tag-sports","tag-squadra"],"share_on_mastodon":{"url":"https:\/\/pubeurope.com\/@it\/117215035955973281","error":""},"_links":{"self":[{"href":"https:\/\/www.europesays.com\/it\/wp-json\/wp\/v2\/posts\/665336","targetHints":{"allow":["GET"]}}],"collection":[{"href":"https:\/\/www.europesays.com\/it\/wp-json\/wp\/v2\/posts"}],"about":[{"href":"https:\/\/www.europesays.com\/it\/wp-json\/wp\/v2\/types\/post"}],"author":[{"embeddable":true,"href":"https:\/\/www.europesays.com\/it\/wp-json\/wp\/v2\/users\/3"}],"replies":[{"embeddable":true,"href":"https:\/\/www.europesays.com\/it\/wp-json\/wp\/v2\/comments?post=665336"}],"version-history":[{"count":0,"href":"https:\/\/www.europesays.com\/it\/wp-json\/wp\/v2\/posts\/665336\/revisions"}],"wp:featuredmedia":[{"embeddable":true,"href":"https:\/\/www.europesays.com\/it\/wp-json\/wp\/v2\/media\/665337"}],"wp:attachment":[{"href":"https:\/\/www.europesays.com\/it\/wp-json\/wp\/v2\/media?parent=665336"}],"wp:term":[{"taxonomy":"category","embeddable":true,"href":"https:\/\/www.europesays.com\/it\/wp-json\/wp\/v2\/categories?post=665336"},{"taxonomy":"post_tag","embeddable":true,"href":"https:\/\/www.europesays.com\/it\/wp-json\/wp\/v2\/tags?post=665336"}],"curies":[{"name":"wp","href":"https:\/\/api.w.org\/{rel}","templated":true}]}}