{"id":665339,"date":"2026-09-04T22:05:27","date_gmt":"2026-09-04T22:05:27","guid":{"rendered":"https:\/\/www.europesays.com\/it\/665339\/"},"modified":"2026-09-04T22:05:27","modified_gmt":"2026-09-04T22:05:27","slug":"villa-piu-grande-del-mondo","status":"publish","type":"post","link":"https:\/\/www.europesays.com\/it\/665339\/","title":{"rendered":"Villa pi\u00f9 grande del mondo"},"content":{"rendered":"<p data-journey-content=\"true\" data-node-id=\"2\" class=\"css-1ood0zq emevuu60\">Su Altamount Road, a <strong data-node-id=\"2.1\">Mumbai<\/strong>, dove le quotazioni immobiliari diventano vertiginose, sorge un condominio di famiglia che arriva a 27 piani e nei registri di Guinness si iscrive alla voce &#8220;casa&#8221;, non \u201cgrattacielo\u201d, anche se la sua altezza \u00e8 pari a quella di un palazzo per uffici di sessanta piani. \u00c8 <a href=\"https:\/\/www.guinnessworldrecords.com\/world-records\/106350-largest-house\" target=\"_blank\" rel=\"nofollow noopener\" data-vars-ga-outbound-link=\"https:\/\/www.guinnessworldrecords.com\/world-records\/106350-largest-house\" data-vars-ga-ux-element=\"Hyperlink\" data-vars-ga-call-to-action=\"la casa pi\u00f9 grande del mondo\" data-node-id=\"2.3\" class=\"body-link css-g36lkp emevuu60\"><strong data-node-id=\"2.3.0\">la casa pi\u00f9 grande del mondo<\/strong><\/a>, propriet\u00e0 di Mukesh Ambani, patron di Reliance Industries e uomo pi\u00f9 ricco d&#8217;India: <strong data-node-id=\"2.5\">37mila metri-quadrati<\/strong> abitabili su un lotto di 4532, 173 metri ottenuti con soffitti tripli rispetto allo standard.<\/p>\n<p><img draggable=\"true\" alt=\"mukesh ambani's new home\" title=\"Mukesh Ambani's New Home\" loading=\"lazy\" width=\"1872\" height=\"3154\" decoding=\"async\" data-nimg=\"1\" style=\"color:transparent;width:100%;height:auto;\"   src=\"https:\/\/www.europesays.com\/it\/wp-content\/uploads\/2026\/09\/7da8884b-1e89-4a61-934c-f1a8de64546f.jpeg\" class=\"css-0 e1ddfba50\"\/><a target=\"_blank\" rel=\"noopener nofollow\" data-theme-key=\"base-link\" href=\"https:\/\/pinterest.com\/pin\/create\/button\/?url=https:\/\/www.elledecor.com\/it\/case\/a73609315\/villa-piu-grande-del-mondo\/&amp;description=elledecoritalia&amp;media=https:\/\/hips.hearstapps.com\/hmg-prod\/images\/7da8884b-1e89-4a61-934c-f1a8de64546f.jpeg?resize=1600:*\" class=\"pinterest css-on9hn5 e1socmtw0\"><img decoding=\"async\" data-dynamic-svg=\"true\" src=\"https:\/\/www.elledecor.com\/_assets\/design-tokens\/fre\/static\/icons\/social\/pinterest.e8cf655.svg?primary=%2523ffffff\" loading=\"lazy\" data-testid=\"dynamic-svg-base\" height=\"auto\" width=\"auto\" alt=\"pinterest\" class=\"css-4lml0h e1mlxuuw1\"\/><\/a><\/p>\n<p>Mail Today\/\/Getty Images<\/p>\n<p>Una citt\u00e0 privata impilata verso il cielo<\/p>\n<p data-journey-content=\"true\" data-node-id=\"8\" class=\"css-1ood0zq emevuu60\">Nel 1896 Louis Sullivan, teorico della <a href=\"https:\/\/www.elledecor.com\/it\/architettura\/a65163010\/invenzione-del-grattacielo-chicago\/\" target=\"_blank\" data-vars-ga-outbound-link=\"https:\/\/www.elledecor.com\/it\/architettura\/a65163010\/invenzione-del-grattacielo-chicago\/\" data-vars-ga-ux-element=\"Hyperlink\" data-vars-ga-call-to-action=\"scuola di Chicago\" data-node-id=\"8.1\" class=\"body-link css-g36lkp emevuu60\" rel=\"nofollow noopener\">scuola di Chicago<\/a>, scrisse che il grattacielo va letto come una colonna classica: base pubblica, fusto di uffici ripetuti, attico meccanico. \u00c8 la stessa logica che a Chicago tiene ancora in piedi la sala contrattazioni del Board of Trade, con sotto i 32 piani di uffici, o che al John Hancock Center impila negozi, uffici e 700 residenze fino all&#8217;osservatorio. Antilia applica il principio <strong data-node-id=\"8.3\">capovolgendone la gerarchia<\/strong>: il pubblico e il servizio stanno in basso, il privato pi\u00f9 prezioso sale in cima. Alla base, sei piani di garage per 168 automobili, 4 di spa con &#8220;stanza della neve&#8221;, un teatro da 50 poltrone, un tempio, una sala da ballo, 3 eliporti. Solo gli ultimi 6 piani, in vetta, sono la casa vera della famiglia Ambani.<\/p>\n<p><img draggable=\"true\" alt=\"antilla new house of mukesh ambani at altamount road bombay mumbai, maharashtra, india\" title=\"Antilla new house of mukesh ambani at altamount road Bombay Mumbai, Maharashtra, India\" loading=\"lazy\" width=\"5100\" height=\"3825\" decoding=\"async\" data-nimg=\"1\" style=\"color:transparent;width:100%;height:auto;\"   src=\"https:\/\/www.europesays.com\/it\/wp-content\/uploads\/2026\/09\/cba006df-be82-4765-96b9-2085a27744d7.jpeg\" class=\"css-0 e1ddfba50\"\/><a target=\"_blank\" rel=\"noopener nofollow\" data-theme-key=\"base-link\" href=\"https:\/\/pinterest.com\/pin\/create\/button\/?url=https:\/\/www.elledecor.com\/it\/case\/a73609315\/villa-piu-grande-del-mondo\/&amp;description=elledecoritalia&amp;media=https:\/\/hips.hearstapps.com\/hmg-prod\/images\/cba006df-be82-4765-96b9-2085a27744d7.jpeg?resize=1600:*\" class=\"pinterest css-on9hn5 e1socmtw0\"><img decoding=\"async\" data-dynamic-svg=\"true\" src=\"https:\/\/www.elledecor.com\/_assets\/design-tokens\/fre\/static\/icons\/social\/pinterest.e8cf655.svg?primary=%2523ffffff\" loading=\"lazy\" data-testid=\"dynamic-svg-base\" height=\"auto\" width=\"auto\" alt=\"pinterest\" class=\"css-4lml0h e1mlxuuw1\"\/><\/a><\/p>\n<p>Dinodia Photo\/\/Getty Images<\/p>\n<p>27 piani, nessuno uguale all\u2019altro<\/p>\n<p data-journey-content=\"true\" data-node-id=\"13\" class=\"css-1ood0zq emevuu60\">Il cantiere \u00e8 durato dal 2006 al 2010: lo avvi\u00f2 l&#8217;impresa di Hong Kong Leighton Asia, lo complet\u00f2 la mumbaikar B. E. Billimoria &amp; Company. Per un tale lavoro, il calcolo strutturale, firmato dallo studio locale Sterling Engineering Consultancy Services, prevede resistenza a un terremoto di magnitudo otto. 9 ascensori ad alta velocit\u00e0 collegano piani che gli architetti, <strong data-node-id=\"13.1\"><a href=\"https:\/\/perkinswill.com\/\" target=\"_blank\" rel=\"nofollow noopener\" data-vars-ga-outbound-link=\"https:\/\/perkinswill.com\/\" data-vars-ga-ux-element=\"Hyperlink\" data-vars-ga-call-to-action=\"Perkins &amp; Will\" data-node-id=\"13.1.0\" class=\"body-link css-g36lkp emevuu60\">Perkins &amp; Will<\/a><\/strong> di Chicago, hanno continuato a ridisegnare in corso d&#8217;opera: nessuno dei 27 \u00e8 identico a un altro, con marmi e madreperla scelti volta per volta attorno a due motivi ricorrenti, il loto e il sole, secondo i principi del Vaastu Shastra, l&#8217;antica disciplina indiana dell&#8217;orientamento degli spazi. Nita Ambani scelse lo studio dopo aver visto i suoi interni al Mandarin Oriental di New York Il nome, Antilia, arriva dall&#8217;isola fantasma che i cartografi spagnoli disegnavano nell&#8217;Atlantico prima di ammettere che non esisteva. Se il suo costo iniziale si aggirava attorno ai due miliardi di dollari, nel 2023 la stima \u00e8 salita a<strong data-node-id=\"13.3\"> 4,6 miliardi<\/strong>, la stessa cifra a cui oggi si valuta <a href=\"https:\/\/www.elledecor.com\/it\/lifestyle\/a71738983\/carlo-camilla-lasciano-buckingham-palace-per-clarence-house\/\" target=\"_blank\" data-vars-ga-outbound-link=\"https:\/\/www.elledecor.com\/it\/lifestyle\/a71738983\/carlo-camilla-lasciano-buckingham-palace-per-clarence-house\/\" data-vars-ga-ux-element=\"Hyperlink\" data-vars-ga-call-to-action=\"Buckingham Palac\" data-node-id=\"13.5\" class=\"body-link css-g36lkp emevuu60\" rel=\"nofollow noopener\">Buckingham Palac<\/a>e.<\/p>\n<p><img draggable=\"true\" alt=\"antilla house of mukesh ambani, bombay, mumbai, maharashtra, india\" title=\"Antilla house of mukesh ambani, Bombay, Mumbai, Maharashtra, India\" loading=\"lazy\" width=\"2430\" height=\"3652\" decoding=\"async\" data-nimg=\"1\" style=\"color:transparent;width:100%;height:auto;\"   src=\"https:\/\/www.europesays.com\/it\/wp-content\/uploads\/2026\/09\/a332e3e9-d612-41b3-9980-834e905bfdd7.jpeg\" class=\"css-0 e1ddfba50\"\/><a target=\"_blank\" rel=\"noopener nofollow\" data-theme-key=\"base-link\" href=\"https:\/\/pinterest.com\/pin\/create\/button\/?url=https:\/\/www.elledecor.com\/it\/case\/a73609315\/villa-piu-grande-del-mondo\/&amp;description=elledecoritalia&amp;media=https:\/\/hips.hearstapps.com\/hmg-prod\/images\/a332e3e9-d612-41b3-9980-834e905bfdd7.jpeg?resize=1600:*\" class=\"pinterest css-on9hn5 e1socmtw0\"><img decoding=\"async\" data-dynamic-svg=\"true\" src=\"https:\/\/www.elledecor.com\/_assets\/design-tokens\/fre\/static\/icons\/social\/pinterest.e8cf655.svg?primary=%2523ffffff\" loading=\"lazy\" data-testid=\"dynamic-svg-base\" height=\"auto\" width=\"auto\" alt=\"pinterest\" class=\"css-4lml0h e1mlxuuw1\"\/><\/a><\/p>\n<p>Dinodia Photo\/\/Getty Images<\/p>\n<p><img src=\"https:\/\/www.europesays.com\/it\/wp-content\/uploads\/2026\/09\/1788559527_206_662aafc4-2c03-4257-804c-b45ff323b012_1708416299.file.png\" alt=\"Headshot of Ciro Marco Musella\" title=\"Headshot of Ciro Marco Musella\" width=\"100%\" height=\"100%\" decoding=\"async\" loading=\"lazy\" class=\"css-o0wq4v ev8dhu53\"\/><\/p>\n<p>Sono nato a Napoli, non parlo in terza persona e non curo cose, oggetti, persone o animali. Ho studiato architettura tra il Politecnico di Milano e l\u2019ENSA Paris-Belleville per poi laurearmi in Architettura delle Costruzioni. Mi sono occupato di allestimenti seguendo i progetti di NENDO, scrivo di grandi architetture e sto completando un dottorando in Composizione allo IUAV di Venezia. Nonostante questo, tutto regolare. \u00a0<\/p>\n","protected":false},"excerpt":{"rendered":"Su Altamount Road, a Mumbai, dove le quotazioni immobiliari diventano vertiginose, sorge un condominio di famiglia che arriva&hellip;\n","protected":false},"author":3,"featured_media":665340,"comment_status":"","ping_status":"","sticky":false,"template":"","format":"standard","meta":{"footnotes":"","_share_on_mastodon":"0"},"categories":[1446],"tags":[1615,1613,1614,1611,1610,322452,5741,366574,1612,620,203,204,259632,1537,90,89,619,366573,310758],"class_list":["post-665339","post","type-post","status-publish","format-standard","has-post-thumbnail","category-arte-e-design","tag-arte","tag-arte-e-design","tag-arteedesign","tag-arts","tag-arts-and-design","tag-collection-extra-ordinario","tag-content-type-default","tag-contentid-bd0c1b55-1f77-468c-8b07-cfc17bdd45e3","tag-design","tag-displaytype-standard-article","tag-entertainment","tag-intrattenimento","tag-issyndicated-false","tag-it","tag-italia","tag-italy","tag-locale-it","tag-shorttitle-la-villa-piu-grande-del-mondo","tag-sponsored-false"],"share_on_mastodon":{"url":"https:\/\/pubeurope.com\/@it\/117215044686756993","error":""},"_links":{"self":[{"href":"https:\/\/www.europesays.com\/it\/wp-json\/wp\/v2\/posts\/665339","targetHints":{"allow":["GET"]}}],"collection":[{"href":"https:\/\/www.europesays.com\/it\/wp-json\/wp\/v2\/posts"}],"about":[{"href":"https:\/\/www.europesays.com\/it\/wp-json\/wp\/v2\/types\/post"}],"author":[{"embeddable":true,"href":"https:\/\/www.europesays.com\/it\/wp-json\/wp\/v2\/users\/3"}],"replies":[{"embeddable":true,"href":"https:\/\/www.europesays.com\/it\/wp-json\/wp\/v2\/comments?post=665339"}],"version-history":[{"count":0,"href":"https:\/\/www.europesays.com\/it\/wp-json\/wp\/v2\/posts\/665339\/revisions"}],"wp:featuredmedia":[{"embeddable":true,"href":"https:\/\/www.europesays.com\/it\/wp-json\/wp\/v2\/media\/665340"}],"wp:attachment":[{"href":"https:\/\/www.europesays.com\/it\/wp-json\/wp\/v2\/media?parent=665339"}],"wp:term":[{"taxonomy":"category","embeddable":true,"href":"https:\/\/www.europesays.com\/it\/wp-json\/wp\/v2\/categories?post=665339"},{"taxonomy":"post_tag","embeddable":true,"href":"https:\/\/www.europesays.com\/it\/wp-json\/wp\/v2\/tags?post=665339"}],"curies":[{"name":"wp","href":"https:\/\/api.w.org\/{rel}","templated":true}]}}