{"id":665345,"date":"2026-09-04T22:09:10","date_gmt":"2026-09-04T22:09:10","guid":{"rendered":"https:\/\/www.europesays.com\/it\/665345\/"},"modified":"2026-09-04T22:09:10","modified_gmt":"2026-09-04T22:09:10","slug":"venezia-valeria-golino-bisogna-avere-fiducia-nel-cinema-italiano-giacomo-poretti-e-limportanza-del-lieto-fine","status":"publish","type":"post","link":"https:\/\/www.europesays.com\/it\/665345\/","title":{"rendered":"Venezia, Valeria Golino: \u00abBisogna avere fiducia nel cinema italiano\u00bb. Giacomo Poretti e l&#8217;importanza del lieto fine"},"content":{"rendered":"<p>    di<br \/>\n    Sara D&#8217;Ascenzo<\/p>\n<p class=\"summary-art is-line-h-12\">L&#8217;attrice, alla Mostra con due film, e l&#8217;attore intervistati dal direttore del \u00abCorriere\u00bb Luciano Fontana e dal critico Paolo Mereghetti a \u00abChe Spettacolo!\u00bb<\/p>\n<p class=\"chapter-paragraph\"><b>VENEZIA<\/b> Bisogna avere fiducia nel <b>cinema italiano \u00abperch\u00e9 pu\u00f2 raccontare temi come l\u2019immigrazione clandestina o il femminicidio <\/b>trasfigurandoli, con toni che non sono quelli dell\u2019attualit\u00e0\u00bb. Le parole di Valeria Golino suonano come un appello, ma anche una consapevolezza di s\u00e9: alla Mostra del Cinema di Venezia \u00e8 con due film \u2013 Nessun dolore di Gianni Amelio e Serpenti di Roberto De Paolis \u2013 e con due personaggi nati proprio dall\u2019avere fiducia nelle storie che i due registi volevano raccontare e di come volevano metterle in scena.\u00a0<\/p>\n<p class=\"chapter-paragraph\">Lo ha spiegato venerd\u00ec pomeriggio nell\u2019evento promosso da <b>\u00abChe Spettacolo!\u00bb, il format di approfondimenti e interviste video che il Corriere della Sera e la Fondazione Ente dello Spettacolo<\/b> hanno portato per il secondo anno alla Mostra del Cinema di Venezia con oltre cento appuntamenti.  Dal palco della Sala Incontri dell\u2019Hotel Excelsior, <b>intervistata dal direttore Luciano Fontana e da Paolo Mereghetti<\/b>, ha ricordato il suo rapporto con i personaggi interpretati o con compagne di viaggio come Matilda De Angelis, con la quale ha girato Fuori! di Mario Martone e nella quale \u00abriconosco la ferinit\u00e0 di quando avevo la sua et\u00e0\u00bb.\u00a0    &#13;<br \/>\n&#13;<br \/>\n&#13;<br \/>\n&#13;<br \/>\n&#13;<br \/>\n&#13;<br \/>\n&#13;<br \/>\n&#13;<br \/>\n&#13;<br \/>\n&#13;<br \/>\n&#13;<br \/>\n&#13;<br \/>\n&#13;<br \/>\n&#13;<br \/>\n&#13;<br \/>\n&#13;<br \/>\n&#13;<br \/>\n&#13;<br \/>\n&#13;<br \/>\n&#13;<br \/>\n&#13;<br \/>\n&#13;<br \/>\n&#13;<br \/>\n&#13;<br \/>\n&#13;<br \/>\n&#13;<br \/>\n&#13;<br \/>\n&#13;<br \/>\n&#13;<br \/>\n&#13;<br \/>\n&#13;<br \/>\n&#13;<br \/>\n&#13;<br \/>\n&#13;<br \/>\n&#13;<br \/>\n&#13;<br \/>\n&#13;<br \/>\n&#13;<br \/>\n&#13;<br \/>\n&#13;<br \/>\n&#13;<br \/>\n&#13;<br \/>\n&#13;<br \/>\n&#13;<br \/>\n&#13;<br \/>\n&#13;<br \/>\n&#13;<br \/>\n&#13;<br \/>\n&#13;<br \/>\n&#13;<br \/>\n&#13;<br \/>\n&#13;<br \/>\n&#13;\n<\/p>\n<p class=\"chapter-paragraph\">Il filo rosso che ha attraversato la conversazione \u00e8 stato \u00abIl cinema della fiducia e la fiducia nel cinema\u00bb.  E di fiducia nel cinema Golino ne ha sempre avuta, fin da quando, bambina, la mamma in Grecia portava lei e il fratello in sala anche due o tre volte a settimana: \u00ab<b>Vedevamo tutto, da Franco e Ciccio a Bergman. E poi i film americani<\/b>: ero bambina negli anni \u201970 e il cinema americano era meraviglioso. Io e mio fratello siamo diventati cinefili per quello: siamo stati fortunati ad avere due genitori cos\u00ec\u00bb.\u00a0<\/p>\n<p class=\"chapter-paragraph\"><b>Fidarsi vuol dire anche accettare che un regista veda il tuo personaggio diversamente da come lo vedresti tu<\/b>. Le \u00e8 accaduto con Amelio: \u00abGianni \u00e8 un regista speciale. Ho molto obbedito, ho avuto molta fiducia. Non sempre quello che mi chiedeva era quello che volevo io, l\u2019ho fatto. La tensione tra me che ero diversa dal personaggio e tra lui che voleva portarmi verso la sua idea di femminile penso sia la chiave di quel piccolo ruolo, di Elsa, che \u00e8 un omaggio a Elsa Morante\u00bb.\u00a0<\/p>\n<p class=\"chapter-paragraph\">\u00abLa fiducia \u2013 spiegato mosignor Davide Milani, presidente della Fondazione Ente dello Spettacolo \u2013 discende <b>direttamente dal latino foedus, che significa patto<\/b>. Per questo la fiducia non pu\u00f2 essere un atto volontaristico, ma presuppone un accordo\u00bb. Il cinema pu\u00f2 parlare di fiducia, come stiamo vedendo in questa Mostra in film come <a href=\"\">15\/18 di C\u00e9dric Kahn<\/a>, in cui \u00e8 rappresentata una comunit\u00e0 problematica che ha stretto un patto e dunque si fida, o il patto drammatico del film di Martin McDonagh, White Horse Nine.\u00a0<\/p>\n<p class=\"chapter-paragraph\">E di fiducia nel cinema e nelle arti tutte della Biennale ha parlato il presidente della Fondazione veneziana Pietrangelo Buttafuoco a inizio incontro, ricordando l\u2019attore e regista catanese Angelo Musco, le cui parole gli sono risuonate parlando con Gennaro Nunziante, regista di Buen Camino, il record d\u2019incassi di Checco Zalone: \u00abBisogna fare in modo che <b>ognuno, tornando a casa dopo uno spettacolo, abbia fiducia in s\u00e9 stesso nell\u2019accompagnarsi a un\u2019emozione<\/b>\u00bb.\u00a0<\/p>\n<p class=\"chapter-paragraph\">Sembrano quasi le stesse parole di Giacomo Poretti, anche lui intervistato dal direttore Luciano Fontana e da Paolo Mereghetti. <b>\u00abIl lieto fine \u00e8 importante \u2013 ha detto Poretti <\/b>citando il film della sua vita, La vita \u00e8 meravigliosa di Frank Capra \u2013. Ci sono stati anni in cui era quasi proibito, bisognava tornare a casa e soffrire su un film. Ma uscendo dalla banalit\u00e0 del concetto, il lieto fine \u00e8 centrale, perch\u00e9 \u00e8 un tentativo di comporre un rapporto, e di portarlo verso una sensazione positiva\u00bb.\u00a0<\/p>\n<p class=\"chapter-paragraph\">Il suo prossimo film Magari un\u2019altra volta, che uscir\u00e0 nelle sale il 27 gennaio per Medusa e lo vede nuovamente in scena con Aldo Baglio e Giovanni Storti, sar\u00e0 diretto da Tobia Passigato, 35 anni: \u00ab<b>Ho fiducia nei giovani, fuori dalla retorica<\/b>. \u00c8 tutto giovane il team con cui faccio il Poretcast, il mio format di interviste. Mi hanno proibito di rispondere ai commenti negativi che ci sono sempre e io posso sfogarmi una sola volta al mese. La prima regola era incontrare persone lontanissime da me: cos\u00ec il primo anno ho finito per intervistare solo rapper. Dopo aver riaperto due spazi a Milano, l\u2019Oscar e il Teatro degli Angeli, con gli amici Luca Doninelli e Gabriele Allevi e il sostegno le nostre compagne, <b>ora il sogno \u00e8 formare una compagnia teatrale<\/b>\u00bb. Pi\u00f9 fiducia di cos\u00ec.<\/p>\n<p class=\"is-last-update\" datetime=\"2026-09-04T21:16:54+02:00\">4 settembre 2026 ( modifica il 4 settembre 2026 | 21:16)<\/p>\n<p class=\"is-copyright\">\n            \u00a9 RIPRODUZIONE RISERVATA\n        <\/p>\n","protected":false},"excerpt":{"rendered":"di Sara D&#8217;Ascenzo L&#8217;attrice, alla Mostra con due film, e l&#8217;attore intervistati dal direttore del \u00abCorriere\u00bb Luciano Fontana&hellip;\n","protected":false},"author":3,"featured_media":665346,"comment_status":"","ping_status":"","sticky":false,"template":"","format":"standard","meta":{"footnotes":"","_share_on_mastodon":"0"},"categories":[1442],"tags":[149045,2382,2766,3439,366577,366578,640,366579,5146,53371,15858,4864,277,1109,366580,366581,9161,15101,53005,203,3593,366575,366582,454,14920,53011,53012,53013,366583,366584,17772,3688,5500,257276,11405,24668,204,1537,90,89,51836,3418,366576,56256,632,1521,652,209436,4979,7987,128145,635,214,222],"class_list":["post-665345","post","type-post","status-publish","format-standard","has-post-thumbnail","category-film","tag-amelio","tag-attore","tag-bambina","tag-bisogna","tag-bisogna-fiducia","tag-bisogna-fiducia-cinema","tag-cinema","tag-cinema-fiducia","tag-cinema-italiano","tag-cinema-venezia","tag-compagne","tag-corriere","tag-de","tag-direttore","tag-direttore-luciano","tag-direttore-luciano-fontana","tag-elsa","tag-ente","tag-ente-spettacolo","tag-entertainment","tag-fiducia","tag-fiducia-cinema","tag-fiducia-cinema-italiano","tag-film","tag-fondazione","tag-fondazione-ente","tag-fondazione-ente-spettacolo","tag-fontana","tag-fontana-paolo","tag-fontana-paolo-mereghetti","tag-format","tag-fratello","tag-giacomo","tag-giacomo-poretti","tag-gianni","tag-golino","tag-intrattenimento","tag-it","tag-italia","tag-italy","tag-lieto","tag-luciano","tag-luciano-fontana","tag-mereghetti","tag-mostra","tag-movies","tag-paolo","tag-paolo-mereghetti","tag-parole","tag-patto","tag-poretti","tag-regista","tag-spettacolo","tag-venezia"],"share_on_mastodon":{"url":"","error":""},"_links":{"self":[{"href":"https:\/\/www.europesays.com\/it\/wp-json\/wp\/v2\/posts\/665345","targetHints":{"allow":["GET"]}}],"collection":[{"href":"https:\/\/www.europesays.com\/it\/wp-json\/wp\/v2\/posts"}],"about":[{"href":"https:\/\/www.europesays.com\/it\/wp-json\/wp\/v2\/types\/post"}],"author":[{"embeddable":true,"href":"https:\/\/www.europesays.com\/it\/wp-json\/wp\/v2\/users\/3"}],"replies":[{"embeddable":true,"href":"https:\/\/www.europesays.com\/it\/wp-json\/wp\/v2\/comments?post=665345"}],"version-history":[{"count":0,"href":"https:\/\/www.europesays.com\/it\/wp-json\/wp\/v2\/posts\/665345\/revisions"}],"wp:featuredmedia":[{"embeddable":true,"href":"https:\/\/www.europesays.com\/it\/wp-json\/wp\/v2\/media\/665346"}],"wp:attachment":[{"href":"https:\/\/www.europesays.com\/it\/wp-json\/wp\/v2\/media?parent=665345"}],"wp:term":[{"taxonomy":"category","embeddable":true,"href":"https:\/\/www.europesays.com\/it\/wp-json\/wp\/v2\/categories?post=665345"},{"taxonomy":"post_tag","embeddable":true,"href":"https:\/\/www.europesays.com\/it\/wp-json\/wp\/v2\/tags?post=665345"}],"curies":[{"name":"wp","href":"https:\/\/api.w.org\/{rel}","templated":true}]}}