{"id":665370,"date":"2026-09-04T22:30:16","date_gmt":"2026-09-04T22:30:16","guid":{"rendered":"https:\/\/www.europesays.com\/it\/665370\/"},"modified":"2026-09-04T22:30:16","modified_gmt":"2026-09-04T22:30:16","slug":"como-loro-di-fabregas-fab-four-e-panchina-lunga-il-tricolore-non-e-unutopia","status":"publish","type":"post","link":"https:\/\/www.europesays.com\/it\/665370\/","title":{"rendered":"Como, l&#8217;oro di Fabregas: Fab Four e panchina lunga, il tricolore non \u00e8 un&#8217;utopia"},"content":{"rendered":"<p>La curiosit\u00e0 per l\u2019esordio europeo del Como fa il paio con il domandone d\u2019attualit\u00e0 nei bar sport italiani: <strong>pu\u00f2 il Como lottare per lo scudetto? <\/strong>La squadra che nella scorsa stagione ha soffiato in volata la Champions a Milan e Juventus\u00a0sul mercato si \u00e8 notevolmente rinforzata. I 16 punti di distacco dal\u2019Inter del torneo 2025-26 &#8211; con gli arrivi tra gli altri di Kean, Ricci, Chalobah e Liberali &#8211; sulla carta sono sicuramente diminuiti. Qualche ingenuit\u00e0 difensiva (Ramon e Chalobah colpevoli sul gol del Genoa, Butez non sempre irreprensibile nelle uscite alte), ma per il resto la macchina lariana \u00e8 oliata: Perrone e Da Cunha danno fluidit\u00e0 al gioco, l\u00e0 davanti i Fab Four Diao-Paz-Baturina-Duvikas (con Kean in costante agguato\u2026) fanno paura. <strong>E adesso Cesc Fabregas ha anche una panchina lunga<\/strong>. Per sognare in Europa e provare il miracolo (tricolore) in Italia.<\/p>\n","protected":false},"excerpt":{"rendered":"La curiosit\u00e0 per l\u2019esordio europeo del Como fa il paio con il domandone d\u2019attualit\u00e0 nei bar sport italiani:&hellip;\n","protected":false},"author":3,"featured_media":665371,"comment_status":"","ping_status":"","sticky":false,"template":"","format":"standard","meta":{"footnotes":"","_share_on_mastodon":"0"},"categories":[1452],"tags":[721,1740,1537,90,89,1739,245,244],"class_list":["post-665370","post","type-post","status-publish","format-standard","has-post-thumbnail","category-calcio","tag-calcio","tag-football","tag-it","tag-italia","tag-italy","tag-soccer","tag-sport","tag-sports"],"share_on_mastodon":{"url":"https:\/\/pubeurope.com\/@it\/117215142082461243","error":""},"_links":{"self":[{"href":"https:\/\/www.europesays.com\/it\/wp-json\/wp\/v2\/posts\/665370","targetHints":{"allow":["GET"]}}],"collection":[{"href":"https:\/\/www.europesays.com\/it\/wp-json\/wp\/v2\/posts"}],"about":[{"href":"https:\/\/www.europesays.com\/it\/wp-json\/wp\/v2\/types\/post"}],"author":[{"embeddable":true,"href":"https:\/\/www.europesays.com\/it\/wp-json\/wp\/v2\/users\/3"}],"replies":[{"embeddable":true,"href":"https:\/\/www.europesays.com\/it\/wp-json\/wp\/v2\/comments?post=665370"}],"version-history":[{"count":0,"href":"https:\/\/www.europesays.com\/it\/wp-json\/wp\/v2\/posts\/665370\/revisions"}],"wp:featuredmedia":[{"embeddable":true,"href":"https:\/\/www.europesays.com\/it\/wp-json\/wp\/v2\/media\/665371"}],"wp:attachment":[{"href":"https:\/\/www.europesays.com\/it\/wp-json\/wp\/v2\/media?parent=665370"}],"wp:term":[{"taxonomy":"category","embeddable":true,"href":"https:\/\/www.europesays.com\/it\/wp-json\/wp\/v2\/categories?post=665370"},{"taxonomy":"post_tag","embeddable":true,"href":"https:\/\/www.europesays.com\/it\/wp-json\/wp\/v2\/tags?post=665370"}],"curies":[{"name":"wp","href":"https:\/\/api.w.org\/{rel}","templated":true}]}}