{"id":665402,"date":"2026-09-04T22:57:15","date_gmt":"2026-09-04T22:57:15","guid":{"rendered":"https:\/\/www.europesays.com\/it\/665402\/"},"modified":"2026-09-04T22:57:15","modified_gmt":"2026-09-04T22:57:15","slug":"real-madrid-battuto-dal-betis-siviglia-cade-mourinho","status":"publish","type":"post","link":"https:\/\/www.europesays.com\/it\/665402\/","title":{"rendered":"Real Madrid battuto dal Betis Siviglia. Cade Mourinho"},"content":{"rendered":"<p>                                Primo ko in campionato per i blancos dello Special One, marted\u00ec avversari dei nerazzurri in Champions. A Siviglia la decide all&#8217;81&#8217; Parrott, poi caldissimo finale con rete annullata a Espi e il francese che sbaglia dal dischetto. Il Bar\u00e7a pu\u00f2 gi\u00e0 scappare<\/p>\n<p class=\"paragraph\" spellcheck=\"true\">Una caduta che far\u00e0 rumore, in vista del debutto in Champions di marted\u00ec con l\u2019Inter. Dopo 3 vittorie su 3 in questo avvio di Liga il Real Madrid di Mourinho \u00e8 caduto 1-0 a Siviglia col Betis con 3 legni, un gol annullato all\u201987\u2019 a Carlos Esp\u00ec per fuorigioco e un rigore parato a Mbapp\u00e9 al 94\u2019 con possibile ripetizione per l\u2019ingresso prematuro in area di Bartra vagliata dal Var e poi scartata, ma il difensore ex Bar\u00e7a \u00e8 dentro i 16 metri quando il francese calcia malamente offrendo il miracolo ad Alvaro Valle, che poi gli festeggia in faccia in maniera scomposta. Mourinho era gi\u00e0 stato ammonito in precedenza e si \u00e8 trattenuto. E avr\u00e0 modo di pensare alle casualit\u00e0 della vita: a condannare il Madrid \u00e8 stato l\u2019irlandese Troy Parrott, che quando aveva 17 anni, fine 2019, debutt\u00f2 in prima squadra col Tottenham per mano dello Special One, che a fine partita gli regal\u00f2 un pallone del match. Parrott era entrato 12 minuti prima al posto del \u2018Cucho\u2019 Hernandez. Il Madrid arriva a 5 trasferte consecutive di Liga col Betis senza vittorie, e tra oggi e domani pu\u00f2 essere superato dall\u2019Atletico (impegnato a Bilbao) e staccato dal Bar\u00e7a (in campo a Mestalla).<\/p>\n<p>        le scelte di mourinho\u2014 \u00a0<\/p>\n<p class=\"paragraph\" spellcheck=\"true\">Analizziamo le scelte di Mou in vista della partita con l\u2019Inter. Stesso 11 nelle prime due partite, 5 cambi per la terza. In questa quarta prova sono tornati titolari Dumfries, Konat\u00e9 e Arda Guler, che si portano quindi sul 3-1 su Alexander-Arnold, Rudiger e Brahim, mentre pareggiano il conto, 2-2, Camavinga e Bernardo Silva e Cucurella e Carreras. I titolarissimi sono 6: Courtois, Huijsen, Valverde e il trio delle meraviglie Bellingham, Vinicius e Mbapp\u00e9, assai appannati. Mai titolare finora il carissimo Diomande. Ricordiamo che il Madrid ha 7 assenti: Tchouameni, Militao, Rodrygo, Endrick, Asencio, Mendy e Thiago Pitarch. Per quanto riguarda la partita con l\u2019Inter pu\u00f2 recuperare solo il primo, e sar\u00e0 fondamentale perch\u00e9 Valverde, Camavinga e Bernardo Silva sono tutti squalificati.<\/p>\n<p><a class=\"is-partner-link\" href=\"https:\/\/fantacampionato.gazzetta.it\/?intcmp=FC2627_CTArticolo2627\" rel=\"nofollow noopener\" target=\"_blank\">Sfida l&#8217;Italia intera con Fantacampionato: la classifica generale parte alla sesta giornata, gioca ora!<\/a><\/p>\n<p>        mbapp\u00e8, che errore\u2014 \u00a0<\/p>\n<p class=\"paragraph\" spellcheck=\"true\">Il Madrid, guidato da un ispiratissimo Arda Guler, come nelle prime 3 uscite ha iniziato controllando la gara imponendo la sua superiorit\u00e0 qualitativa e tecnica senza problemi, con il Betis preoccupato, chiuso e incapace di portare il pallone a Isco ed Antony, gli unici in grado di impensierire l\u2019avversario. La squadra di Pellegrini \u00e8 migliorata a met\u00e0 della prima frazione, ma \u00e8 andata al riposo senza incassare gol solo per la perizia del portiere Alvaro Valles (tre belle parate) e la scarsa precisione di Vinicius, che con poco angolo ma a porta vuota ha preso il palo, e Mbapp\u00e9, che in un paio di secondi ha sparato contro Natan e Bartra due conclusioni destinate a miglior sorte. Nella ripresa l\u2019uscita di Arda Guler, che ha rischiato di essere espulso, ha tolto luce al Madrid che per\u00f2 pur abbassando il ritmo ha colpito due traverse con Huijsen e Mbapp\u00e9, ha visto Alvaro Valle fare altre due grandi parate prima del rigore finale. I Blancos sono stati trafitti da Parrott all\u201981\u2019: miracolo di Courtois su un colpo di testa di Deossa su calcio d\u2019angolo, l&#8217;irlandese rapidissimo al rimbalzo e decisivo. Il Real complessivamente ha pi\u00f9 che meritato il pari, se non la vittoria, ma torna a Madrid senza punti con Mou pieno di rabbia al termine di una serata bollente, per temperatura e decisioni arbitrali.<\/p>\n<p class=\"is-copyright\">\u00a9 RIPRODUZIONE RISERVATA<\/p>\n","protected":false},"excerpt":{"rendered":"Primo ko in campionato per i blancos dello Special One, marted\u00ec avversari dei nerazzurri in Champions. A Siviglia&hellip;\n","protected":false},"author":3,"featured_media":665403,"comment_status":"","ping_status":"","sticky":false,"template":"","format":"standard","meta":{"footnotes":"","_share_on_mastodon":"0"},"categories":[1452],"tags":[85081,366597,3186,92091,92092,4119,366598,36829,178963,19464,107629,721,89438,366599,366600,1969,92095,1426,1740,3368,1976,92096,11371,350,47322,1537,90,89,34106,5382,1427,56030,19769,110205,6048,30629,1955,15608,366596,1290,366601,4425,11377,3242,39948,1739,245,244],"class_list":["post-665402","post","type-post","status-publish","format-standard","has-post-thumbnail","category-calcio","tag-alvaro","tag-alvaro-valle","tag-angolo","tag-arda","tag-arda-guler","tag-barca","tag-bartra","tag-bernardo","tag-bernardo-silva","tag-betis","tag-blancos","tag-calcio","tag-camavinga","tag-camavinga-bernardo","tag-camavinga-bernardo-silva","tag-champions","tag-courtois","tag-finale","tag-football","tag-francese","tag-gol","tag-guler","tag-huijsen","tag-inter","tag-irlandese","tag-it","tag-italia","tag-italy","tag-liga","tag-madrid","tag-martedi","tag-mbappe","tag-miracolo","tag-mou","tag-mourinho","tag-one","tag-pallone","tag-parate","tag-parrott","tag-partita","tag-partita-inter","tag-prime","tag-real","tag-rigore","tag-sbaglia","tag-soccer","tag-sport","tag-sports"],"share_on_mastodon":{"url":"","error":"Validation failed: Text character limit of 500 exceeded"},"_links":{"self":[{"href":"https:\/\/www.europesays.com\/it\/wp-json\/wp\/v2\/posts\/665402","targetHints":{"allow":["GET"]}}],"collection":[{"href":"https:\/\/www.europesays.com\/it\/wp-json\/wp\/v2\/posts"}],"about":[{"href":"https:\/\/www.europesays.com\/it\/wp-json\/wp\/v2\/types\/post"}],"author":[{"embeddable":true,"href":"https:\/\/www.europesays.com\/it\/wp-json\/wp\/v2\/users\/3"}],"replies":[{"embeddable":true,"href":"https:\/\/www.europesays.com\/it\/wp-json\/wp\/v2\/comments?post=665402"}],"version-history":[{"count":0,"href":"https:\/\/www.europesays.com\/it\/wp-json\/wp\/v2\/posts\/665402\/revisions"}],"wp:featuredmedia":[{"embeddable":true,"href":"https:\/\/www.europesays.com\/it\/wp-json\/wp\/v2\/media\/665403"}],"wp:attachment":[{"href":"https:\/\/www.europesays.com\/it\/wp-json\/wp\/v2\/media?parent=665402"}],"wp:term":[{"taxonomy":"category","embeddable":true,"href":"https:\/\/www.europesays.com\/it\/wp-json\/wp\/v2\/categories?post=665402"},{"taxonomy":"post_tag","embeddable":true,"href":"https:\/\/www.europesays.com\/it\/wp-json\/wp\/v2\/tags?post=665402"}],"curies":[{"name":"wp","href":"https:\/\/api.w.org\/{rel}","templated":true}]}}