{"id":665456,"date":"2026-09-04T23:35:16","date_gmt":"2026-09-04T23:35:16","guid":{"rendered":"https:\/\/www.europesays.com\/it\/665456\/"},"modified":"2026-09-04T23:35:16","modified_gmt":"2026-09-04T23:35:16","slug":"trump-fed-tagli-i-tassi-o-stop-agli-scambi-con-i-paesi-con-cui-abbiamo-deficit","status":"publish","type":"post","link":"https:\/\/www.europesays.com\/it\/665456\/","title":{"rendered":"Trump, Fed tagli i tassi o stop agli scambi con i Paesi con cui abbiamo deficit"},"content":{"rendered":"<p>Ennesimo scontro tra Donald Trump e la Fed. Se la Federal Reserve System, la banca centrale degli Stati Uniti, non taglia i tassi di interesse, il presidente americano bloccher\u00e0 gli scambi commerciali con i Paesi con cui gli Usa hanno un deficit. La minaccia di Donald Trump arriva con un post sul social Truth. &#8220;Abbassate i tassi o smetter\u00f2 di commerciare con i Paesi con cui abbiamo un deficit, una facolt\u00e0 che la Corte Suprema, nella sua ridicola sentenza sui dazi, ha riconosciuto spettare di diritto assoluto al Presidente. \u00c8 meglio dei dazi!&#8221;, ha scritto il presidente repubblicano. &#8220;Il board della Fed, con il suo nuovo grande leader, deve agire con intelligenza: siate patrioti, per una volta. I tassi di interesse elevati &#8211; ha ribadito Trump &#8211; mettono gli Stati Uniti in una posizione di svantaggio estremamente ingiusta, e non permetter\u00f2 che ci\u00f2 accada&#8221;.<\/p>\n<p>\t\t \tTrump: \u201cDati su occupazione eccellenti\u201d<\/p>\n<p>Oltre a esortare la Fed a tagliare i tassi di interesse, su Truth il presidente Trump ha lodato gli \u201ceccellenti\u201d dati sul mercato del lavoro americano di agosto. &#8220;Appena annunciati dati sull&#8217;occupazione eccellenti: hanno superato tutte le stime (tranne la mia!) di due o tre volte&#8230; e non avete ancora visto nulla! Ad agosto sono stati creati 162.000 posti di lavoro\u201d. Poi la frecciata alla Fed: \u201cAbbassate i tassi di interesse, perch\u00e9 gli Stati Uniti sono un debitore molto pi\u00f9 solido rispetto a poco tempo fa! Un paese forte significa tassi di interesse pi\u00f9 bassi. \u00c8 semplicissimo! Dovremmo avere i tassi pi\u00f9 bassi del mondo, come ai &#8220;vecchi tempi\u201d.<\/p>\n<p>\t\t\t<a class=\"c-inline-card j-inline-card c-inline-card--with-image\" href=\"https:\/\/tg24.sky.it\/economia\/video\/2026\/08\/28\/economia-usa-warsh-fed-inflazione-resta-troppo-elevata-1120451\" rel=\"follow nofollow noopener\" data-intcmp=\"skytg24_articolo_approfondimenti_inline\" target=\"_blank\"><\/p>\n<p>\t\t\t         <img decoding=\"async\" crossorigin=\"anonymous\" alt=\"\"  loading=\"lazy\"  src=\"https:\/\/www.europesays.com\/it\/wp-content\/uploads\/2026\/09\/1120451_1787930686036_thumb_494.0000001_1787932270900.jpg\"\/><\/p>\n<p>\n\t\t\t         Leggi anche<br \/>\n\t\t\t         Economia Usa, Warsh (Fed): inflazione resta troppo elevata\n\t\t\t      <\/p>\n<p>\t\t\t<\/a><\/p>\n","protected":false},"excerpt":{"rendered":"Ennesimo scontro tra Donald Trump e la Fed. Se la Federal Reserve System, la banca centrale degli Stati&hellip;\n","protected":false},"author":3,"featured_media":665457,"comment_status":"","ping_status":"","sticky":false,"template":"","format":"standard","meta":{"footnotes":"","_share_on_mastodon":"0"},"categories":[172],"tags":[178,177,364,206,3723,1537,90,89,46129,410],"class_list":["post-665456","post","type-post","status-publish","format-standard","has-post-thumbnail","category-affari","tag-affari","tag-business","tag-collaboratori","tag-donald-trump","tag-fed","tag-it","tag-italia","tag-italy","tag-trump-presidente","tag-usa"],"share_on_mastodon":{"url":"https:\/\/pubeurope.com\/@it\/117215398622291687","error":""},"_links":{"self":[{"href":"https:\/\/www.europesays.com\/it\/wp-json\/wp\/v2\/posts\/665456","targetHints":{"allow":["GET"]}}],"collection":[{"href":"https:\/\/www.europesays.com\/it\/wp-json\/wp\/v2\/posts"}],"about":[{"href":"https:\/\/www.europesays.com\/it\/wp-json\/wp\/v2\/types\/post"}],"author":[{"embeddable":true,"href":"https:\/\/www.europesays.com\/it\/wp-json\/wp\/v2\/users\/3"}],"replies":[{"embeddable":true,"href":"https:\/\/www.europesays.com\/it\/wp-json\/wp\/v2\/comments?post=665456"}],"version-history":[{"count":0,"href":"https:\/\/www.europesays.com\/it\/wp-json\/wp\/v2\/posts\/665456\/revisions"}],"wp:featuredmedia":[{"embeddable":true,"href":"https:\/\/www.europesays.com\/it\/wp-json\/wp\/v2\/media\/665457"}],"wp:attachment":[{"href":"https:\/\/www.europesays.com\/it\/wp-json\/wp\/v2\/media?parent=665456"}],"wp:term":[{"taxonomy":"category","embeddable":true,"href":"https:\/\/www.europesays.com\/it\/wp-json\/wp\/v2\/categories?post=665456"},{"taxonomy":"post_tag","embeddable":true,"href":"https:\/\/www.europesays.com\/it\/wp-json\/wp\/v2\/tags?post=665456"}],"curies":[{"name":"wp","href":"https:\/\/api.w.org\/{rel}","templated":true}]}}