{"id":665491,"date":"2026-09-05T00:03:16","date_gmt":"2026-09-05T00:03:16","guid":{"rendered":"https:\/\/www.europesays.com\/it\/665491\/"},"modified":"2026-09-05T00:03:16","modified_gmt":"2026-09-05T00:03:16","slug":"inviati-europei-al-congresso-di-farage-nuovo-scandalo-sui-fondi-a-reform-uk","status":"publish","type":"post","link":"https:\/\/www.europesays.com\/it\/665491\/","title":{"rendered":"Inviati europei al congresso di Farage. Nuovo scandalo sui fondi a Reform Uk"},"content":{"rendered":"<p>    di<br \/>\n    Luigi Ippolito<\/p>\n<p class=\"summary-art is-line-h-12\">Funzionari italiani alla kermesse di Birmingham, mentre il partito \u00e8 sotto accusa. Presenti anche Germania e Spagna (ma non la Francia)<\/p>\n<p class=\"chapter-paragraph\">DAL NOSTRO CORRISPONDENTE<br \/>LONDRA &#8211; Le diplomazie europee cominciano a prendere le misure di <a href=\"https:\/\/www.corriere.it\/esteri\/26_agosto_14\/nigel-farage-rieletto-deputato-con-oltre-22-mila-voti-battuto-mr-spazzatura-6ade8344-693e-4e8b-946c-319c7ec27xlk.shtml\" rel=\"nofollow noopener\" target=\"_blank\">Nigel Farage<\/a>  e del suo partito, Reform: <b>al congresso di Birmingham in corso in questi giorni diverse ambasciate hanno inviato per la prima volta i loro funzionari politici<\/b>, un segno che la formazione    della destra populista britannica \u00e8 ormai considerata un attore significativo che non si pu\u00f2 pi\u00f9 ignorare. <b>Fra i Paesi presenti ci sono l\u2019Italia, la Germania e la Spagna (ma non la Francia)<\/b>. \u00c8 prassi comune che ai congressi dei laburisti e dei conservatori vadano i rappresentanti diplomatici europei, in certi casi perfino gli ambasciatori: per Farage      non ci si \u00e8 spinti a questo livello di ufficialit\u00e0, ma comunque si \u00e8 deciso di stabilire un rapporto per tastare direttamente il polso di Reform e magari far filtrare le posizioni europee.<\/p>\n<p class=\"chapter-paragraph\">\u00c8 un interesse che rischia per\u00f2 di essere un po\u2019 tardivo: il partito di Farage  si vede ormai scavalcato nei sondaggi dai laburisti ringalluzziti dalla popolarit\u00e0 del nuovo premier, Andy Burnham, mentre il tribuno della destra populista \u00e8 assediato dagli scandali. <b>Se fino a pochi mesi la prospettiva  di vedere Farage a Downing Street appariva realistica<\/b>, adesso gli scommettitori inglesi danno addirittura per probabile che il leader di Reform abbandoni la politica entro l\u2019anno prossimo. A far scoppiare la bolla faragista \u00e8 stata una serie di rivelazioni sulle finanze del leader  e del partito: e l\u2019ultimo scandalo \u00e8 deflagrato proprio alla vigilia del congresso, finendo per deragliarne l\u2019agenda. <b>Gioved\u00ec sera Channel 4 ha mandato in onda un\u2019inchiesta in cui si vedono dei giornalisti che, spacciandosi per uomini d\u2019affari americani, convincono due stretti consiglieri di Farage ad accettare finanziamenti illegali.<\/b> Lo stesso Farage \u00e8 poi andato a pranzo con i finti businessmen.    &#13;<br \/>\n&#13;<br \/>\n&#13;<br \/>\n&#13;<br \/>\n&#13;<br \/>\n&#13;<br \/>\n&#13;<br \/>\n&#13;<br \/>\n&#13;<br \/>\n&#13;<br \/>\n&#13;<br \/>\n&#13;<br \/>\n&#13;<br \/>\n&#13;<br \/>\n&#13;<br \/>\n&#13;<br \/>\n&#13;<br \/>\n&#13;<br \/>\n&#13;<br \/>\n&#13;<br \/>\n&#13;<br \/>\n&#13;<br \/>\n&#13;<br \/>\n&#13;<br \/>\n&#13;<br \/>\n&#13;<br \/>\n&#13;<br \/>\n&#13;<br \/>\n&#13;<br \/>\n&#13;<br \/>\n&#13;<br \/>\n&#13;<br \/>\n&#13;<br \/>\n&#13;<br \/>\n&#13;<br \/>\n&#13;<br \/>\n&#13;<br \/>\n&#13;<br \/>\n&#13;<br \/>\n&#13;<br \/>\n&#13;<br \/>\n&#13;<br \/>\n&#13;<br \/>\n&#13;<br \/>\n&#13;<br \/>\n&#13;<br \/>\n&#13;<br \/>\n&#13;<br \/>\n&#13;<br \/>\n&#13;<br \/>\n&#13;<br \/>\n&#13;<br \/>\n&#13;\n<\/p>\n<p class=\"chapter-paragraph\">La prima reazione da parte di Reform \u00e8 stata furiosa e si \u00e8 gridato al solito complotto dell\u2019establishment: <b>ma poi i due consiglieri di Farage sono stati sospesi dal partito, anche se il leader ha insistito che \u00abnessuna legge \u00e8 stata violata\u00bb<\/b>. Ma intanto i laburisti hanno denunciato Reform alla polizia, che ha fatto sapere che si occuper\u00e0 del caso. <a href=\"https:\/\/www.corriere.it\/esteri\/26_maggio_21\/farage-misterioso-donatore-5-milioni-nascosti-criptovalute-inchiesta-1c9b94a6-0437-44ce-9f5b-e7a85130cxlk.shtml\" rel=\"nofollow noopener\" target=\"_blank\">Lo stesso Farage \u00e8 gi\u00e0 oggetto di una inchiesta parlamentare            per la donazione personale di 5 milioni di sterline<\/a> (quasi 6 milioni di euro), ricevuta da   un miliardario britannico residente in Thailandia, re delle criptovalute, che il leader della destra populista ha omesso di dichiarare. <b>E un\u2019altra inchiesta potrebbe essere lanciata sui favori ricevuti da un giovane aristocratico  gi\u00e0 condannato per frode negli Stati Uniti<\/b>. Per finire, la polizia ha messo sotto la lente le finanze opache del partito.<\/p>\n<p class=\"chapter-paragraph\">Nel tentativo di deflettere gli scandali, Farage aveva fatto in estate una mossa a sorpresa: <a href=\"https:\/\/www.corriere.it\/esteri\/26_agosto_10\/nigel-farage-mr-spazzatura-00f12edd-e4f8-48bf-a7eb-589f1edc3xlk.shtml\" rel=\"nofollow noopener\" target=\"_blank\">si era dimesso da deputato per ricandidarsi nel suo stesso seggio, in modo da farsi \u00abgiudicare dal popolo\u00bb<\/a>. Ma   il trucco si \u00e8 rivelato un boomerang: gli altri partiti hanno rifiutato di correre e Farage si \u00e8 ritrovato come principale avversario Count Binface, <b>un comico vestito da supereroe con un bidone della spazzatura sulla testa<\/b>. Farage \u00e8 stato rieletto, ma il tutto era ormai degenerato in farsa: e gli interrogativi sono rimasti l\u00ec.<\/p>\n<p class=\"is-last-update\" datetime=\"2026-09-04T22:53:32+02:00\">4 settembre 2026 ( modifica il 4 settembre 2026 | 22:53)<\/p>\n<p class=\"is-copyright\">\n            \u00a9 RIPRODUZIONE RISERVATA\n        <\/p>\n","protected":false},"excerpt":{"rendered":"di Luigi Ippolito Funzionari italiani alla kermesse di Birmingham, mentre il partito \u00e8 sotto accusa. Presenti anche Germania&hellip;\n","protected":false},"author":3,"featured_media":665492,"comment_status":"","ping_status":"","sticky":false,"template":"","format":"standard","meta":{"footnotes":"","_share_on_mastodon":"0"},"categories":[160],"tags":[54819,366625,366626,2930,13104,1416,366622,14,164,165,3177,108803,3766,1727,2097,62672,6783,4300,6936,3044,214780,366623,51,61275,381,166,7,15,133,29,531,99322,3790,130957,21214,7812,6059,366624,11,167,12,168,161,162,163],"class_list":["post-665491","post","type-post","status-publish","format-standard","has-post-thumbnail","category-mondo","tag-abbandoni","tag-abbandoni-politica","tag-abbandoni-politica-entro","tag-birmingham","tag-congresso","tag-consiglieri","tag-consiglieri-farage","tag-cronaca","tag-dal-mondo","tag-dalmondo","tag-destra","tag-destra-populista","tag-europee","tag-europei","tag-far","tag-farage","tag-finanze","tag-francia","tag-funzionari","tag-germania","tag-germania-spagna","tag-germania-spagna-francia","tag-inchiesta","tag-laburisti","tag-leader","tag-mondo","tag-news","tag-notizie","tag-ormai","tag-partito","tag-polizia","tag-populista","tag-presenti","tag-reform","tag-scandali","tag-scandalo","tag-spagna","tag-spagna-francia","tag-ultime-notizie","tag-ultime-notizie-di-mondo","tag-ultimenotizie","tag-ultimenotiziedimondo","tag-world","tag-world-news","tag-worldnews"],"share_on_mastodon":{"url":"","error":"Validation failed: Text character limit of 500 exceeded"},"_links":{"self":[{"href":"https:\/\/www.europesays.com\/it\/wp-json\/wp\/v2\/posts\/665491","targetHints":{"allow":["GET"]}}],"collection":[{"href":"https:\/\/www.europesays.com\/it\/wp-json\/wp\/v2\/posts"}],"about":[{"href":"https:\/\/www.europesays.com\/it\/wp-json\/wp\/v2\/types\/post"}],"author":[{"embeddable":true,"href":"https:\/\/www.europesays.com\/it\/wp-json\/wp\/v2\/users\/3"}],"replies":[{"embeddable":true,"href":"https:\/\/www.europesays.com\/it\/wp-json\/wp\/v2\/comments?post=665491"}],"version-history":[{"count":0,"href":"https:\/\/www.europesays.com\/it\/wp-json\/wp\/v2\/posts\/665491\/revisions"}],"wp:featuredmedia":[{"embeddable":true,"href":"https:\/\/www.europesays.com\/it\/wp-json\/wp\/v2\/media\/665492"}],"wp:attachment":[{"href":"https:\/\/www.europesays.com\/it\/wp-json\/wp\/v2\/media?parent=665491"}],"wp:term":[{"taxonomy":"category","embeddable":true,"href":"https:\/\/www.europesays.com\/it\/wp-json\/wp\/v2\/categories?post=665491"},{"taxonomy":"post_tag","embeddable":true,"href":"https:\/\/www.europesays.com\/it\/wp-json\/wp\/v2\/tags?post=665491"}],"curies":[{"name":"wp","href":"https:\/\/api.w.org\/{rel}","templated":true}]}}