{"id":665516,"date":"2026-09-05T00:26:14","date_gmt":"2026-09-05T00:26:14","guid":{"rendered":"https:\/\/www.europesays.com\/it\/665516\/"},"modified":"2026-09-05T00:26:14","modified_gmt":"2026-09-05T00:26:14","slug":"dengue-a-resana-disinfestazione-straordinaria-dopo-un-caso-importato-dallo-sri-lanka","status":"publish","type":"post","link":"https:\/\/www.europesays.com\/it\/665516\/","title":{"rendered":"Dengue a Resana: disinfestazione straordinaria dopo un caso importato dallo Sri Lanka"},"content":{"rendered":"<p>Una donna residente a Resana, nel trevigiano, \u00e8 stata ricoverata all&#8217;unit\u00e0 operativa di malattie infettive dell&#8217;ospedale di Treviso dopo aver contratto la dengue durante un viaggio in Sri Lanka, paese in cui la malattia \u00e8 endemica. Lo comunica l&#8217;Ulss 2, che ha attivato le procedure di disinfestazione straordinaria nell&#8217;area attorno all&#8217;abitazione della paziente.<\/p>\n<p>La donna era rientrata in Italia il 23 agosto e aveva manifestato i primi sintomi il 28 agosto. Gioved\u00ec 3 settembre, a causa dell&#8217;aggravarsi della sintomatologia, si \u00e8 recata dal medico. Con questo caso salgono a cinque i casi confermati di dengue di importazione segnalati nell&#8217;Ulss 2 nel corso del 2026.<\/p>\n<p>Le misure di disinfestazione<\/p>\n<p>A seguito della segnalazione, il servizio igiene e sanit\u00e0 pubblica (Sisp) dell&#8217;Ulss 2, in collaborazione con il comune di Resana, ha attivato le procedure previste dalla Dgr Veneto n. 273 del 28 aprile 2026. Gli interventi interessano un&#8217;area entro un raggio di 200 metri dall&#8217;abitazione della paziente.<\/p>\n<p>Nel dettaglio, \u00e8 stato predisposto un primo trattamento adulticida nelle prime ore del mattino di domenica 6 settembre, seguito da due ulteriori trattamenti adulticidi nelle prime ore del mattino di luned\u00ec 7 e marted\u00ec 8 settembre. Sono previsti inoltre interventi larvicidi porta a porta nella mattina di luned\u00ec 7 settembre, per individuare e trattare eventuali focolai larvali nelle aree private, e la distribuzione di pastiglie larvicide ai cittadini che ne hanno fatto richiesta.<\/p>\n<p><strong>Come si trasmette la dengue<\/strong><\/p>\n<p>La dengue \u00e8 una malattia infettiva virale trasmessa principalmente dalla puntura di zanzare infette del genere Aedes, diffusa soprattutto nelle aree tropicali e subtropicali del mondo. Non si trasmette normalmente da persona a persona. I sintomi comprendono febbre elevata, forte mal di testa, dolori muscolari e articolari e marcata stanchezza; in alcuni casi anche nausea, vomito, eruzioni cutanee o manifestazioni emorragiche. Nella maggior parte dei casi la malattia si risolve spontaneamente, ma alcune forme possono evolvere in dengue grave, rendendo necessario il ricovero.<\/p>\n<p><strong>L&#8217;appello ai cittadini<\/strong><\/p>\n<p>L&#8217;Ulss 2 invita i cittadini a collaborare evitando la formazione di ristagni d&#8217;acqua in giardini, terrazzi e cortili, eliminando o svuotando regolarmente i contenitori che possono raccogliere acqua, seguendo le indicazioni degli operatori durante gli interventi e consentendo l&#8217;accesso alle aree private per l&#8217;individuazione e il trattamento degli eventuali focolai larvali.<\/p>\n","protected":false},"excerpt":{"rendered":"Una donna residente a Resana, nel trevigiano, \u00e8 stata ricoverata all&#8217;unit\u00e0 operativa di malattie infettive dell&#8217;ospedale di Treviso&hellip;\n","protected":false},"author":3,"featured_media":654708,"comment_status":"","ping_status":"","sticky":false,"template":"","format":"standard","meta":{"footnotes":"","_share_on_mastodon":"0"},"categories":[175],"tags":[24071,23404,239,1537,90,89,240,226659],"class_list":["post-665516","post","type-post","status-publish","format-standard","has-post-thumbnail","category-salute","tag-dengue","tag-disinfestazione","tag-health","tag-it","tag-italia","tag-italy","tag-salute","tag-zanzara-tigre"],"share_on_mastodon":{"url":"https:\/\/pubeurope.com\/@it\/117215598138892035","error":""},"_links":{"self":[{"href":"https:\/\/www.europesays.com\/it\/wp-json\/wp\/v2\/posts\/665516","targetHints":{"allow":["GET"]}}],"collection":[{"href":"https:\/\/www.europesays.com\/it\/wp-json\/wp\/v2\/posts"}],"about":[{"href":"https:\/\/www.europesays.com\/it\/wp-json\/wp\/v2\/types\/post"}],"author":[{"embeddable":true,"href":"https:\/\/www.europesays.com\/it\/wp-json\/wp\/v2\/users\/3"}],"replies":[{"embeddable":true,"href":"https:\/\/www.europesays.com\/it\/wp-json\/wp\/v2\/comments?post=665516"}],"version-history":[{"count":0,"href":"https:\/\/www.europesays.com\/it\/wp-json\/wp\/v2\/posts\/665516\/revisions"}],"wp:featuredmedia":[{"embeddable":true,"href":"https:\/\/www.europesays.com\/it\/wp-json\/wp\/v2\/media\/654708"}],"wp:attachment":[{"href":"https:\/\/www.europesays.com\/it\/wp-json\/wp\/v2\/media?parent=665516"}],"wp:term":[{"taxonomy":"category","embeddable":true,"href":"https:\/\/www.europesays.com\/it\/wp-json\/wp\/v2\/categories?post=665516"},{"taxonomy":"post_tag","embeddable":true,"href":"https:\/\/www.europesays.com\/it\/wp-json\/wp\/v2\/tags?post=665516"}],"curies":[{"name":"wp","href":"https:\/\/api.w.org\/{rel}","templated":true}]}}