{"id":665545,"date":"2026-09-05T00:53:20","date_gmt":"2026-09-05T00:53:20","guid":{"rendered":"https:\/\/www.europesays.com\/it\/665545\/"},"modified":"2026-09-05T00:53:20","modified_gmt":"2026-09-05T00:53:20","slug":"dalla-fedelta-alle-parole-al-miele-di-amorim-3-curiosita-su-braganca","status":"publish","type":"post","link":"https:\/\/www.europesays.com\/it\/665545\/","title":{"rendered":"Dalla fedelt\u00e0 alle parole al miele di Amorim: 3 curiosit\u00e0 su Bragan\u00e7a"},"content":{"rendered":"<p class=\"font-bold md:hidden text-ink leading-[22px]\">\n            1 di 4\n        <\/p>\n<p>                    <a href=\"https:\/\/www.toronews.net\/toro\/curiosita\/dalla-fedelta-alle-parole-al-miele-di-amorim-tre-curiosita-su-o-mago-braganca\/2\/\" class=\"flex justify-center items-center w-12 h-12 rounded-full cursor-pointer md:px-4 md:w-auto md:h-12 bg-primary-light md:gap-[11px] hover:bg-primary\" aria-label=\"Scheda successiva\" rel=\"nofollow noopener\" target=\"_blank\"><\/p>\n<p>                   Prossima scheda 1 di 4<\/p>\n<p>            <\/a><\/p>\n<p>\nPer capire davvero chi sia Daniel Bragan\u00e7a, forse bisogna partire da molto prima del suo arrivo al Torino. Dal bambino che a otto anni entrava nello Sporting e che, quasi vent&#8217;anni dopo, avrebbe lasciato Lisbona con oltre 150 presenze e tre campionati portoghesi vinti. In mezzo ci sono stati talenti condivisi con Rafael Leao, un&#8217;investitura importante da parte di Ruben Amorim e due gravissimi infortuni al ginocchio. Ecco tre curiosit\u00e0 che raccontano qualcosa in pi\u00f9 del <strong><a style=\"color: #800000;\" href=\"https:\/\/www.toronews.net\/toro\/torino-i-pro-e-contro-di-braganca\/\" rel=\"nofollow noopener\" target=\"_blank\">nuovo centrocampista granata.<\/a><\/strong>\n<\/p>\n<p>        <img src=\"https:\/\/www.europesays.com\/it\/wp-content\/uploads\/2026\/08\/GettyImages-2266613283-b2df35568cb7-1200x947.jpg\"   width=\"2560\" height=\"2020\" alt=\"Sporting Clube de Portugal v FK Bodo\/Glimt - UEFA Champions League 2025\/26 Round of 16 Second Leg\" title=\"Sporting Clube de Portugal v FK Bodo\/Glimt - UEFA Champions League 2025\/26 Round of 16 Second Leg\" loading=\"eager\" fetchpriority=\"high\" decoding=\"sync\" class=\"w-full h-auto aspect-3\/2 object-cover object-top rounded-lg\"\/><\/p>\n<p class=\"font-bold md:hidden text-ink leading-[22px]\">\n            1 di 4\n        <\/p>\n<p>                    <a href=\"https:\/\/www.toronews.net\/toro\/curiosita\/dalla-fedelta-alle-parole-al-miele-di-amorim-tre-curiosita-su-o-mago-braganca\/2\/\" class=\"flex justify-center items-center w-12 h-12 rounded-full cursor-pointer md:px-4 md:w-auto md:h-12 bg-primary-light md:gap-[11px] hover:bg-primary\" aria-label=\"Scheda successiva\" rel=\"nofollow noopener\" target=\"_blank\"><\/p>\n<p>                   Prossima scheda 1 di 4<\/p>\n<p>            <\/a><\/p>\n","protected":false},"excerpt":{"rendered":"1 di 4 Prossima scheda 1 di 4 Per capire davvero chi sia Daniel Bragan\u00e7a, forse bisogna partire&hellip;\n","protected":false},"author":3,"featured_media":653282,"comment_status":"","ping_status":"","sticky":false,"template":"","format":"standard","meta":{"footnotes":"","_share_on_mastodon":"0"},"categories":[176],"tags":[1960,50020,1262,694,360365,721,8230,1902,3153,554,3071,1679,7284,366652,98806,5014,366653,564,366654,366655,11370,1976,299522,366656,2885,99326,366657,6990,1537,90,89,8007,21098,59376,13409,5385,4719,4963,245,4815,244,3726,1641],"class_list":["post-665545","post","type-post","status-publish","format-standard","has-post-thumbnail","category-sport","tag-allenatore","tag-amorim","tag-arrivo","tag-bambino","tag-braganca","tag-calcio","tag-capitano","tag-carriera","tag-centrocampista","tag-club","tag-cresciuto","tag-curiosita","tag-destinazione","tag-destinazione-torino","tag-estoril","tag-fisicamente","tag-footkart","tag-giocatore","tag-giocatore-ingiustamente","tag-giocatore-ingiustamente-trascurato","tag-giovanili","tag-gol","tag-gzn_page_title","tag-gzn_page_title-braganca","tag-infortunio","tag-ingiustamente","tag-ingiustamente-trascurato","tag-iniziato","tag-it","tag-italia","tag-italy","tag-leao","tag-lisbona","tag-mago","tag-origini","tag-pensare","tag-piccoli","tag-qualita","tag-sport","tag-sporting","tag-sports","tag-strada","tag-torino"],"share_on_mastodon":{"url":"","error":"Validation failed: Text character limit of 500 exceeded"},"_links":{"self":[{"href":"https:\/\/www.europesays.com\/it\/wp-json\/wp\/v2\/posts\/665545","targetHints":{"allow":["GET"]}}],"collection":[{"href":"https:\/\/www.europesays.com\/it\/wp-json\/wp\/v2\/posts"}],"about":[{"href":"https:\/\/www.europesays.com\/it\/wp-json\/wp\/v2\/types\/post"}],"author":[{"embeddable":true,"href":"https:\/\/www.europesays.com\/it\/wp-json\/wp\/v2\/users\/3"}],"replies":[{"embeddable":true,"href":"https:\/\/www.europesays.com\/it\/wp-json\/wp\/v2\/comments?post=665545"}],"version-history":[{"count":0,"href":"https:\/\/www.europesays.com\/it\/wp-json\/wp\/v2\/posts\/665545\/revisions"}],"wp:featuredmedia":[{"embeddable":true,"href":"https:\/\/www.europesays.com\/it\/wp-json\/wp\/v2\/media\/653282"}],"wp:attachment":[{"href":"https:\/\/www.europesays.com\/it\/wp-json\/wp\/v2\/media?parent=665545"}],"wp:term":[{"taxonomy":"category","embeddable":true,"href":"https:\/\/www.europesays.com\/it\/wp-json\/wp\/v2\/categories?post=665545"},{"taxonomy":"post_tag","embeddable":true,"href":"https:\/\/www.europesays.com\/it\/wp-json\/wp\/v2\/tags?post=665545"}],"curies":[{"name":"wp","href":"https:\/\/api.w.org\/{rel}","templated":true}]}}