{"id":665548,"date":"2026-09-05T00:55:22","date_gmt":"2026-09-05T00:55:22","guid":{"rendered":"https:\/\/www.europesays.com\/it\/665548\/"},"modified":"2026-09-05T00:55:22","modified_gmt":"2026-09-05T00:55:22","slug":"il-supermodello-fabio-mancini-ricorda-giorgio-armani-il-maestro-che-mi-ha-insegnato-a-camminare-non-solo-sulle-passerelle-ma-anche-nella-vita","status":"publish","type":"post","link":"https:\/\/www.europesays.com\/it\/665548\/","title":{"rendered":"Il supermodello Fabio Mancini ricorda Giorgio Armani: \u00abIl Maestro che mi ha insegnato a camminare, non solo sulle passerelle ma anche nella vita\u00bb"},"content":{"rendered":"<p>    di<br \/>\n    Rosanna Scardi<\/p>\n<p class=\"summary-art is-line-h-12\">Il supermodello e attivista, nato da padre pugliese e madre italo-indiana, \u00e8 stato scoperto dal compianto stilista milanese vent&#8217;anni fa, quando lavorava come commesso in un negozio del capoluogo lombardo<\/p>\n<p class=\"chapter-paragraph\">\u00abMaestro GA, oggi \u00e8 passato un anno da quando se n\u2019\u00e8 andato, ma la verit\u00e0 \u00e8 che non se n\u2019\u00e8 mai andato davvero. \u00c8 in ogni passo che faccio, nel modo in cui guardo il mondo, nella disciplina che applico a ogni singolo giorno della mia vita\u00bb. <b>Fabio Mancini, il supermodello e attivista, nato da padre pugliese e da madre italo-indiana<\/b>, ricorda con un lungo post sulla sua pagina Instagram <a href=\"https:\/\/www.corriere.it\/cronache\/26_settembre_04\/voce-giorgio-armani-ultima-intervista-podcast-7734f128-e118-4922-8730-3b3c38e8cxlk.shtml\" title=\"Giorgio Armani, ecco la sua voce nell&#039;ultima intervista al \u00abCorriere\u00bb: il podcast a un anno dalla sua morte\" rel=\"nofollow noopener\" target=\"_blank\">Giorgio Armani, scomparso un anno fa<\/a>.\u00a0<\/p>\n<p class=\"chapter-paragraph\">\u00abL\u2019Italia in queste ore \u2013 prosegue Mancini, <a href=\"https:\/\/bari.corriere.it\/notizie\/cultura-e-tempo-libero\/26_agosto_23\/a-fabio-mancini-il-supermodello-di-armani-il-premio-rodolfo-valentino-e-lui-l-erede-del-divo-scomparso-cento-anni-fa-2aa4e43d-6e94-4456-8c1b-6e9013649xlk.shtml\" title=\"A Fabio Mancini, il supermodello di Armani, il premio Rodolfo Valentino: \u00ab\u00c8 lui l&#039;erede del divo scomparso cento anni fa\u00bb\" rel=\"nofollow noopener\" target=\"_blank\">di recente premiato quale erede di Rodolfo Valentino<\/a> &#8211; \u00e8 piena di Lei. Parlano del genio, del Re, del mito che ha cambiato la storia. Io guardo quelle pagine e sorrido, perch\u00e9 dietro il titano che tutto il mondo celebra, io vedo l\u2019uomo. <b>Vedo quegli occhi azzurri e severi che un giorno, quasi vent\u2019anni fa, si posarono su un ragazzo che non aveva pi\u00f9 sogni, e decisero che quel ragazzo valeva qualcosa<\/b>. Mi ha preso dal nulla, Maestro. Mi ha insegnato a camminare, non solo sulla passerella, ma nella vita. Ricordo ancora la Sua voce, il Suo tocco fermo sulle mie spalle per correggere la postura, l\u2019ossessione per quel dettaglio che faceva la differenza. <b>Mi ha regalato una vita che non avrei mai osato nemmeno sognare<\/b>: vent\u2019anni di sfilate, di campagne mondiali, di traguardi che la storia della moda ricorder\u00e0 come record, ma che per noi erano solo la nostra quotidianit\u00e0\u00bb.\u00a0    &#13;<br \/>\n&#13;<br \/>\n&#13;<br \/>\n&#13;<br \/>\n&#13;<br \/>\n&#13;<br \/>\n&#13;<br \/>\n&#13;<br \/>\n&#13;<br \/>\n&#13;<br \/>\n&#13;<br \/>\n&#13;<br \/>\n&#13;<br \/>\n&#13;<br \/>\n&#13;<br \/>\n&#13;<br \/>\n&#13;<br \/>\n&#13;<br \/>\n&#13;<br \/>\n&#13;<br \/>\n&#13;<br \/>\n&#13;<br \/>\n&#13;<br \/>\n&#13;<br \/>\n&#13;<br \/>\n&#13;<br \/>\n&#13;<br \/>\n&#13;<br \/>\n&#13;<br \/>\n&#13;<br \/>\n&#13;<br \/>\n&#13;<br \/>\n&#13;<br \/>\n&#13;<br \/>\n&#13;<br \/>\n&#13;<br \/>\n&#13;<br \/>\n&#13;<br \/>\n&#13;<br \/>\n&#13;<br \/>\n&#13;<br \/>\n&#13;<br \/>\n&#13;<br \/>\n&#13;<br \/>\n&#13;<br \/>\n&#13;<br \/>\n&#13;<br \/>\n&#13;<br \/>\n&#13;<br \/>\n&#13;<br \/>\n&#13;<br \/>\n&#13;<br \/>\n&#13;\n<\/p>\n<p class=\"chapter-paragraph\"><b>Mancini, vent\u2019anni fa, viveva a Milano. Faceva il commesso in un negozio vicino a via Montenapoleone<\/b>. Una mattina, recandosi al lavoro, fu incuriosito da un set fotografico sul ciglio di un marciapiede. Un collaboratore degli uffici di Armani lo avvicin\u00f2. E l\u2019indomani si trov\u00f2 a sostenere il provino con Re Giorgio. Ed ecco il lascito pi\u00f9 importante dello stilista.\u00a0<\/p>\n<p class=\"chapter-paragraph\">\u00abTutto ci\u00f2 che mi ha trasmesso \u2013 afferma nel post -, <b>quell\u2019idea di eleganza pura che non \u00e8 mai apparire, ma essere, non \u00e8 rimasto chiuso in un cassetto o confinato nei ricordi del passato. Oggi la sto trasmettendo ai pi\u00f9 giovani<\/b>. Quando incontro le nuove generazioni, vedo nei loro occhi lo stesso smarrimento che avevo io alla loro et\u00e0. E allora parlo a loro di Lei, del valore del sacrificio, dell\u2019umilt\u00e0 e del rispetto. Cerco di essere per loro quella guida e quel faro che Lei \u00e8 stato per me. E proprio pensando a loro, voglio dirLe che presto manterr\u00f2 quella promessa che Le ho fatto anni fa. Quel patto silenzioso nato tra noi, che custodisco nel cuore e che sta finalmente per prendere vita, per dare continuit\u00e0 a tutto ci\u00f2 in cui abbiamo sempre creduto\u00bb.\u00a0<\/p>\n<p class=\"chapter-paragraph\">Infine, il congedo: \u00abMi manca il suo rigore protettivo, la sua genialit\u00e0 silenziosa. Ma <b>oggi non voglio piangere la sua assenza. Voglio celebrare la fortuna immensa di aver camminato al Suo fianco per met\u00e0 della mia vita<\/b>\u00bb.<\/p>\n<p class=\"is-mr-t-20 is-mr-b-20\"><b><br \/>\n                    <a href=\"https:\/\/bari.corriere.it\/?intcmp=Notizielocali_nd_010623_corriere_ss_bari\" target=\"_blank\" rel=\"nofollow noopener\">Vai a tutte le notizie di Bari<\/a><br \/>\n            <\/b><\/p>\n<p class=\"is-last-update\" datetime=\"2026-09-04T15:19:27+02:00\">4 settembre 2026 ( modifica il 4 settembre 2026 | 15:19)<\/p>\n<p class=\"is-copyright\">\n            \u00a9 RIPRODUZIONE RISERVATA\n        <\/p>\n","protected":false},"excerpt":{"rendered":"di Rosanna Scardi Il supermodello e attivista, nato da padre pugliese e madre italo-indiana, \u00e8 stato scoperto dal&hellip;\n","protected":false},"author":3,"featured_media":665549,"comment_status":"","ping_status":"","sticky":false,"template":"","format":"standard","meta":{"footnotes":"","_share_on_mastodon":"0"},"categories":[174],"tags":[2940,23422,1488,366659,366660,5776,483,2488,366661,203,15504,71610,7824,23423,21328,8301,4040,366662,204,1537,90,21870,366663,89,4045,366664,366665,15263,366666,6248,2737,366658,10022,35026,8188],"class_list":["post-665548","post","type-post","status-publish","format-standard","has-post-thumbnail","category-intrattenimento","tag-andato","tag-armani","tag-attivista","tag-attivista-nato","tag-attivista-nato-padre","tag-camminare","tag-cio","tag-commesso","tag-commesso-negozio","tag-entertainment","tag-fabio","tag-fabio-mancini","tag-giorgio","tag-giorgio-armani","tag-guardo","tag-indiana","tag-insegnato","tag-insegnato-camminare","tag-intrattenimento","tag-it","tag-italia","tag-italo","tag-italo-indiana","tag-italy","tag-madre","tag-madre-italo","tag-madre-italo-indiana","tag-maestro","tag-maestro-insegnato","tag-mancini","tag-nato","tag-supermodello","tag-vedo","tag-vent","tag-voglio"],"share_on_mastodon":{"url":"","error":"Validation failed: Text character limit of 500 exceeded"},"_links":{"self":[{"href":"https:\/\/www.europesays.com\/it\/wp-json\/wp\/v2\/posts\/665548","targetHints":{"allow":["GET"]}}],"collection":[{"href":"https:\/\/www.europesays.com\/it\/wp-json\/wp\/v2\/posts"}],"about":[{"href":"https:\/\/www.europesays.com\/it\/wp-json\/wp\/v2\/types\/post"}],"author":[{"embeddable":true,"href":"https:\/\/www.europesays.com\/it\/wp-json\/wp\/v2\/users\/3"}],"replies":[{"embeddable":true,"href":"https:\/\/www.europesays.com\/it\/wp-json\/wp\/v2\/comments?post=665548"}],"version-history":[{"count":0,"href":"https:\/\/www.europesays.com\/it\/wp-json\/wp\/v2\/posts\/665548\/revisions"}],"wp:featuredmedia":[{"embeddable":true,"href":"https:\/\/www.europesays.com\/it\/wp-json\/wp\/v2\/media\/665549"}],"wp:attachment":[{"href":"https:\/\/www.europesays.com\/it\/wp-json\/wp\/v2\/media?parent=665548"}],"wp:term":[{"taxonomy":"category","embeddable":true,"href":"https:\/\/www.europesays.com\/it\/wp-json\/wp\/v2\/categories?post=665548"},{"taxonomy":"post_tag","embeddable":true,"href":"https:\/\/www.europesays.com\/it\/wp-json\/wp\/v2\/tags?post=665548"}],"curies":[{"name":"wp","href":"https:\/\/api.w.org\/{rel}","templated":true}]}}