{"id":665556,"date":"2026-09-05T00:59:23","date_gmt":"2026-09-05T00:59:23","guid":{"rendered":"https:\/\/www.europesays.com\/it\/665556\/"},"modified":"2026-09-05T00:59:23","modified_gmt":"2026-09-05T00:59:23","slug":"quasi-pelle-e-ossa-sommersi-dai-rifiuti-salvati-12-cavalli-arabi-nellastigiano","status":"publish","type":"post","link":"https:\/\/www.europesays.com\/it\/665556\/","title":{"rendered":"Quasi pelle e ossa, sommersi dai rifiuti: salvati 12 cavalli arabi nell\u2019Astigiano"},"content":{"rendered":"<p>    di<br \/>\n    Floriana Rullo<\/p>\n<p class=\"summary-art is-line-h-12\">Dieci giumente e due stalloni vivevano in condizioni di grave denutrizione e senza cure: dopo le segnalazioni di cittadini e associazioni, \u00e8 scattato il sequestro e gli animali sono stati trasferiti in una struttura idonea<\/p>\n<p class=\"chapter-paragraph\">Denutriti, quasi pelle e ossa. Sporchi e lasciati tra i rifiuti. <b>Dodici cavalli arabi<\/b>, tra cui dieci giumente e due <b>stalloni<\/b>, sono stati sottratti a un allevamento di Bubbio, nell&#8217;Astigiano, dove vivevano in condizioni di grave denutrizione e privi delle cure necessarie. L&#8217;operazione di salvataggio \u00e8 stata condotta dai <b>carabinieri forestali <\/b>e dal servizio veterinario dell\u2019Asl di Asti, mettendo fine a una situazione di profonda sofferenza per gli animali.<\/p>\n<p class=\"chapter-paragraph\">L&#8217;intervento delle autorit\u00e0 \u00e8 nato dopo alcune  <b>segnalazioni di cittadini e associazioni animaliste<\/b>, allarmati dallo stato di salute dei equini. Un primo sopralluogo risalente al 20 luglio da parte dell\u2019Asl aveva gi\u00e0 evidenziato serie criticit\u00e0, spingendo i tecnici a imporre al titolare precise prescrizioni per ripristinare il benessere della mandria, rimaste tuttavia inascoltate.<br \/>&#13;<br \/>\n&#13;<br \/>\n&#13;<br \/>\n&#13;<br \/>\n&#13;<br \/>\n&#13;<br \/>\n&#13;<br \/>\n&#13;<br \/>\n&#13;<br \/>\n&#13;<br \/>\n&#13;<br \/>\n&#13;<br \/>\n&#13;<br \/>\n&#13;<br \/>\n&#13;<br \/>\n&#13;<br \/>\n&#13;<br \/>\n&#13;<br \/>\n&#13;<br \/>\n&#13;<br \/>\n&#13;<br \/>\n&#13;<br \/>\n&#13;<br \/>\n&#13;<br \/>\n&#13;<br \/>\n&#13;<br \/>\n&#13;<br \/>\n&#13;<br \/>\n&#13;<br \/>\n&#13;<br \/>\n&#13;<br \/>\n&#13;<br \/>\n&#13;<br \/>\n&#13;<br \/>\n&#13;<br \/>\n&#13;<br \/>\n&#13;<br \/>\n&#13;<br \/>\n&#13;<br \/>\n&#13;<br \/>\n&#13;<br \/>\n&#13;<br \/>\n&#13;<br \/>\n&#13;<br \/>\n&#13;<br \/>\n&#13;<br \/>\n&#13;<br \/>\n&#13;<br \/>\n&#13;<br \/>\n&#13;<br \/>\n&#13;<br \/>\n&#13;<br \/>\n&#13;\n<\/p>\n<p class=\"chapter-paragraph\">Nel corso della verifica successiva, il 14 agosto le condizioni degli animali erano apparse ulteriormente aggravate. Cos\u00ec \u00e8 stato necessario un <b>sequestro penale d&#8217;urgenza<\/b>. Il proprietario \u00e8 stato inizialmente nominato custode sotto stretto monitoraggio sanitario, in attesa di una sistemazione idonea.<br \/>Il trasferimento definitivo dei dodici cavalli si \u00e8 concretizzato il 28 agosto, dopo la disponibilit\u00e0 offerta da un&#8217;associazione no-profit della provincia di Varese, riconosciuta dal Ministero della Salute, e del rilascio del nulla osta sanitario da parte della Procura della Repubblica di Alessandria. Nonostante la complessit\u00e0 delle operazioni, aggravate dalla <b>scarsa abitudine di alcuni esemplari al contatto umano<\/b>, l&#8217;intervento coordinato di volontari, veterinari e trasportatori specializzati ha permesso di completare il recupero in sicurezza.\u00a0<\/p>\n<p class=\"chapter-paragraph\">Gli animali, pur provati dalla fragilit\u00e0 fisica, hanno <b>mostrato segni di vitalit\u00e0 e curiosit\u00e0<\/b>.\u00a0La posizione del titolare dell\u2019allevamento resta al vaglio dell&#8217;Autorit\u00e0 Giudiziaria, con l&#8217;eventualit\u00e0 di una confisca definitiva degli animali in caso di condanna.\u00a0<\/p>\n<p class=\"is-mr-t-20 is-mr-b-20\"><b><br \/>\n                    <a href=\"https:\/\/torino.corriere.it\/?intcmp=Notizielocali_nd_010623_corriere_ss_nd\" target=\"_blank\" rel=\"nofollow noopener\">Vai a tutte le notizie di Torino<\/a><br \/>\n            <\/b><\/p>\n<p class=\"is-last-update\" datetime=\"2026-09-04T17:12:45+02:00\">4 settembre 2026 ( modifica il 4 settembre 2026 | 17:12)<\/p>\n<p class=\"is-copyright\">\n            \u00a9 RIPRODUZIONE RISERVATA\n        <\/p>\n","protected":false},"excerpt":{"rendered":"di Floriana Rullo Dieci giumente e due stalloni vivevano in condizioni di grave denutrizione e senza cure: dopo&hellip;\n","protected":false},"author":3,"featured_media":665557,"comment_status":"","ping_status":"","sticky":false,"template":"","format":"standard","meta":{"footnotes":"","_share_on_mastodon":"0"},"categories":[79],"tags":[29298,2699,9507,5270,17340,2321,10433,26327,917,9180,366668,1064,293022,3858,366669,366670,14,93,94,2339,238923,5316,366671,366672,1537,90,89,7,15,11,84,91,12,85,92],"class_list":["post-665556","post","type-post","status-publish","format-standard","has-post-thumbnail","category-italia","tag-aggravate","tag-agosto","tag-allevamento","tag-animali","tag-arabi","tag-asl","tag-associazioni","tag-astigiano","tag-autorita","tag-cavalli","tag-cavalli-arabi","tag-cittadini","tag-cittadini-associazioni","tag-condizioni","tag-condizioni-grave","tag-condizioni-grave-denutrizione","tag-cronaca","tag-cronaca-italiana","tag-cronacaitaliana","tag-cure","tag-denutrizione","tag-dieci","tag-dieci-giumente","tag-dieci-giumente-stalloni","tag-it","tag-italia","tag-italy","tag-news","tag-notizie","tag-ultime-notizie","tag-ultime-notizie-e-news-di-oggi","tag-ultime-notizie-italia","tag-ultimenotizie","tag-ultimenotizieenewsdioggi","tag-ultimenotizieitalia"],"share_on_mastodon":{"url":"","error":"Validation failed: Text character limit of 500 exceeded"},"_links":{"self":[{"href":"https:\/\/www.europesays.com\/it\/wp-json\/wp\/v2\/posts\/665556","targetHints":{"allow":["GET"]}}],"collection":[{"href":"https:\/\/www.europesays.com\/it\/wp-json\/wp\/v2\/posts"}],"about":[{"href":"https:\/\/www.europesays.com\/it\/wp-json\/wp\/v2\/types\/post"}],"author":[{"embeddable":true,"href":"https:\/\/www.europesays.com\/it\/wp-json\/wp\/v2\/users\/3"}],"replies":[{"embeddable":true,"href":"https:\/\/www.europesays.com\/it\/wp-json\/wp\/v2\/comments?post=665556"}],"version-history":[{"count":0,"href":"https:\/\/www.europesays.com\/it\/wp-json\/wp\/v2\/posts\/665556\/revisions"}],"wp:featuredmedia":[{"embeddable":true,"href":"https:\/\/www.europesays.com\/it\/wp-json\/wp\/v2\/media\/665557"}],"wp:attachment":[{"href":"https:\/\/www.europesays.com\/it\/wp-json\/wp\/v2\/media?parent=665556"}],"wp:term":[{"taxonomy":"category","embeddable":true,"href":"https:\/\/www.europesays.com\/it\/wp-json\/wp\/v2\/categories?post=665556"},{"taxonomy":"post_tag","embeddable":true,"href":"https:\/\/www.europesays.com\/it\/wp-json\/wp\/v2\/tags?post=665556"}],"curies":[{"name":"wp","href":"https:\/\/api.w.org\/{rel}","templated":true}]}}