{"id":665579,"date":"2026-09-05T01:22:16","date_gmt":"2026-09-05T01:22:16","guid":{"rendered":"https:\/\/www.europesays.com\/it\/665579\/"},"modified":"2026-09-05T01:22:16","modified_gmt":"2026-09-05T01:22:16","slug":"la-voce-cambia-potrebbe-essere-un-segnale-precoce-di-declino-cognitivo","status":"publish","type":"post","link":"https:\/\/www.europesays.com\/it\/665579\/","title":{"rendered":"La voce cambia? Potrebbe essere un segnale precoce di declino cognitivo"},"content":{"rendered":"<p><strong>Quando la voce racconta qualcosa del cervello<\/strong><\/p>\n<p>Pi\u00f9 debole, roca, meno chiara. Oppure diversa per tono, volume o estensione. Un cambiamento persistente della voce viene normalmente associato alla gola, alle corde vocali o semplicemente all&#8217;et\u00e0. Ma potrebbe raccontare anche qualcosa di ci\u00f2 che accade nel cervello. Una nuova ricerca della Drexel University College of Medicine, pubblicata sul Journal of Voice, ha individuato <strong>un&#8217;associazione tra disturbi della voce e successivo declino cognitivo<\/strong>. \u00c8 un risultato particolarmente interessante perch\u00e9 nasce dall&#8217;analisi di ben <strong>833.417 pazienti<\/strong> e porta l&#8217;attenzione su un segnale quotidiano finora molto meno studiato della perdita dell&#8217;udito.<\/p>\n<p><strong>Oltre 833 mila pazienti sotto la lente<\/strong><\/p>\n<p>I ricercatori hanno utilizzato i dati della rete sanitaria statunitense TriNetX, confrontando persone con disturbi della voce diagnosticati con gruppi di controllo e pazienti con perdita dell&#8217;udito. Il monitoraggio degli esiti cognitivi iniziava almeno un anno dopo la diagnosi del problema vocale o uditivo. Nel complesso, <strong>chi presentava un disturbo della voce mostrava un rischio significativamente maggiore di successivo deterioramento cognitivo rispetto ai controlli<\/strong>. Anche la perdita dell&#8217;udito risultava associata a un aumento del rischio, ma leggermente inferiore. Ancora pi\u00f9 interessante, i disturbi vocali senza contemporanea perdita uditiva erano associati a un rischio superiore rispetto alla sola ipoacusia. La combinazione di problemi vocali e uditivi mostrava invece l&#8217;associazione pi\u00f9 elevata.<\/p>\n<p><strong>Perch\u00e9 voce e cervello potrebbero essere collegati<\/strong><\/p>\n<p>La voce \u00e8 il risultato di un meccanismo molto pi\u00f9 complesso di quanto sembri. Per parlare servono coordinazione respiratoria, controllo della laringe, attivit\u00e0 muscolare e precise informazioni provenienti dal sistema nervoso. Alcune malattie neurologiche possono infatti modificare la voce prima che compaiano altri sintomi evidenti. \u00c8 noto, per esempio, che alterazioni vocali possono precedere alcuni segni motori nella malattia di Parkinson. Ma esiste anche un&#8217;altra possibile spiegazione: <strong>avere difficolt\u00e0 a parlare pu\u00f2 ridurre conversazioni, relazioni e partecipazione sociale<\/strong>, attivit\u00e0 che contribuiscono alla stimolazione cognitiva. Gli stessi autori sottolineano per\u00f2 che i meccanismi devono ancora essere chiariti.<\/p>\n<p><strong>Un campanello d&#8217;allarme, non un test per la demenza<\/strong><\/p>\n<p>\u00c8 qui che il risultato deve essere interpretato con cautela. Lo studio \u00e8 osservazionale e individua un&#8217;associazione: <strong>non dimostra che un disturbo della voce provochi demenza, n\u00e9 che una voce roca significhi che una persona stia sviluppando un deterioramento cognitivo<\/strong>. I problemi vocali possono avere moltissime cause, dalle alterazioni delle corde vocali all&#8217;invecchiamento, fino a condizioni funzionali o neurologiche. Il valore della ricerca \u00e8 un altro: suggerisce che la voce potrebbe diventare uno dei segnali da considerare nella valutazione complessiva delle persone a rischio. Gli incontri con otorinolaringoiatri e medici di famiglia potrebbero cos\u00ec rappresentare occasioni utili per intercettare eventuali altri segnali cognitivi. La voce, insomma, non \u00e8 ancora un test per prevedere la demenza. Ma potrebbe essere un indizio che la medicina ha finora ascoltato troppo poco.<\/p>\n<p><img loading=\"lazy\" decoding=\"async\" src=\"https:\/\/www.europesays.com\/it\/wp-content\/uploads\/2026\/09\/ChatGPT_Image_4_set_2026,_09_32_50-1788507201745.webp\" alt=\"\" width=\"1024\" height=\"1536\" caption=\"false\"\/><\/p>\n<p>\u2e3b<\/p>\n<p class=\"isSelectedEnd\">Russo AG, Hawkshaw MJ, Sataloff RT \u2013 Journal of Voice \u2013 \u201cVoice Disorders as Early Biomarkers of Cognitive Decline\u201d \u2013 2026 \u2013 DOI 10.1016\/j.jvoice.2026.07.037<\/p>\n<p class=\"isSelectedEnd\">Drexel University College of Medicine \u2013 \u201cA Voice Disorder May be an Early Sign of Dementia, Drexel Study Suggests\u201d \u2013 3 settembre 2026<\/p>\n<p class=\"isSelectedEnd\">PubMed \u2013 \u201cVoice Disorders as Early Biomarkers of Cognitive Decline\u201d \u2013 2026 \u2013 PMID 42575772<\/p>\n<p>American Speech-Language-Hearing Association \u2013 \u201cVoice Disorders\u201d \u2013 Practice Portal<\/p>\n","protected":false},"excerpt":{"rendered":"Quando la voce racconta qualcosa del cervello Pi\u00f9 debole, roca, meno chiara. Oppure diversa per tono, volume o&hellip;\n","protected":false},"author":3,"featured_media":665580,"comment_status":"","ping_status":"","sticky":false,"template":"","format":"standard","meta":{"footnotes":"","_share_on_mastodon":"0"},"categories":[175],"tags":[2094,5774,165819,366679,366680,239,115577,1537,90,89,366681,2954,240,331224,2938],"class_list":["post-665579","post","type-post","status-publish","format-standard","has-post-thumbnail","category-salute","tag-cervello","tag-demenza","tag-deterioramento-cognitivo","tag-disturbi-vocali","tag-drexel-university-college-of-medicine","tag-health","tag-ipoacusia","tag-it","tag-italia","tag-italy","tag-journal-of-voice","tag-parkinson","tag-salute","tag-trinetx","tag-voce"],"share_on_mastodon":{"url":"https:\/\/pubeurope.com\/@it\/117215818968969288","error":""},"_links":{"self":[{"href":"https:\/\/www.europesays.com\/it\/wp-json\/wp\/v2\/posts\/665579","targetHints":{"allow":["GET"]}}],"collection":[{"href":"https:\/\/www.europesays.com\/it\/wp-json\/wp\/v2\/posts"}],"about":[{"href":"https:\/\/www.europesays.com\/it\/wp-json\/wp\/v2\/types\/post"}],"author":[{"embeddable":true,"href":"https:\/\/www.europesays.com\/it\/wp-json\/wp\/v2\/users\/3"}],"replies":[{"embeddable":true,"href":"https:\/\/www.europesays.com\/it\/wp-json\/wp\/v2\/comments?post=665579"}],"version-history":[{"count":0,"href":"https:\/\/www.europesays.com\/it\/wp-json\/wp\/v2\/posts\/665579\/revisions"}],"wp:featuredmedia":[{"embeddable":true,"href":"https:\/\/www.europesays.com\/it\/wp-json\/wp\/v2\/media\/665580"}],"wp:attachment":[{"href":"https:\/\/www.europesays.com\/it\/wp-json\/wp\/v2\/media?parent=665579"}],"wp:term":[{"taxonomy":"category","embeddable":true,"href":"https:\/\/www.europesays.com\/it\/wp-json\/wp\/v2\/categories?post=665579"},{"taxonomy":"post_tag","embeddable":true,"href":"https:\/\/www.europesays.com\/it\/wp-json\/wp\/v2\/tags?post=665579"}],"curies":[{"name":"wp","href":"https:\/\/api.w.org\/{rel}","templated":true}]}}