{"id":665591,"date":"2026-09-05T01:28:14","date_gmt":"2026-09-05T01:28:14","guid":{"rendered":"https:\/\/www.europesays.com\/it\/665591\/"},"modified":"2026-09-05T01:28:14","modified_gmt":"2026-09-05T01:28:14","slug":"soglia-di-15-gradi-ormai-impossibile-da-evitare-entro-fine-secolo-toccheremo-punte-fino-a-pochi-anni-fa-impensabili","status":"publish","type":"post","link":"https:\/\/www.europesays.com\/it\/665591\/","title":{"rendered":"\u00abSoglia di 1,5 gradi ormai impossibile da evitare\u00bb. Entro fine secolo toccheremo punte fino a pochi anni fa impensabili"},"content":{"rendered":"<p>&#13;<br \/>\n                               &#13;<br \/>\n                                                &#13;<br \/>\n                &#13;<\/p>\n<p>Il conto alla rovescia \u00e8 gi\u00e0 iniziato.<strong> La soglia di 1,5 gradi di riscaldamento globale<\/strong>, indicata dall\u2019Accordo di Parigi come limite da perseguire, <strong>sar\u00e0 probabilmente superata entro pochi anni<\/strong>. E secondo l\u2019<strong><a href=\"https:\/\/www.leggo.it\/t\/onu\" rel=\"nofollow noopener\" target=\"_blank\">Onu<\/a><\/strong>, oggi evitare completamente il superamento \u00e8 ormai considerato praticamente impossibile.<\/p>\n<p>&#13;<br \/>\n&#13;<br \/>\n&#13;<br \/>\n&#13;<\/p>\n<p>Ma quanto saliranno le temperature dipende ancora dalle scelte che verranno fatte. Con le politiche attuali, il mondo viaggia verso un aumento della temperatura di circa 2,6-2,8 gradi entro la fine del secolo. Anche uno scenario di interventi molto pi\u00f9 incisivi porterebbe comunque a un temporaneo superamento della soglia, con l\u2019obiettivo di tornare sotto 1,5 gradi entro il 2100.<\/p>\n<p>&#13;<br \/>\n&#13;<br \/>\n&#13;<br \/>\n&#13;<br \/>\n&#13;<br \/>\n&#13;<\/p>\n<p>Per il <strong><a href=\"https:\/\/www.leggo.it\/t\/wwf\" rel=\"nofollow noopener\" target=\"_blank\">WWF<\/a><\/strong> il messaggio \u00e8 chiaro: il superamento deve essere il pi\u00f9 contenuto e il pi\u00f9 breve possibile. <\/p>\n<p>Servono tagli immediati alle emissioni, nuovi piani climatici e maggiori finanziamenti per le comunit\u00e0 gi\u00e0 colpite da eventi estremi.&#13;<br \/>\n&#13;<\/p>\n<p>Per limitare il picco a circa 1,8 gradi, il percorso richiede una drastica riduzione delle emissioni e, successivamente, anche la rimozione della CO\u2082 gi\u00e0 presente nell\u2019atmosfera. Perch\u00e9 ogni frazione di grado significa pi\u00f9 rischi per persone, ecosistemi ed economie. E pi\u00f9 a lungo resteremo oltre 1,5 gradi, maggiore sar\u00e0 il pericolo di superare punti di non ritorno.<\/p>\n<p>&#13;<br \/>\n&#13;<\/p>\n<p>(Video ITALPRESS,\u00a0gsl])<\/p>\n<p>                                &#13;<br \/>\n                &#13;<br \/>\n&#13;<br \/>\n                Ultimo aggiornamento: venerd\u00ec 4 settembre 2026, 21:24&#13;<br \/>\n                <br \/>&#13;<br \/>\n                &#13;<br \/>\n                  &#13;<br \/>\n                    &#13;<br \/>\n                        \u00a9 RIPRODUZIONE RISERVATA&#13;<\/p>\n<p>&#13;<\/p>\n<p>                    &#13;<\/p>\n","protected":false},"excerpt":{"rendered":"&#13; &#13; &#13; &#13; Il conto alla rovescia \u00e8 gi\u00e0 iniziato. La soglia di 1,5 gradi di riscaldamento&hellip;\n","protected":false},"author":3,"featured_media":665592,"comment_status":"","ping_status":"","sticky":false,"template":"","format":"standard","meta":{"footnotes":"","_share_on_mastodon":"0"},"categories":[6],"tags":[2271,8840,14,8,1537,90,1929,89,7,15,82,9,83,10,971,102,13,11,80,84,12,81,85],"class_list":["post-665591","post","type-post","status-publish","format-standard","has-post-thumbnail","category-ultime-notizie","tag-allarme","tag-clima","tag-cronaca","tag-headlines","tag-it","tag-italia","tag-italpress","tag-italy","tag-news","tag-notizie","tag-notizie-di-cronaca","tag-notizie-principali","tag-notiziedicronaca","tag-notizieprincipali","tag-onu","tag-temperature","tag-titoli","tag-ultime-notizie","tag-ultime-notizie-di-cronaca","tag-ultime-notizie-e-news-di-oggi","tag-ultimenotizie","tag-ultimenotiziedicronaca","tag-ultimenotizieenewsdioggi"],"share_on_mastodon":{"url":"https:\/\/pubeurope.com\/@it\/117215841925539466","error":""},"_links":{"self":[{"href":"https:\/\/www.europesays.com\/it\/wp-json\/wp\/v2\/posts\/665591","targetHints":{"allow":["GET"]}}],"collection":[{"href":"https:\/\/www.europesays.com\/it\/wp-json\/wp\/v2\/posts"}],"about":[{"href":"https:\/\/www.europesays.com\/it\/wp-json\/wp\/v2\/types\/post"}],"author":[{"embeddable":true,"href":"https:\/\/www.europesays.com\/it\/wp-json\/wp\/v2\/users\/3"}],"replies":[{"embeddable":true,"href":"https:\/\/www.europesays.com\/it\/wp-json\/wp\/v2\/comments?post=665591"}],"version-history":[{"count":0,"href":"https:\/\/www.europesays.com\/it\/wp-json\/wp\/v2\/posts\/665591\/revisions"}],"wp:featuredmedia":[{"embeddable":true,"href":"https:\/\/www.europesays.com\/it\/wp-json\/wp\/v2\/media\/665592"}],"wp:attachment":[{"href":"https:\/\/www.europesays.com\/it\/wp-json\/wp\/v2\/media?parent=665591"}],"wp:term":[{"taxonomy":"category","embeddable":true,"href":"https:\/\/www.europesays.com\/it\/wp-json\/wp\/v2\/categories?post=665591"},{"taxonomy":"post_tag","embeddable":true,"href":"https:\/\/www.europesays.com\/it\/wp-json\/wp\/v2\/tags?post=665591"}],"curies":[{"name":"wp","href":"https:\/\/api.w.org\/{rel}","templated":true}]}}