{"id":665618,"date":"2026-09-05T01:52:25","date_gmt":"2026-09-05T01:52:25","guid":{"rendered":"https:\/\/www.europesays.com\/it\/665618\/"},"modified":"2026-09-05T01:52:25","modified_gmt":"2026-09-05T01:52:25","slug":"batterie-delle-auto-elettriche-quanto-durano-davvero-i-numeri-raccontano-unaltra-storia-news","status":"publish","type":"post","link":"https:\/\/www.europesays.com\/it\/665618\/","title":{"rendered":"Batterie delle auto elettriche, quanto durano davvero: i numeri raccontano un&#8217;altra storia &#8211; News"},"content":{"rendered":"<p>\n            Il timore che l&#8217;accumulatore si &#8220;consumi&#8221; come quello dello smartphone \u00e8 uno dei freni pi\u00f9 forti all&#8217;acquisto. I dati raccolti su decine di migliaia di vetture dicono altro. Il rischio vero, semmai, \u00e8 un altro e si chiama obsolescenza.\n        <\/p>\n<p>              4 settembre 2026<\/p>\n<p>C&#8217;\u00e8 una domanda che accompagna ogni preventivo di un&#8217;<a href=\"https:\/\/www.automoto.it\/news\/auto-elettriche-dal-2027-cambia-tutto-colonnine-ogni-60-km-e-si-paga-con-la-carta-addio-app-obbligatorie.html\" rel=\"nofollow noopener\" target=\"_blank\"><strong>auto a batteria<\/strong><\/a>, quasi sempre pronunciata a mezza voce: fra cinque o dieci anni, quanti chilometri far\u00f2 davvero con una ricarica? \u00c8 un dubbio legittimo, alimentato da un&#8217;esperienza che tutti conosciamo, quella del telefono che a due anni dall&#8217;acquisto chiede la presa gi\u00e0 a met\u00e0 pomeriggio. E pesa: in Italia le elettriche in agosto si sono fermate al <strong>6,4% di quota di mercato<\/strong>, autoimmatricolazioni dei concessionari comprese, contro una <strong>media europea sopra il 20%<\/strong>. Non \u00e8 solo questione di colonnine o di tempi di ricarica. \u00c8 anche la paura di comprare qualcosa destinato a deperire.<\/p>\n<p>                            <img decoding=\"async\" class=\"img-fluid \" loading=\"lazy\" data-zoomable=\"\" src=\"https:\/\/cdn-img.automoto.it\/images\/51889818\/2000x\/volkswagen-id-polo-gets-the-smallest-battery-yet-but-the-real-surprise-is-the-price6.jpg?quality=75&amp;format=webp&amp;width=800\" data-zoom-src=\"https:\/\/www.europesays.com\/it\/wp-content\/uploads\/2026\/09\/volkswagen-id-polo-gets-the-smallest-battery-yet-but-the-real-surprise-is-the-price6.jpg\" width=\"1920\" height=\"1280\" alt=\"ID Polo\"\/><\/p>\n<p>                    ID Polo<\/p>\n<p>                                            Volkswagen<\/p>\n<p>            Degrado non vuol dire perdita di prestazioni<\/p>\n<p>Primo chiarimento, perch\u00e9 qui si fa parecchia confusione. Quando si parla di <strong>degrado della batteria<\/strong> non \u00e8 la potenza a essere in gioco. Una elettrica di dieci anni accelera come il primo giorno, perch\u00e9 l&#8217;intensit\u00e0 di corrente che le celle scambiano con il motore resta pressoch\u00e9 invariata. A calare \u00e8 la <strong>capacit\u00e0<\/strong>, cio\u00e8 la riserva di energia che l&#8217;auto si porta a bordo, ovvero\u00a0non perdi spunto, perdi <strong>autonomia<\/strong>. Sono due cose diverse, e confonderle \u00e8 il motivo per cui il tema viene percepito come pi\u00f9 drammatico di quanto sia.<\/p>\n<p>            Ventiduemila auto sotto osservazione: il verdetto<\/p>\n<p>I riscontri pi\u00f9 solidi arrivano dalle <strong>flotte aziendali<\/strong>, che macinano percorrenze enormi in pochi anni e funzionano quindi da laboratorio accelerato. Il campione pi\u00f9 ampio porta la firma di Geotab, gruppo canadese specializzato nella telematica per flotte e attivo anche sui mercati statunitense ed europeo, che ha passato al setaccio <strong>22.700 vetture elettriche<\/strong> appartenenti a una ventina di modelli. Il risultato: in media la capacit\u00e0 scende del <strong>2,3% ogni dodici mesi<\/strong>. Una rilevazione precedente, su una base pi\u00f9 ristretta, si era fermata all&#8217;<strong>1,8%<\/strong>, e la differenza viene messa in conto alla <strong>ricarica rapida<\/strong>, oggi ben pi\u00f9 capillare di qualche anno fa.<\/p>\n<p>Proviamo a portare queste percentuali nella vita reale. A <strong>cinque anni<\/strong> dall&#8217;immatricolazione siamo intorno al <strong>90%<\/strong> dell&#8217;energia disponibile all&#8217;origine. A <strong>dieci anni<\/strong> si scende verso l&#8217;<strong>80%<\/strong>. A <strong>quindici<\/strong> ci si assesta sul <strong>70%<\/strong>. Un raffronto aiuta a inquadrare il tutto: in Italia l&#8217;anzianit\u00e0 media delle vetture in circolazione viaggia ormai oltre i <strong>13 anni<\/strong>. Un&#8217;elettrica immatricolata oggi, arrivata a quella soglia, avrebbe ancora tre quarti buoni della propria autonomia. Non esattamente il disastro annunciato.<\/p>\n<p>                            <img decoding=\"async\" class=\"img-fluid \" loading=\"lazy\" data-zoomable=\"\" src=\"https:\/\/cdn-img.automoto.it\/images\/51889792\/2000x\/tesla-supercharger-v4.jpg?quality=75&amp;format=webp&amp;width=800\" data-zoom-src=\"https:\/\/www.europesays.com\/it\/wp-content\/uploads\/2026\/09\/tesla-supercharger-v4.jpg\" width=\"1920\" height=\"1080\" alt=\"Tesla Model 3 in ricarica\"\/><\/p>\n<p>                    Tesla Model 3 in ricarica<\/p>\n<p>                                            Tesla<\/p>\n<p>            Il calo rallenta strada facendo<\/p>\n<p>C&#8217;\u00e8 un dettaglio che rende il quadro ancora pi\u00f9 interessante: la perdita <strong>non procede a ritmo costante<\/strong>. Lo scivolamento pi\u00f9 evidente si concentra nei primi <strong>dodici o ventiquattro mesi<\/strong>, poi la curva si appiattisce e si assesta intorno all&#8217;<strong>1,4% l&#8217;anno<\/strong>. \u00c8 il motivo per cui chi osserva solo la prima stagione di utilizzo tende a costruire proiezioni catastrofiche che i dati non confermano.<\/p>\n<p>Il ritmo riprende a farsi sentire una volta oltrepassata la soglia dei <strong>dieci anni<\/strong>. Ma anche qui serve un confronto onesto: pure una vettura a benzina o diesel, a certe percorrenze, entra nella fase delle <strong>spese serie<\/strong>, degli interventi rilevanti e dei guasti pi\u00f9 frequenti. Nessuna tecnologia \u00e8 eterna, semplicemente invecchiano in modo diverso.<\/p>\n<p>                            <img decoding=\"async\" class=\"img-fluid \" loading=\"lazy\" data-zoomable=\"\" src=\"https:\/\/cdn-img.automoto.it\/images\/51889908\/2000x\/range-rover-elettrica.jpg?quality=75&amp;format=webp&amp;width=800\" data-zoom-src=\"https:\/\/www.europesays.com\/it\/wp-content\/uploads\/2026\/09\/range-rover-elettrica.jpg\" width=\"1920\" height=\"909\" alt=\"Range Rover Elettrica\"\/><\/p>\n<p>                    Range Rover Elettrica<\/p>\n<p>                                            Land Rover<\/p>\n<p>            Cosa logora davvero le celle<\/p>\n<p>Le ragioni del degrado sono chimiche e dipendono da fattori molto concreti. Il primo \u00e8 il <strong>clima<\/strong>: le celle patiscono tanto le temperature elevate quanto quelle sotto zero, e passare mesi parcheggiate al sole non aiuta. Il secondo \u00e8 il modo in cui l&#8217;auto viene usata. Un impiego intensivo, fatto di ricariche continue e di soste ripetute alle <strong>colonnine oltre i 50 kW<\/strong>, accorcia la vita degli accumulatori.<\/p>\n<p>Poi ci sono le abitudini, quelle che dipendono solo da noi. Meglio non svuotare regolarmente la batteria fino agli ultimi chilometri disponibili, meglio muoversi nella finestra <strong>tra il 20 e l&#8217;80%<\/strong>, pi\u00f9 rapida da percorrere e meno faticosa per le celle, meglio ancora evitare lunghi periodi di sosta con l&#8217;indicatore quasi pieno o quasi vuoto. Accorgimenti banali che sui grandi numeri fanno la differenza.<\/p>\n<p>Un ruolo decisivo lo gioca infine il <strong>thermal management<\/strong>, l&#8217;elettronica che tiene le celle nella finestra termica corretta e le raffredda quando la situazione lo richiede. Le elettriche pi\u00f9 evolute vanno oltre e <strong>preriscaldano<\/strong> il pacco prima di una sosta alla colonnina veloce, quando la ricarica viene programmata dal navigatore. Non \u00e8 un dettaglio da scheda tecnica: \u00e8 una delle differenze reali tra un&#8217;auto che invecchia bene e una che invecchia male.<\/p>\n<p>            Litio-ferro-fosfato o nichel-manganese-cobalto?<\/p>\n<p>Sul fronte della chimica, nei confronti diretti il <strong>litio-ferro-fosfato<\/strong> ha retto meglio del <strong>nichel-manganese-cobalto<\/strong>, reggendo un numero superiore di cicli prima di cedere capacit\u00e0. \u00c8 un&#8217;indicazione utile davanti a una scheda tecnica, non un verdetto assoluto: soste prolungate, frequenza dei rifornimenti veloci e stile di guida pesano quanto e pi\u00f9 della composizione delle celle.<\/p>\n<p>                            <img decoding=\"async\" class=\"img-fluid \" loading=\"lazy\" data-zoomable=\"\" src=\"https:\/\/cdn-img.automoto.it\/images\/51889865\/2000x\/20230605-145223326-6515.jpg?quality=75&amp;format=webp&amp;width=800\" data-zoom-src=\"https:\/\/www.europesays.com\/it\/wp-content\/uploads\/2026\/09\/20230605-145223326-6515.jpg\" width=\"1186\" height=\"640\" alt=\"Batteria\"\/><\/p>\n<p>                    Batteria<\/p>\n<p>            Il rischio vero non \u00e8 il degrado, \u00e8 restare indietro<\/p>\n<p>E qui arriviamo al punto che il mercato conosce bene e di cui si discute molto meno. Il pericolo per chi compra un&#8217;elettrica oggi non \u00e8 ritrovarsi con una batteria esausta, ma con un&#8217;auto tecnologicamente <strong>superata<\/strong>. Basta guardare indietro: un modello del 2016 offre prestazioni, autonomia e velocit\u00e0 di ricarica che oggi consideriamo francamente inadeguate. E il ritmo dell&#8217;innovazione sta accelerando, non rallentando.<\/p>\n<p>I costruttori cinesi promettono a breve batterie con <strong>elettrolita solido<\/strong> al posto del gel attuale, con numeri che ridisegnerebbero l&#8217;intera categoria: percorrenze da <strong>800-1.000 chilometri<\/strong>, oppure soste alla presa di <strong>otto o dieci minuti<\/strong> con potenze superiori ai <strong>1.000 kW<\/strong>. Se anche solo una parte di queste promesse si concretizzasse, la generazione attuale scivolerebbe in fretta in una zona d&#8217;ombra.<\/p>\n<p>La conseguenza non \u00e8 tecnica ma economica, e si chiama <strong>valore residuo<\/strong>. Un mercato che campa anche sulla seconda mano e sulle vetture che escono dai parchi aziendali a fine servizio sa perfettamente quanto la percezione di obsolescenza incida sul prezzo di rivendita. Paradossalmente, quindi, la domanda giusta da porsi in concessionaria non \u00e8 quanto durer\u00e0 la batteria. \u00c8 quanto durer\u00e0 l&#8217;auto prima di sembrare vecchia.<\/p>\n","protected":false},"excerpt":{"rendered":"Il timore che l&#8217;accumulatore si &#8220;consumi&#8221; come quello dello smartphone \u00e8 uno dei freni pi\u00f9 forti all&#8217;acquisto. I&hellip;\n","protected":false},"author":3,"featured_media":665619,"comment_status":"","ping_status":"","sticky":false,"template":"","format":"standard","meta":{"footnotes":"","_share_on_mastodon":"0"},"categories":[172],"tags":[178,2765,4463,2966,177,25580,1537,90,89,7,366685],"class_list":["post-665618","post","type-post","status-publish","format-standard","has-post-thumbnail","category-affari","tag-affari","tag-auto","tag-auto-elettrica","tag-batterie","tag-business","tag-elettrico","tag-it","tag-italia","tag-italy","tag-news","tag-tecnologia-elettrica"],"share_on_mastodon":{"url":"https:\/\/pubeurope.com\/@it\/117215937651093043","error":""},"_links":{"self":[{"href":"https:\/\/www.europesays.com\/it\/wp-json\/wp\/v2\/posts\/665618","targetHints":{"allow":["GET"]}}],"collection":[{"href":"https:\/\/www.europesays.com\/it\/wp-json\/wp\/v2\/posts"}],"about":[{"href":"https:\/\/www.europesays.com\/it\/wp-json\/wp\/v2\/types\/post"}],"author":[{"embeddable":true,"href":"https:\/\/www.europesays.com\/it\/wp-json\/wp\/v2\/users\/3"}],"replies":[{"embeddable":true,"href":"https:\/\/www.europesays.com\/it\/wp-json\/wp\/v2\/comments?post=665618"}],"version-history":[{"count":0,"href":"https:\/\/www.europesays.com\/it\/wp-json\/wp\/v2\/posts\/665618\/revisions"}],"wp:featuredmedia":[{"embeddable":true,"href":"https:\/\/www.europesays.com\/it\/wp-json\/wp\/v2\/media\/665619"}],"wp:attachment":[{"href":"https:\/\/www.europesays.com\/it\/wp-json\/wp\/v2\/media?parent=665618"}],"wp:term":[{"taxonomy":"category","embeddable":true,"href":"https:\/\/www.europesays.com\/it\/wp-json\/wp\/v2\/categories?post=665618"},{"taxonomy":"post_tag","embeddable":true,"href":"https:\/\/www.europesays.com\/it\/wp-json\/wp\/v2\/tags?post=665618"}],"curies":[{"name":"wp","href":"https:\/\/api.w.org\/{rel}","templated":true}]}}