{"id":665627,"date":"2026-09-05T02:07:16","date_gmt":"2026-09-05T02:07:16","guid":{"rendered":"https:\/\/www.europesays.com\/it\/665627\/"},"modified":"2026-09-05T02:07:16","modified_gmt":"2026-09-05T02:07:16","slug":"labbraccio-del-derthona-alla-sua-liguria-domani-lamichevole-ad-alassio-con-gli-sharks-antibes-2","status":"publish","type":"post","link":"https:\/\/www.europesays.com\/it\/665627\/","title":{"rendered":"L\u2019abbraccio del Derthona alla \u201csua\u201d Liguria: domani l\u2019amichevole ad Alassio con gli Sharks Antibes"},"content":{"rendered":"<p>            L\u2019abbraccio del Derthona alla \u201csua\u201d Liguria: domani l\u2019amichevole ad Alassio con gli Sharks Antibes                        <\/p>\n<p>Viaggio in riva al mare della Liguria per la quarta gara di preseason della Bertram Derthona Tortona. Alle ore 19:30 di sabato 5 settembre al PalaRavizza di Alassio, in provincia di Savona, la squadra bianconera affronter\u00e0 gli Sharks Antibes, formazione della seconda serie francese.<\/p>\n<p>Per i bianconeri allenati da Mario Fioretti un test che arriva in un momento fisicamente non facile del precampionato, viste le indisponibilit\u00e0 di Gorham, Eboua, Durham, Di Meo e Vene. Sar\u00e0 viceversa l\u2019occasione per tornare a vedere con la canotta dei Leoni il pivot Dominik Olejniczak, tornato in settimana dagli impegni con la nazionale polacca per cominciare la sua seconda stagione tortonese. Torna un volto nuovo anche in panchina, l\u2019assistant coach Iacopo Squarcina, fresco anche lui dalle partite valide per le qualificazioni europee ai Mondiali 2027 con l\u2019Italia.<\/p>\n<p><strong>\u00a0<\/strong><\/p>\n<p><strong>Dichiarazioni<\/strong><\/p>\n<p>Il general manager <strong>Gianmaria Vacirca<\/strong>: \u00abLa partita di Alassio con Antibes \u00e8 molto pi\u00f9 di un test estivo: \u00e8 la conferma di un legame speciale ed in crescita tra il Derthona Basket e la Liguria, che oggi rappresenta il terzo ampio bacino di pubblico per presenze alla Nova Arena. Un rapporto che si nutre di decine di societ\u00e0 affiliate al nostro progetto Open, distribuite tra ponente e levante, e di un interesse per il Derthona che continua a crescere in tutta la regione. Questa partita \u00e8 quindi l\u2019occasione giusta per salutare e ringraziare pubblicamente una regione che ci sta seguendo con attenzione ed affetto, e per rilanciare un percorso che vogliamo continuare a costruire insieme.\u00bb<\/p>\n","protected":false},"excerpt":{"rendered":"L\u2019abbraccio del Derthona alla \u201csua\u201d Liguria: domani l\u2019amichevole ad Alassio con gli Sharks Antibes Viaggio in riva al&hellip;\n","protected":false},"author":3,"featured_media":665628,"comment_status":"","ping_status":"","sticky":false,"template":"","format":"standard","meta":{"footnotes":"","_share_on_mastodon":"0"},"categories":[1453],"tags":[33148,4712,323039,1756,1757,86929,9461,9462,1537,90,89,14943,107634,366687,366688,245,244],"class_list":["post-665627","post","type-post","status-publish","format-standard","has-post-thumbnail","category-basket","tag-alassio","tag-amichevole","tag-baglietto-derthona-tortona","tag-basket","tag-basketball","tag-bertram-derthona-tortona","tag-derthona-basket","tag-inprimopiano","tag-it","tag-italia","tag-italy","tag-liguria","tag-palaravizza","tag-preseason-26-27","tag-sharks-antibes","tag-sport","tag-sports"],"share_on_mastodon":{"url":"https:\/\/pubeurope.com\/@it\/117215995289206615","error":""},"_links":{"self":[{"href":"https:\/\/www.europesays.com\/it\/wp-json\/wp\/v2\/posts\/665627","targetHints":{"allow":["GET"]}}],"collection":[{"href":"https:\/\/www.europesays.com\/it\/wp-json\/wp\/v2\/posts"}],"about":[{"href":"https:\/\/www.europesays.com\/it\/wp-json\/wp\/v2\/types\/post"}],"author":[{"embeddable":true,"href":"https:\/\/www.europesays.com\/it\/wp-json\/wp\/v2\/users\/3"}],"replies":[{"embeddable":true,"href":"https:\/\/www.europesays.com\/it\/wp-json\/wp\/v2\/comments?post=665627"}],"version-history":[{"count":0,"href":"https:\/\/www.europesays.com\/it\/wp-json\/wp\/v2\/posts\/665627\/revisions"}],"wp:featuredmedia":[{"embeddable":true,"href":"https:\/\/www.europesays.com\/it\/wp-json\/wp\/v2\/media\/665628"}],"wp:attachment":[{"href":"https:\/\/www.europesays.com\/it\/wp-json\/wp\/v2\/media?parent=665627"}],"wp:term":[{"taxonomy":"category","embeddable":true,"href":"https:\/\/www.europesays.com\/it\/wp-json\/wp\/v2\/categories?post=665627"},{"taxonomy":"post_tag","embeddable":true,"href":"https:\/\/www.europesays.com\/it\/wp-json\/wp\/v2\/tags?post=665627"}],"curies":[{"name":"wp","href":"https:\/\/api.w.org\/{rel}","templated":true}]}}