{"id":665635,"date":"2026-09-05T02:12:26","date_gmt":"2026-09-05T02:12:26","guid":{"rendered":"https:\/\/www.europesays.com\/it\/665635\/"},"modified":"2026-09-05T02:12:26","modified_gmt":"2026-09-05T02:12:26","slug":"forbidden-fruit-far-away-tutto-per-la-mia-famiglia-anticipazioni-3-settembre","status":"publish","type":"post","link":"https:\/\/www.europesays.com\/it\/665635\/","title":{"rendered":"Forbidden Fruit, Far Away, Tutto per la mia famiglia, anticipazioni 3 settembre"},"content":{"rendered":"<p class=\"paragraph\" spellcheck=\"true\">Venerd\u00ec 4 settembre 2026 proseguir\u00e0 il pomeriggio all&#8217;insegna della serialit\u00e0 turca su Canale 5 e in streaming su Mediaset Infinity. Si inizier\u00e0 alle 14.10 con la quarta stagione di <b>Forbidden Fruit<\/b>, per poi proseguire con <b>Far Away<\/b> alle 14.45 e<b> Tutto per la mia famiglia<\/b> alle 15.45.<\/p>\n<p class=\"paragraph\" spellcheck=\"true\">Prima di scoprire le anticipazioni delle puntate di oggi, vediamo dove eravamo rimasti. A <b>Forbidden Fruit <\/b>Ender ha scoperto che \u00e8 stato aperto un conto corrente a nome di Halit, non solo ma anche che Sitki \u00e8 stata l&#8217;unica a vedere il cadavere dell&#8217;uomo per i riti del funerale, cos\u00ec ha iniziato a sospettare che Halit possa essere ancora vivo.\u00a0<\/p>\n<p class=\"paragraph\" spellcheck=\"true\">A<b> Far Away <\/b>Cihan ha deciso di farsi arrestare per poter scoprire il ruolo che Halis ha avuto nella morte di Boran; Zerrin ha detto a Demir che non \u00e8 il padre del bambino ma l&#8217;uomo non ha intenzione di divorziare. Nare ha promesso a Ozkan che se si riprender\u00e0 non penser\u00e0 pi\u00f9 a Sahin.\u00a0<\/p>\n<p class=\"paragraph\" spellcheck=\"true\">A<b> Tutto per la mia famiglia<\/b> \u00e8 morto Kadir, travolto da un auto guidata da Melisa che non ha ancora la patente. Akif ha coinvolto Nabahat e Kaan nel segreto di quanto successo, tutti hanno deciso di proteggere Melisa che \u00e8 sconvolta ma ha accettato di non dire nulla pur di vedere un&#8217;ultima volta Kadir prima della sua morte.\u00a0<\/p>\n","protected":false},"excerpt":{"rendered":"Venerd\u00ec 4 settembre 2026 proseguir\u00e0 il pomeriggio all&#8217;insegna della serialit\u00e0 turca su Canale 5 e in streaming su&hellip;\n","protected":false},"author":3,"featured_media":665636,"comment_status":"","ping_status":"","sticky":false,"template":"","format":"standard","meta":{"footnotes":"","_share_on_mastodon":"0"},"categories":[1444],"tags":[292423,32,1518,11536,83275,35606,303826,51843,292439,203,1909,2097,287866,2716,10202,4860,10203,362994,204,1537,90,89,8202,292428,20617,407,253,4969],"class_list":["post-665635","post","type-post","status-publish","format-standard","has-post-thumbnail","category-tv","tag-alya","tag-andare","tag-anticipazioni","tag-anticipazioni-puntata","tag-anticipazioni-puntata-settembre","tag-away","tag-away-famiglia","tag-cihan","tag-ecmel","tag-entertainment","tag-famiglia","tag-far","tag-far-away","tag-figlio","tag-forbidden","tag-forbidden-fruit","tag-fruit","tag-halis","tag-intrattenimento","tag-it","tag-italia","tag-italy","tag-puntata","tag-sadakat","tag-scoprire","tag-settembre","tag-tv","tag-vuole"],"share_on_mastodon":{"url":"https:\/\/pubeurope.com\/@it\/117216014935509487","error":""},"_links":{"self":[{"href":"https:\/\/www.europesays.com\/it\/wp-json\/wp\/v2\/posts\/665635","targetHints":{"allow":["GET"]}}],"collection":[{"href":"https:\/\/www.europesays.com\/it\/wp-json\/wp\/v2\/posts"}],"about":[{"href":"https:\/\/www.europesays.com\/it\/wp-json\/wp\/v2\/types\/post"}],"author":[{"embeddable":true,"href":"https:\/\/www.europesays.com\/it\/wp-json\/wp\/v2\/users\/3"}],"replies":[{"embeddable":true,"href":"https:\/\/www.europesays.com\/it\/wp-json\/wp\/v2\/comments?post=665635"}],"version-history":[{"count":0,"href":"https:\/\/www.europesays.com\/it\/wp-json\/wp\/v2\/posts\/665635\/revisions"}],"wp:featuredmedia":[{"embeddable":true,"href":"https:\/\/www.europesays.com\/it\/wp-json\/wp\/v2\/media\/665636"}],"wp:attachment":[{"href":"https:\/\/www.europesays.com\/it\/wp-json\/wp\/v2\/media?parent=665635"}],"wp:term":[{"taxonomy":"category","embeddable":true,"href":"https:\/\/www.europesays.com\/it\/wp-json\/wp\/v2\/categories?post=665635"},{"taxonomy":"post_tag","embeddable":true,"href":"https:\/\/www.europesays.com\/it\/wp-json\/wp\/v2\/tags?post=665635"}],"curies":[{"name":"wp","href":"https:\/\/api.w.org\/{rel}","templated":true}]}}