{"id":665710,"date":"2026-09-05T03:15:23","date_gmt":"2026-09-05T03:15:23","guid":{"rendered":"https:\/\/www.europesays.com\/it\/665710\/"},"modified":"2026-09-05T03:15:23","modified_gmt":"2026-09-05T03:15:23","slug":"si-imbuca-alla-festa-privata-e-si-tuffa-nel-laghetto-del-club-muore-a-36-anni-cristiano-serravalle","status":"publish","type":"post","link":"https:\/\/www.europesays.com\/it\/665710\/","title":{"rendered":"Si imbuca alla festa privata e si tuffa nel laghetto del club, muore a 36 anni Cristiano Serravalle"},"content":{"rendered":"<p>Cristiano Serravalle si \u00e8 tuffato nel laghetto del \u00abReef club\u00bb di Badia Polesine dove era in corso una festa riservata ai soci<\/p>\n<p class=\"chapter-paragraph\">In stato di alterazione alcolica, \u00e8 entrato in <b>un laghetto artificiale per la pesca<\/b> e non ne \u00e8 pi\u00f9 uscito. <b>Cristiano Serravalle<\/b>, disoccupato di Lendinara, \u00e8 annegato ieri sera (3 settembre) attorno alle 22.30 al \u00abReef club\u00bb di Badia Polesine, <b>un circolo privato <\/b>con laghetto di pesca sportiva in Via Cavallo. Aveva 36 anni. <\/p>\n<p>    La festa e la morte<\/p>\n<p class=\"chapter-paragraph\">Ieri sera verso le 22 Serravalle, assieme ad un amico, \u00e8 entrato abusivamente al \u00abReef club\u00bb dove era in corso <b>una festa privata per i soci<\/b>, alla quale si poteva entrare solo con tessera. La struttura di via Cavallo \u00e8 molto frequentata a livello locale come spazio all&#8217;aperto immerso nel verde ed adatto a feste private, cene, <b>musica dal vivo<\/b> e serate estive. <\/p>\n<p>Serravalle e l\u2019amico, entrambi alterati, sono comunque riusciti ad entrare. Al bar hanno chiesto di poter bere alcol, senza essere serviti. Poco dopo Serravalle si \u00e8 spogliato ed \u00e8 entrato nel laghetto, restando vicino a riva. Nonostante le richieste dei titolari di uscire,<b> Serravalle non \u00e8 uscito<\/b>. Dopo qualche minuto ha cominciato ad annaspare. Il titolare del \u00abReef club\u00bb Luca Bozzolan ha preso la barca cercando di riportarlo a riva ma, a causa del buio, non \u00e8 riuscito a vederlo. Al club di via Cavallo sono intervenuti i <b>sommozzatori dei vigili del fuoco <\/b>che hanno recuperato il corpo del 36enne, ormai privo di vita. La Procura di Rovigo non sta procedendo per l\u2019accaduto, e la salma \u00e8 stata restituita ai genitori coi quali il 36enne viveva per le esequie. <br \/>&#13;<br \/>\n&#13;<br \/>\n&#13;<br \/>\n&#13;<br \/>\n&#13;<br \/>\n&#13;<br \/>\n&#13;<br \/>\n&#13;<br \/>\n&#13;<br \/>\n&#13;<br \/>\n&#13;<br \/>\n&#13;<br \/>\n&#13;<br \/>\n&#13;<br \/>\n&#13;<br \/>\n&#13;<br \/>\n&#13;<br \/>\n&#13;<br \/>\n&#13;<br \/>\n&#13;<br \/>\n&#13;<br \/>\n&#13;<br \/>\n&#13;<br \/>\n&#13;<br \/>\n&#13;<br \/>\n&#13;<br \/>\n&#13;<br \/>\n&#13;<br \/>\n&#13;<br \/>\n&#13;<br \/>\n&#13;<br \/>\n&#13;<br \/>\n&#13;<br \/>\n&#13;<br \/>\n&#13;<br \/>\n&#13;<br \/>\n&#13;<br \/>\n&#13;<br \/>\n&#13;<br \/>\n&#13;<br \/>\n&#13;<br \/>\n&#13;<br \/>\n&#13;<br \/>\n&#13;<br \/>\n&#13;<br \/>\n&#13;<br \/>\n&#13;<br \/>\n&#13;<br \/>\n&#13;<br \/>\n&#13;<br \/>\n&#13;<br \/>\n&#13;<br \/>\n&#13;\n<\/p>\n<p class=\"chapter-paragraph\">Nel pomeriggio di ieri il 36enne, in preda ai fumi dell\u2019alcol, aveva gi\u00e0 compiuto un gesto analogo <b>gettandosi in Adigetto<\/b> dopo esser stato in un bar. In quel caso Serravalle \u00e8 stato portato a riva da alcuni muratori. <\/p>\n<p class=\"chapter-paragraph\">Cristiano Serravalle abitava <b>nella frazione lendinarese di Sabbioni<\/b>. Oltre ai genitori lascia un fratello.<\/p>\n<p class=\"is-last-update\" datetime=\"2026-09-04T19:29:10+02:00\">4 settembre 2026 ( modifica il 4 settembre 2026 | 19:29)<\/p>\n<p class=\"is-copyright\">\n            \u00a9 RIPRODUZIONE RISERVATA\n        <\/p>\n","protected":false},"excerpt":{"rendered":"Cristiano Serravalle si \u00e8 tuffato nel laghetto del \u00abReef club\u00bb di Badia Polesine dove era in corso una&hellip;\n","protected":false},"author":3,"featured_media":665711,"comment_status":"","ping_status":"","sticky":false,"template":"","format":"standard","meta":{"footnotes":"","_share_on_mastodon":"0"},"categories":[79],"tags":[10041,4008,29596,50526,12384,4644,554,366711,366712,790,366713,6101,366708,14,93,94,1115,7091,2217,1537,90,89,34797,7,15,366709,366710,13792,37962,11,84,91,12,85,92],"class_list":["post-665710","post","type-post","status-publish","format-standard","has-post-thumbnail","category-italia","tag-alcol","tag-amico","tag-badia","tag-badia-polesine","tag-bar","tag-cavallo","tag-club","tag-club-badia","tag-club-badia-polesine","tag-corso","tag-corso-festa","tag-cristiano","tag-cristiano-serravalle","tag-cronaca","tag-cronaca-italiana","tag-cronacaitaliana","tag-entrare","tag-entrato","tag-festa","tag-it","tag-italia","tag-italy","tag-laghetto","tag-news","tag-notizie","tag-reef","tag-reef-club","tag-riva","tag-serravalle","tag-ultime-notizie","tag-ultime-notizie-e-news-di-oggi","tag-ultime-notizie-italia","tag-ultimenotizie","tag-ultimenotizieenewsdioggi","tag-ultimenotizieitalia"],"share_on_mastodon":{"url":"","error":"Validation failed: Text character limit of 500 exceeded"},"_links":{"self":[{"href":"https:\/\/www.europesays.com\/it\/wp-json\/wp\/v2\/posts\/665710","targetHints":{"allow":["GET"]}}],"collection":[{"href":"https:\/\/www.europesays.com\/it\/wp-json\/wp\/v2\/posts"}],"about":[{"href":"https:\/\/www.europesays.com\/it\/wp-json\/wp\/v2\/types\/post"}],"author":[{"embeddable":true,"href":"https:\/\/www.europesays.com\/it\/wp-json\/wp\/v2\/users\/3"}],"replies":[{"embeddable":true,"href":"https:\/\/www.europesays.com\/it\/wp-json\/wp\/v2\/comments?post=665710"}],"version-history":[{"count":0,"href":"https:\/\/www.europesays.com\/it\/wp-json\/wp\/v2\/posts\/665710\/revisions"}],"wp:featuredmedia":[{"embeddable":true,"href":"https:\/\/www.europesays.com\/it\/wp-json\/wp\/v2\/media\/665711"}],"wp:attachment":[{"href":"https:\/\/www.europesays.com\/it\/wp-json\/wp\/v2\/media?parent=665710"}],"wp:term":[{"taxonomy":"category","embeddable":true,"href":"https:\/\/www.europesays.com\/it\/wp-json\/wp\/v2\/categories?post=665710"},{"taxonomy":"post_tag","embeddable":true,"href":"https:\/\/www.europesays.com\/it\/wp-json\/wp\/v2\/tags?post=665710"}],"curies":[{"name":"wp","href":"https:\/\/api.w.org\/{rel}","templated":true}]}}