{"id":665722,"date":"2026-09-05T03:31:43","date_gmt":"2026-09-05T03:31:43","guid":{"rendered":"https:\/\/www.europesays.com\/it\/665722\/"},"modified":"2026-09-05T03:31:43","modified_gmt":"2026-09-05T03:31:43","slug":"lattico-che-incornicia-il-paesaggio-mediterraneo","status":"publish","type":"post","link":"https:\/\/www.europesays.com\/it\/665722\/","title":{"rendered":"L&#8217;attico che incornicia il paesaggio mediterraneo"},"content":{"rendered":"<p data-journey-content=\"true\" data-node-id=\"3\" class=\"css-1ood0zq emevuu60\">Gli <strong data-node-id=\"3.1\">attici<\/strong> sono tra gli spazi pi\u00f9 ambiti degli <a href=\"https:\/\/www.elledecor.com\/it\/hotel-di-design\/\" target=\"_blank\" data-vars-ga-outbound-link=\"https:\/\/www.elledecor.com\/it\/hotel-di-design\/\" data-vars-ga-ux-element=\"Hyperlink\" data-vars-ga-call-to-action=\"hotel di lusso\" data-node-id=\"3.3\" class=\"body-link css-g36lkp emevuu60\" rel=\"nofollow noopener\">hotel di lusso<\/a>. Occupano posizioni privilegiate, offrono una privacy difficile da trovare in altre camere e, proprio per il loro carattere esclusivo, anche i loro interni finiscono per diventare veri e propri oggetti del desiderio. \u00c8 proprio ci\u00f2 che accade nell\u2019attico di <strong data-node-id=\"3.5\">La Zambra<\/strong>, a Mijas: uno spazio con una personalit\u00e0 molto pi\u00f9 marcata rispetto al resto dell\u2019hotel, quasi un universo a s\u00e9 stante, che tuttavia mantiene intatta la sua essenza e condivide con esso materiali, finiture e richiami stilistici.<\/p>\n<p data-journey-content=\"true\" data-node-id=\"8\" class=\"css-1ood0zq emevuu60\">Ma questa camera ha anche un\u2019altra storia alle spalle. Il suo design si ispira alla <strong data-node-id=\"8.1\"><a href=\"https:\/\/www.elledecor.com\/it\/case\/a65000238\/villa-marbella-gc-studio-mediterraneo\/\" target=\"_blank\" data-vars-ga-outbound-link=\"https:\/\/www.elledecor.com\/it\/case\/a65000238\/villa-marbella-gc-studio-mediterraneo\/\" data-vars-ga-ux-element=\"Hyperlink\" data-vars-ga-call-to-action=\"Marbella\" data-node-id=\"8.1.0\" class=\"body-link css-g36lkp emevuu60\" rel=\"nofollow noopener\">Marbella<\/a><\/strong> degli anni \u201980 e al vecchio Hotel Byblos, inaugurato a Mijas nel 1986 e diventato una delle grandi icone della Costa del Sol di quell\u2019epoca. Abbiamo parlato in esclusiva con lo studio di interior design <strong data-node-id=\"8.5\"><a href=\"https:\/\/room1804.com\/\" target=\"_blank\" rel=\"nofollow noopener\" data-vars-ga-outbound-link=\"https:\/\/room1804.com\/\" data-vars-ga-ux-element=\"Hyperlink\" data-vars-ga-call-to-action=\"Room 1804 Design\" data-node-id=\"8.5.0\" class=\"body-link css-g36lkp emevuu60\">Room 1804 Design<\/a><\/strong>, che si \u00e8 occupato di recuperare parte di quell\u2019immaginario. Tuttavia, invece di creare un allestimento retr\u00f2, lo studio ha reinterpretato il glamour di quegli anni attraverso un linguaggio contemporaneo.<\/p>\n<p><img draggable=\"true\" alt=\"sunny outdoor patio with wicker chairs, plants, and a bar area.\" title=\"sunny outdoor patio with wicker chairs, plants, and a bar area.\" loading=\"lazy\" width=\"1200\" height=\"800\" decoding=\"async\" data-nimg=\"1\" style=\"color:transparent;width:100%;height:auto;\"   src=\"https:\/\/www.europesays.com\/it\/wp-content\/uploads\/2026\/09\/e704447c-890a-4563-8afd-035cff78eae7.jpg\" class=\"css-0 e1ddfba50\"\/><\/p>\n<p>Cortes\u00eda de La Zambra<\/p>\n<p>Com&#8217;\u00e8 l&#8217;attico di La Zambra e perch\u00e9 si ispira alla Marbella degli anni &#8217;80 <\/p>\n<p data-journey-content=\"true\" data-node-id=\"16\" class=\"css-1ood0zq emevuu60\">Il riferimento agli anni \u201980 non si traduce in una serie di strizzatine d\u2019occhio nostalgiche. Ci\u00f2 che ci interessava recuperare era l\u2019atmosfera di un\u2019epoca caratterizzata dall\u2019ottimismo, dalla vita sociale e da una concezione particolarmente edonistica del lusso. Marbella si era ormai affermata come luogo di incontro per personalit\u00e0 del mondo della cultura, del cinema, della musica, della moda e dell\u2019alta societ\u00e0 internazionale.<\/p>\n<p><img decoding=\"async\" data-dynamic-svg=\"true\" src=\"https:\/\/www.elledecor.com\/_assets\/design-tokens\/fre\/static\/icons\/arrow-right.7440adc.svg?primary=%2523D4D4D4\" loading=\"lazy\" data-testid=\"dynamic-svg-base\" height=\"auto\" width=\"auto\" aria-label=\"Prev carousel button\" alt=\"Chevron Left Icon\" data-theme-key=\"icon-button-icon\" transform=\"scaleX(-1)\" class=\"css-14vtfey erhb41k0\"\/><img decoding=\"async\" data-dynamic-svg=\"true\" src=\"https:\/\/www.elledecor.com\/_assets\/design-tokens\/fre\/static\/icons\/arrow-right.7440adc.svg?primary=%2523ffffff\" loading=\"lazy\" data-testid=\"dynamic-svg-base\" height=\"auto\" width=\"auto\" aria-label=\"Next carousel button\" alt=\"Chevron Right Icon\" data-theme-key=\"icon-button-icon\" class=\"css-18znc9e erhb41k0\"\/><\/p>\n<p data-journey-content=\"true\" data-node-id=\"21\" class=\"css-1ood0zq emevuu60\">\u00abPi\u00f9 che riprodurre letteralmente l\u2019<strong data-node-id=\"21.1\">estetica degli anni \u201980<\/strong>, ci interessava cogliere l\u2019essenza che ha definito quel periodo cos\u00ec speciale di Marbella. Abbiamo ristrutturato lo spazio per ricreare l\u2019atmosfera e il glamour degli anni \u201980\u00bb, spiegano da Room 1804 Design. L\u2019obiettivo era che l\u2019ospite percepisse fin dal primo momento di essere entrato in uno spazio diverso, con una certa teatralit\u00e0 ma senza rinunciare alla tranquillit\u00e0. Per questo, gli elementi di ispirazione retr\u00f2 e la tavolozza di tonalit\u00e0 pi\u00f9 intense convivono con un\u2019atmosfera luminosa e calda, che attenua l\u2019effetto scenografico e rende l\u2019insieme confortevole.<\/p>\n<p>Marmo, legno, archi ed elementi scultorei conferiscono personalit\u00e0 agli interni<br data-node-id=\"22.1\"\/><\/p>\n<p data-journey-content=\"true\" data-node-id=\"27\" class=\"css-1ood0zq emevuu60\">Questo equilibrio \u00e8 legato anche al concetto di \u201c<strong data-node-id=\"27.1\">lusso boh\u00e9mien<\/strong>\u201d che caratterizza La Zambra. Di fronte a un lusso rigido o eccessivamente formale, qui si punta sulla personalit\u00e0, sulla libert\u00e0 creativa e sul mix. Ci sono elementi con una presenza tale da fungere quasi da opere d\u2019arte e altri pi\u00f9 discreti che creano una base serena. Il risultato vuole essere elegante ma disinvolto, intendendo il lusso non come un\u2019ostentazione di esclusivit\u00e0, ma come un\u2019esperienza legata al benessere e all\u2019emozione.<\/p>\n<p><img draggable=\"true\" alt=\"modern dining room with marble bar, abstract chandelier, and large windows.\" title=\"modern dining room with marble bar, abstract chandelier, and large windows.\" loading=\"lazy\" width=\"3500\" height=\"2265\" decoding=\"async\" data-nimg=\"1\" style=\"color:transparent;width:100%;height:auto;\"   src=\"https:\/\/www.europesays.com\/it\/wp-content\/uploads\/2026\/09\/1dfdc2d8-8ded-49d8-88c1-28dea0d9d4c0.jpg\" class=\"css-0 e1ddfba50\"\/><a target=\"_blank\" rel=\"noopener nofollow\" data-theme-key=\"base-link\" href=\"https:\/\/pinterest.com\/pin\/create\/button\/?url=https:\/\/www.elledecor.com\/it\/case\/a73568697\/attico-mediterraneo-bellissimo\/&amp;description=elledecoritalia&amp;media=https:\/\/hips.hearstapps.com\/hmg-prod\/images\/1dfdc2d8-8ded-49d8-88c1-28dea0d9d4c0.jpg?resize=1600:*\" class=\"pinterest css-on9hn5 e1socmtw0\"><img decoding=\"async\" data-dynamic-svg=\"true\" src=\"https:\/\/www.elledecor.com\/_assets\/design-tokens\/fre\/static\/icons\/social\/pinterest.e8cf655.svg?primary=%2523ffffff\" loading=\"lazy\" data-testid=\"dynamic-svg-base\" height=\"auto\" width=\"auto\" alt=\"pinterest\" class=\"css-4lml0h e1mlxuuw1\"\/><\/a><\/p>\n<p>Cortes\u00eda de La Zambra<\/p>\n<p data-journey-content=\"true\" data-node-id=\"34\" class=\"css-1ood0zq emevuu60\">I materiali sono fondamentali per ottenere questa dualit\u00e0. Il <a href=\"https:\/\/www.elledecor.com\/it\/architettura\/a71893418\/micro-architetture-in-marmo-a-carrara\/\" target=\"_blank\" data-vars-ga-outbound-link=\"https:\/\/www.elledecor.com\/it\/architettura\/a71893418\/micro-architetture-in-marmo-a-carrara\/\" data-vars-ga-ux-element=\"Hyperlink\" data-vars-ga-call-to-action=\"marmo\" data-node-id=\"34.1\" class=\"body-link css-g36lkp emevuu60\" rel=\"nofollow noopener\">marmo<\/a> e il <a href=\"https:\/\/www.elledecor.com\/it\/design\/a43246749\/arredi-di-design-in-legno\/\" target=\"_blank\" data-vars-ga-outbound-link=\"https:\/\/www.elledecor.com\/it\/design\/a43246749\/arredi-di-design-in-legno\/\" data-vars-ga-ux-element=\"Hyperlink\" data-vars-ga-call-to-action=\"legno\" data-node-id=\"34.3\" class=\"body-link css-g36lkp emevuu60\" rel=\"nofollow noopener\">legno<\/a> conferiscono una base nobile e senza tempo, mentre le superfici a specchio e le finiture metalliche introducono riflessi, lucentezza e una certa atmosfera festosa. A questi si aggiungono la pietra, i legni chiari, le finiture minerali e le trame legate alla tradizione locale, come corde, fibre e intrecci naturali. Questa combinazione contribuisce a creare una raffinatezza meno rigida, profondamente legata al <strong data-node-id=\"34.5\">carattere mediterraneo<\/strong> del progetto.<\/p>\n<p><img draggable=\"true\" alt=\"bright dining area with large window, modern table, plants, and abstract art.\" title=\"bright dining area with large window, modern table, plants, and abstract art.\" loading=\"lazy\" width=\"1200\" height=\"800\" decoding=\"async\" data-nimg=\"1\" style=\"color:transparent;width:100%;height:auto;\"   src=\"https:\/\/www.europesays.com\/it\/wp-content\/uploads\/2026\/09\/e994023f-4202-4eed-86f5-26100a3435f2.jpg\" class=\"css-0 e1ddfba50\"\/><\/p>\n<p>Cortes\u00eda de La Zambra<\/p>\n<p data-journey-content=\"true\" data-node-id=\"42\" class=\"css-1ood0zq emevuu60\">Uno degli elementi che definisce con maggiore chiarezza il design degli interni \u00e8 l\u2019arco. La geometria, molto presente nell\u2019architettura dell\u2019hotel e legata al suo <strong data-node-id=\"42.1\">immaginario andaluso,<\/strong> si riflette in diversi elementi della suite. Nel salotto, un grande divano curvo smette di essere un semplice elemento d\u2019arredo per trasformarsi quasi in un elemento architettonico: organizza lo spazio, avvolge la zona soggiorno e indirizza lo sguardo verso l\u2019esterno. Accanto ad esso, un grande specchio ad arco moltiplica l\u2019ingresso della luce e riflette sia il paesaggio che i colori che il cielo assume al tramonto.<\/p>\n<p><img draggable=\"true\" alt=\"modern bedroom with a large bed, colorful pillows, floor lamp, blue chair, and a ceiling fan.\" title=\"modern bedroom with a large bed, colorful pillows, floor lamp, blue chair, and a ceiling fan.\" loading=\"lazy\" width=\"1200\" height=\"776\" decoding=\"async\" data-nimg=\"1\" style=\"color:transparent;width:100%;height:auto;\"   src=\"https:\/\/www.europesays.com\/it\/wp-content\/uploads\/2026\/09\/a4e03e04-00a6-49af-9fda-e93a41b96916.jpg\" class=\"css-0 e1ddfba50\"\/><\/p>\n<p>Cortes\u00eda de La Zambra<\/p>\n<p data-journey-content=\"true\" data-node-id=\"49\" class=\"css-1ood0zq emevuu60\">La camera da letto riprende lo stesso linguaggio in chiave pi\u00f9 intima. La testiera \u00e8 concepita come un elemento scultoreo composto da archi, tonalit\u00e0 chiare e scure e diverse geometrie che incorniciano il letto e ne rafforzano il ruolo da protagonista. L\u2019idea di creare spazi con una propria identit\u00e0 si estende anche alle zone solitamente pi\u00f9 funzionali. \u00c8 il caso della cabina armadio, dove un\u2019intensa<strong data-node-id=\"49.1\"> tonalit\u00e0 verde<\/strong> avvolgente trasforma lo spazio in uno degli ambienti pi\u00f9 singolari dell\u2019attico e stabilisce, al contempo, un legame cromatico con il paesaggio esterno.<\/p>\n<p><img draggable=\"true\" alt=\"modern bathroom with double sinks, large mirror, and natural light.\" title=\"modern bathroom with double sinks, large mirror, and natural light.\" loading=\"lazy\" width=\"1200\" height=\"789\" decoding=\"async\" data-nimg=\"1\" style=\"color:transparent;width:100%;height:auto;\"   src=\"https:\/\/www.europesays.com\/it\/wp-content\/uploads\/2026\/09\/524a731e-0557-4738-a430-8f02b1bd0aea.jpg\" class=\"css-0 e1ddfba50\"\/><\/p>\n<p>Cortes\u00eda de La Zambra<\/p>\n<p data-journey-content=\"true\" data-node-id=\"55\" class=\"css-1ood0zq emevuu60\">Anche il bagno \u00e8 concepito come qualcosa di pi\u00f9 di un semplice locale funzionale. L&#8217;acqua, la luce e il rapporto con l&#8217;esterno fanno parte del suo design, con vasca da bagno e doccia esterna che contribuiscono a un&#8217;esperienza incentrata sul benessere. Questo elemento non appare in modo isolato: il suono e la presenza dell&#8217;acqua accompagnano diversi momenti del percorso attraverso l&#8217;attico, dalla fontana situata all&#8217;ingresso fino alla piscina esterna. \u00c8 un filo sensoriale continuo che collega i diversi spazi e rafforza la sensazione di calma.<\/p>\n<p>La terrazza con piscina privata e la vista sul campo da golf caratterizzano il design<br data-node-id=\"57.1\"\/><\/p>\n<p data-journey-content=\"true\" data-node-id=\"62\" class=\"css-1ood0zq emevuu60\">La posizione elevata dell\u2019attico ha fatto s\u00ec che l\u2019ambiente esterno influenzasse gran parte delle scelte di arredamento. La vista sul campo da golf, l\u2019ingresso della luce e, in particolare, il tramonto sono stati considerati come elementi integranti del progetto. Le <strong data-node-id=\"62.1\"><a href=\"https:\/\/www.elledecor.com\/it\/viaggi\/a69641523\/terrazze-milano\/\" target=\"_blank\" data-vars-ga-outbound-link=\"https:\/\/www.elledecor.com\/it\/viaggi\/a69641523\/terrazze-milano\/\" data-vars-ga-ux-element=\"Hyperlink\" data-vars-ga-call-to-action=\"terrazze\" data-node-id=\"62.1.0\" class=\"body-link css-g36lkp emevuu60\" rel=\"nofollow noopener\">terrazze<\/a><\/strong> non sono un complemento delle stanze interne, ma un prolungamento della suite, progettate per offrire diversi modi di godersi l\u2019esterno a seconda del momento della giornata.<\/p>\n<p><img draggable=\"true\" alt=\"rooftop terrace with a pool overlooking a golf course and hills in the background.\" title=\"rooftop terrace with a pool overlooking a golf course and hills in the background.\" loading=\"lazy\" width=\"1200\" height=\"800\" decoding=\"async\" data-nimg=\"1\" style=\"color:transparent;width:100%;height:auto;\"   src=\"https:\/\/www.europesays.com\/it\/wp-content\/uploads\/2026\/09\/cbc634a6-9bad-48ee-bd46-c60b4bb09fff.jpg\" class=\"css-0 e1ddfba50\"\/><\/p>\n<p>Cortes\u00eda de La Zambra<\/p>\n<p data-journey-content=\"true\" data-node-id=\"69\" class=\"css-1ood0zq emevuu60\">Lo spazio \u00e8 suddiviso in diversi livelli e ambienti. Ci sono angoli pi\u00f9 tranquilli pensati per fare colazione o leggere, una zona con piscina privata dove rilassarsi durante il giorno e un\u2019area lounge in cui spicca un bancone in<strong data-node-id=\"69.1\"> marmo bianco e nero<\/strong>. Quest\u2019ultima \u00e8 stata concepita proprio per godersi un drink al tramonto, trasformando il tramonto in parte integrante del design e non semplicemente in un panorama da ammirare da una finestra.<\/p>\n<p><img draggable=\"true\" alt=\"cozy outdoor patio with wicker furniture, plants, and city view\" title=\"cozy outdoor patio with wicker furniture, plants, and city view\" loading=\"lazy\" width=\"1200\" height=\"776\" decoding=\"async\" data-nimg=\"1\" style=\"color:transparent;width:100%;height:auto;\"   src=\"https:\/\/www.europesays.com\/it\/wp-content\/uploads\/2026\/09\/bca6ea84-7cc2-46c3-8ac2-b4ecce2288b6.jpg\" class=\"css-0 e1ddfba50\"\/><\/p>\n<p>Cortes\u00eda de La Zambra<\/p>\n<p data-journey-content=\"true\" data-node-id=\"76\" class=\"css-1ood0zq emevuu60\">L&#8217;esperienza inizia ancora prima di varcare la soglia. L\u2019accesso alla suite funge da transizione tra le aree comuni dell\u2019hotel e la privacy dell\u2019attico, con un pergolato ricoperto di vegetazione autoctona e una fontana che richiama il legame storico del paesaggio andaluso con la natura e i canali di irrigazione. Acqua, vegetazione, pietra e legno introducono l\u2019ospite nell\u2019universo pi\u00f9 intimo di La Zambra prima di raggiungere gli ambienti principali. Il tutto mantiene un dialogo costante con l<strong data-node-id=\"76.1\">\u2019architettura originale<\/strong> dell\u2019hotel, caratterizzata da facciate chiare, cortili, vegetazione, acqua e tetti in tegole di terracotta chiara con dettagli smaltati di blu. L\u2019attico si distingue dal resto per un maggiore uso del colore, composizioni pi\u00f9 libere ed elementi dal forte carattere scultoreo, ma conserva materiali e codici comuni che ne garantiscono la continuit\u00e0. Si tratta, secondo le parole dello studio, di una versione pi\u00f9 espressiva dello stesso linguaggio.<\/p>\n<p data-journey-content=\"true\" data-node-id=\"82\" class=\"css-1ood0zq emevuu60\">L\u2019eredit\u00e0 dell\u2019antico Byblos emerge cos\u00ec in modo pi\u00f9 emotivo che letterale. Non si \u00e8 cercato di ricostruire com\u2019era un interno degli anni \u201980, ma di recuperare quel mix di intimit\u00e0, glamour, vita sociale e divertimento associato all\u2019epoca d\u2019oro della Costa del Sol. In questo attico, quello spirito si traduce in interni che mirano a sorprendere, ma anche in terrazze dove trascorrere ore, spazi dedicati alla <strong data-node-id=\"82.1\">tranquillit\u00e0<\/strong> e a un rapporto costante con la luce e il paesaggio. Perch\u00e9 qui il vero lusso sta nell\u2019esperienza: nel poter vivere ogni spazio e non limitarsi semplicemente a contemplarlo.<\/p>\n<p data-journey-content=\"true\" data-node-id=\"89\" class=\"css-1ood0zq emevuu60\"><a href=\"https:\/\/www.elledecor.com\/es\/casas\/a73384582\/penthouse-zambra-marbella\/\" target=\"_blank\" data-vars-ga-outbound-link=\"https:\/\/www.elledecor.com\/es\/casas\/a73384582\/penthouse-zambra-marbella\/\" data-vars-ga-ux-element=\"Hyperlink\" data-vars-ga-call-to-action=\"Da ELLE Decor ES\" data-node-id=\"89.0\" class=\"body-link css-g36lkp emevuu60\" rel=\"nofollow noopener\">Da ELLE Decor ES<\/a><\/p>\n<p>Pouf, sgabelli e tavolini<a target=\"_blank\" rel=\"nofollow noopener\" data-theme-key=\"product-image-wrapper\" href=\"https:\/\/click.linksynergy.com\/deeplink?id=2fv8O7DnZlc&amp;mid=49049&amp;murl=https%3A%2F%2Fwww.westwing.it%2Ftavolino-rotondo-amina-150238.html&amp;u1=edcit|xid:{xid}\" aria-label=\"139\u00a0\u20ac su westwing.it per Tavolino rotondo Amina\" data-href=\"https:\/\/www.westwing.it\/tavolino-rotondo-amina-150238.html\" data-product-url=\"https:\/\/www.westwing.it\/tavolino-rotondo-amina-150238.html\" data-affiliate=\"true\" data-affiliate-url=\"https:\/\/click.linksynergy.com\/deeplink?id=2fv8O7DnZlc&amp;mid=49049&amp;murl=https%3A%2F%2Fwww.westwing.it%2Ftavolino-rotondo-amina-150238.html&amp;u1=edcit|xid:{xid}\" data-affiliate-network=\"{&quot;site_id&quot;:&quot;0550d705-7712-4019-a8b2-0f35da30918c&quot;,&quot;metadata&quot;:{&quot;trackonomics&quot;:{&quot;network_name&quot;:&quot;ls&quot;}},&quot;network&quot;:{&quot;name&quot;:&quot;Trackonomics&quot;},&quot;product_metadata&quot;:{&quot;0550d705-7712-4019-a8b2-0f35da30918c&quot;:{&quot;network_name&quot;:&quot;ls&quot;,&quot;link&quot;:&quot;https:\/\/click.linksynergy.com\/deeplink?id=2fv8O7DnZlc&amp;mid=49049&amp;murl=https%3A%2F%2Fwww.westwing.it%2Ftavolino-rotondo-amina-150238.html&amp;u1={subid}&quot;}}}\" data-fp-affiliate-inline-link=\"true\" data-fp-affiliate-button-link=\"false\" data-vars-ga-call-to-action=\"139\u00a0\u20ac su westwing.it\" data-vars-ga-media-role=\"1\" data-vars-ga-media-type=\"Embedded Gallery List\" data-vars-ga-outbound-link=\"https:\/\/www.westwing.it\/tavolino-rotondo-amina-150238.html\" data-vars-ga-product-brand=\"Westwing Collection\" data-vars-ga-product-id=\"ff116fa0-aff1-4ef5-81e8-614f4322caa9\" data-vars-ga-product-price=\"139,00\u00a0\u20ac\" data-vars-ga-product-retailer-id=\"cfe40be3-4f2b-4a29-abf7-2dd7b52d2412\" data-vars-ga-product-sem3-brand=\"Westwing Collection\" data-vars-ga-gallery-display=\"list\" data-vars-ga-link-treatment=\"(not set) | (not set)\" data-vars-ga-sku=\"150238\" data-vars-ga-magento-tracking=\"1\" class=\"product-image-link ebgq4gw7 e12px3ys0 css-g6od0w e1socmtw0\"><img  alt=\"Tavolino rotondo Amina\" title=\"Tavolino rotondo Amina\" data-fp-product-image=\"true\" datafptag=\"data-fp-product-image\" src=\"https:\/\/www.europesays.com\/it\/wp-content\/uploads\/2026\/09\/1749724254-1739285560-immagine-2025-02-11-160619-67ab6393dd634.png\" width=\"577\" height=\"726\" decoding=\"async\" loading=\"lazy\"\/><\/a>Tavolino rotondo AminaCredit: Courtesy photo<a target=\"_blank\" rel=\"nofollow noopener\" data-theme-key=\"product-image-wrapper\" href=\"https:\/\/click.linksynergy.com\/deeplink?id=2fv8O7DnZlc&amp;mid=49049&amp;murl=https%3A%2F%2Fwww.westwing.it%2Fdedar-milano-x-westwing-pouf-di-design-lino-169573.html&amp;u1=edcit|xid:{xid}\" aria-label=\"239\u00a0\u20ac su westwing.it per DEDAR Milano x Westwing, pouf di design Lino\" data-href=\"https:\/\/www.westwing.it\/dedar-milano-x-westwing-pouf-di-design-lino-169573.html\" data-product-url=\"https:\/\/www.westwing.it\/dedar-milano-x-westwing-pouf-di-design-lino-169573.html\" data-affiliate=\"true\" data-affiliate-url=\"https:\/\/click.linksynergy.com\/deeplink?id=2fv8O7DnZlc&amp;mid=49049&amp;murl=https%3A%2F%2Fwww.westwing.it%2Fdedar-milano-x-westwing-pouf-di-design-lino-169573.html&amp;u1=edcit|xid:{xid}\" data-affiliate-network=\"{&quot;site_id&quot;:&quot;0550d705-7712-4019-a8b2-0f35da30918c&quot;,&quot;metadata&quot;:{&quot;trackonomics&quot;:{&quot;network_name&quot;:&quot;ls&quot;}},&quot;network&quot;:{&quot;name&quot;:&quot;Trackonomics&quot;},&quot;product_metadata&quot;:{&quot;0550d705-7712-4019-a8b2-0f35da30918c&quot;:{&quot;network_name&quot;:&quot;ls&quot;,&quot;link&quot;:&quot;https:\/\/click.linksynergy.com\/deeplink?id=2fv8O7DnZlc&amp;mid=49049&amp;murl=https%3A%2F%2Fwww.westwing.it%2Fdedar-milano-x-westwing-pouf-di-design-lino-169573.html&amp;u1={subid}&quot;}}}\" data-fp-affiliate-inline-link=\"true\" data-fp-affiliate-button-link=\"false\" data-vars-ga-call-to-action=\"239\u00a0\u20ac su westwing.it\" data-vars-ga-media-role=\"1\" data-vars-ga-media-type=\"Embedded Gallery List\" data-vars-ga-outbound-link=\"https:\/\/www.westwing.it\/dedar-milano-x-westwing-pouf-di-design-lino-169573.html\" data-vars-ga-product-id=\"6aea77cf-2fb2-4beb-8210-ed67b8de64d0\" data-vars-ga-product-price=\"239,00\u00a0\u20ac\" data-vars-ga-product-retailer-id=\"4e998a8d-4065-4bce-9995-d9402f4eb84a\" data-vars-ga-gallery-display=\"list\" data-vars-ga-link-treatment=\"sale | (not set)\" data-vars-ga-sku=\"169573\" data-vars-ga-magento-tracking=\"1\" class=\"product-image-link ebgq4gw7 e12px3ys0 css-g6od0w e1socmtw0\"><img  alt=\"DEDAR Milano x Westwing, pouf di design Lino\" title=\"DEDAR Milano x Westwing, pouf di design Lino\" data-fp-product-image=\"true\" datafptag=\"data-fp-product-image\" src=\"https:\/\/www.europesays.com\/it\/wp-content\/uploads\/2026\/09\/1749724191-deq24wes57554-219140-dc4d167259bc52ccdd7cdfa6f6e43ae0-dtl-1-684aabfa33916.png\" width=\"2000\" height=\"2667\" decoding=\"async\" loading=\"lazy\"\/><\/a>DEDAR Milano x Westwing, pouf di design Lino<\/p>\n<p>Ora in sconto del 20%<\/p>\n<p>Credit: Courtesy photo<a target=\"_blank\" rel=\"nofollow noopener\" data-theme-key=\"product-image-wrapper\" href=\"https:\/\/click.linksynergy.com\/deeplink?id=2fv8O7DnZlc&amp;mid=49049&amp;u1=edcit|xid:{xid}&amp;murl=https%3A%2F%2Fwww.westwing.it%2Ftavolino-in-vetro-anouk-148726.html\" aria-label=\"199\u00a0\u20ac su westwing.it per Tavolino in vetro Anouk\" data-href=\"https:\/\/www.westwing.it\/tavolino-in-vetro-anouk-148726.html\" data-product-url=\"https:\/\/www.westwing.it\/tavolino-in-vetro-anouk-148726.html\" data-affiliate=\"true\" data-affiliate-url=\"https:\/\/click.linksynergy.com\/deeplink?id=2fv8O7DnZlc&amp;mid=49049&amp;u1=edcit|xid:{xid}&amp;murl=https%3A%2F%2Fwww.westwing.it%2Ftavolino-in-vetro-anouk-148726.html\" data-affiliate-network=\"{&quot;site_id&quot;:&quot;0550d705-7712-4019-a8b2-0f35da30918c&quot;,&quot;metadata&quot;:{&quot;trackonomics&quot;:{&quot;network_name&quot;:&quot;ls&quot;}},&quot;network&quot;:{&quot;name&quot;:&quot;Trackonomics&quot;},&quot;product_metadata&quot;:{&quot;0550d705-7712-4019-a8b2-0f35da30918c&quot;:{&quot;network_name&quot;:&quot;ls&quot;,&quot;link&quot;:&quot;https:\/\/click.linksynergy.com\/deeplink?id=2fv8O7DnZlc&amp;mid=49049&amp;u1={subid}&amp;murl=https%3A%2F%2Fwww.westwing.it%2Ftavolino-in-vetro-anouk-148726.html&quot;}}}\" data-fp-affiliate-inline-link=\"true\" data-fp-affiliate-button-link=\"false\" data-vars-ga-call-to-action=\"199\u00a0\u20ac su westwing.it\" data-vars-ga-media-role=\"1\" data-vars-ga-media-type=\"Embedded Gallery List\" data-vars-ga-outbound-link=\"https:\/\/www.westwing.it\/tavolino-in-vetro-anouk-148726.html\" data-vars-ga-product-brand=\"Westwing Collection\" data-vars-ga-product-id=\"8c49f862-7987-43d6-91df-46bf6f2fe3e8\" data-vars-ga-product-price=\"199,00\u00a0\u20ac\" data-vars-ga-product-retailer-id=\"c2fd3faa-a3ee-48b3-a1af-d69ec517e0b6\" data-vars-ga-product-sem3-brand=\"Westwing Collection\" data-vars-ga-gallery-display=\"list\" data-vars-ga-link-treatment=\"(not set) | (not set)\" data-vars-ga-sku=\"148726\" data-vars-ga-magento-tracking=\"1\" class=\"product-image-link ebgq4gw7 e12px3ys0 css-g6od0w e1socmtw0\"><img  alt=\"Tavolino in vetro Anouk\" title=\"Tavolino in vetro Anouk\" data-fp-product-image=\"true\" datafptag=\"data-fp-product-image\" src=\"https:\/\/www.europesays.com\/it\/wp-content\/uploads\/2026\/09\/1749724085-deq23wes89747-189884-4dd9c9e1d1c695e34beae2215dedc62e-dtl-1-684aab872f785.png\" width=\"2000\" height=\"2667\" decoding=\"async\" loading=\"lazy\"\/><\/a>Tavolino in vetro AnoukCredit: Courtesy photo<a target=\"_blank\" rel=\"nofollow noopener\" data-theme-key=\"product-image-wrapper\" href=\"https:\/\/click.linksynergy.com\/deeplink?id=2fv8O7DnZlc&amp;mid=49049&amp;murl=https%3A%2F%2Fwww.westwing.it%2Fsgabello-in-legno-di-teak-lawas-55297.html&amp;u1=edcit|xid:{xid}\" aria-label=\"109\u00a0\u20ac su westwing.it per Sgabello in legno di teak Lawas\" data-href=\"https:\/\/www.westwing.it\/sgabello-in-legno-di-teak-lawas-55297.html\" data-product-url=\"https:\/\/www.westwing.it\/sgabello-in-legno-di-teak-lawas-55297.html\" data-affiliate=\"true\" data-affiliate-url=\"https:\/\/click.linksynergy.com\/deeplink?id=2fv8O7DnZlc&amp;mid=49049&amp;murl=https%3A%2F%2Fwww.westwing.it%2Fsgabello-in-legno-di-teak-lawas-55297.html&amp;u1=edcit|xid:{xid}\" data-affiliate-network=\"{&quot;site_id&quot;:&quot;0550d705-7712-4019-a8b2-0f35da30918c&quot;,&quot;metadata&quot;:{&quot;trackonomics&quot;:{&quot;network_name&quot;:&quot;ls&quot;}},&quot;network&quot;:{&quot;name&quot;:&quot;Trackonomics&quot;},&quot;product_metadata&quot;:{&quot;0550d705-7712-4019-a8b2-0f35da30918c&quot;:{&quot;network_name&quot;:&quot;ls&quot;,&quot;link&quot;:&quot;https:\/\/click.linksynergy.com\/deeplink?id=2fv8O7DnZlc&amp;mid=49049&amp;murl=https%3A%2F%2Fwww.westwing.it%2Fsgabello-in-legno-di-teak-lawas-55297.html&amp;u1={subid}&quot;}}}\" data-fp-affiliate-inline-link=\"true\" data-fp-affiliate-button-link=\"false\" data-vars-ga-call-to-action=\"109\u00a0\u20ac su westwing.it\" data-vars-ga-media-role=\"1\" data-vars-ga-media-type=\"Embedded Gallery List\" data-vars-ga-outbound-link=\"https:\/\/www.westwing.it\/sgabello-in-legno-di-teak-lawas-55297.html\" data-vars-ga-product-id=\"a95e6859-bb49-470e-a695-67032075a143\" data-vars-ga-product-price=\"109,00\u00a0\u20ac\" data-vars-ga-product-retailer-id=\"a229bcc9-d2c0-474d-8d13-ad8989c421af\" data-vars-ga-gallery-display=\"list\" data-vars-ga-link-treatment=\"(not set) | (not set)\" data-vars-ga-sku=\"55297\" data-vars-ga-magento-tracking=\"1\" class=\"product-image-link ebgq4gw7 e12px3ys0 css-g6od0w e1socmtw0\"><img  alt=\"Sgabello in legno di teak Lawas\" title=\"Sgabello in legno di teak Lawas\" data-fp-product-image=\"true\" datafptag=\"data-fp-product-image\" src=\"https:\/\/www.europesays.com\/it\/wp-content\/uploads\/2026\/09\/1749647586-DEQ16HEN43208-68549_291abf335e2737f909e21b4af118c055_dtl_1.jpg\" width=\"1140\" height=\"1520\" decoding=\"async\" loading=\"lazy\"\/><\/a>Sgabello in legno di teak LawasCredit: Courtesy photo<img src=\"https:\/\/www.europesays.com\/it\/wp-content\/uploads\/2026\/09\/e6dd9a4c-7bfa-4116-a601-4247925748d6_1734433347.jpg\" alt=\"Headshot of Carla Dom\u00ednguez\" title=\"Headshot of Carla Dom\u00ednguez\" width=\"100%\" height=\"100%\" decoding=\"async\" loading=\"lazy\" class=\"css-o0wq4v ev8dhu53\"\/><\/p>\n<p>Carla Dom\u00ednguez \u00e8 un&#8217;esperta di moda, decorazione e stile di vita. Si \u00e8 laureato in giornalismo nel 2011 presso l&#8217;Universit\u00e0 di La Laguna e ha poi proseguito gli studi presso l&#8217;Istituto Europeo di Design (IED) di Barcellona, dove ha completato un Master in Marketing e Comunicazione della Moda. Ha anche tenuto alcuni corsi su Personal Shopper, Branded Content e SEO.<br \/>\nLa sua grande passione \u00e8 riuscire a coniugare moda e decorazione. Racconta come entrambi i mondi siano strettamente collegati e a Elle Decor ti mostrer\u00f2 le migliori case, hotel, ristoranti di design, gli edifici architettonici pi\u00f9 innovativi o anche alcune idee per ottenere una casa accogliente ed elegante anche se vivi in un mini appartamento.<br \/>\nPrima di collaborare con Elle Decor, ha lavorato su altre piattaforme di decorazione come Westwing e media come El Mueble. Ha collaborato con altri media di moda, bellezza e lifestyle come Instyle, Woman, Hola e Mujerhoy. Con una carriera di oltre 6 anni nel mondo digitale, Carla \u00e8 nuovamente legata a Hearst, dove ha iniziato a collaborare quando \u00e8 arrivata nel mondo dei freelance, ma pi\u00f9 legata alla decorazione.<br \/>\nSe vuoi saperne di pi\u00f9 non ti resta che seguirla molto da vicino su Elle Decor.<\/p>\n","protected":false},"excerpt":{"rendered":"Gli attici sono tra gli spazi pi\u00f9 ambiti degli hotel di lusso. Occupano posizioni privilegiate, offrono una privacy&hellip;\n","protected":false},"author":3,"featured_media":665723,"comment_status":"","ping_status":"","sticky":false,"template":"","format":"standard","meta":{"footnotes":"","_share_on_mastodon":"0"},"categories":[1446],"tags":[1615,1613,1614,1611,1610,227429,5741,366716,1612,620,203,623,204,259632,1537,90,89,619,366715,310758],"class_list":["post-665722","post","type-post","status-publish","format-standard","has-post-thumbnail","category-arte-e-design","tag-arte","tag-arte-e-design","tag-arteedesign","tag-arts","tag-arts-and-design","tag-collection-restyling-e-ristrutturazioni","tag-content-type-default","tag-contentid-f9267f8f-4c43-4087-b8cd-ae4093ba4e9e","tag-design","tag-displaytype-standard-article","tag-entertainment","tag-hasproduct-true","tag-intrattenimento","tag-issyndicated-false","tag-it","tag-italia","tag-italy","tag-locale-it","tag-shorttitle-lattico-che-incornicia-il-paesaggio-mediterraneo","tag-sponsored-false"],"share_on_mastodon":{"url":"https:\/\/pubeurope.com\/@it\/117216327239338523","error":""},"_links":{"self":[{"href":"https:\/\/www.europesays.com\/it\/wp-json\/wp\/v2\/posts\/665722","targetHints":{"allow":["GET"]}}],"collection":[{"href":"https:\/\/www.europesays.com\/it\/wp-json\/wp\/v2\/posts"}],"about":[{"href":"https:\/\/www.europesays.com\/it\/wp-json\/wp\/v2\/types\/post"}],"author":[{"embeddable":true,"href":"https:\/\/www.europesays.com\/it\/wp-json\/wp\/v2\/users\/3"}],"replies":[{"embeddable":true,"href":"https:\/\/www.europesays.com\/it\/wp-json\/wp\/v2\/comments?post=665722"}],"version-history":[{"count":0,"href":"https:\/\/www.europesays.com\/it\/wp-json\/wp\/v2\/posts\/665722\/revisions"}],"wp:featuredmedia":[{"embeddable":true,"href":"https:\/\/www.europesays.com\/it\/wp-json\/wp\/v2\/media\/665723"}],"wp:attachment":[{"href":"https:\/\/www.europesays.com\/it\/wp-json\/wp\/v2\/media?parent=665722"}],"wp:term":[{"taxonomy":"category","embeddable":true,"href":"https:\/\/www.europesays.com\/it\/wp-json\/wp\/v2\/categories?post=665722"},{"taxonomy":"post_tag","embeddable":true,"href":"https:\/\/www.europesays.com\/it\/wp-json\/wp\/v2\/tags?post=665722"}],"curies":[{"name":"wp","href":"https:\/\/api.w.org\/{rel}","templated":true}]}}