{"id":665728,"date":"2026-09-05T03:38:17","date_gmt":"2026-09-05T03:38:17","guid":{"rendered":"https:\/\/www.europesays.com\/it\/665728\/"},"modified":"2026-09-05T03:38:17","modified_gmt":"2026-09-05T03:38:17","slug":"de-rossi-como-forte-e-la-squadra-che-piu-mi-ha-impressionato-da-quando-sono-al-genoa","status":"publish","type":"post","link":"https:\/\/www.europesays.com\/it\/665728\/","title":{"rendered":"De Rossi: &#8220;Como forte, \u00e8 la squadra che pi\u00f9 mi ha impressionato da quando sono al Genoa&#8221;"},"content":{"rendered":"<p>                                Il tecnico dei liguri esalta gli avversari dopo il 4-1 patito in casa: &#8220;Noi dobbiamo lavorare su tante cose, ma ci sono volte in cui devi ammettere che gli avversari sono meglio di te. Fabregas \u00e8 pi\u00f9 bravo di me e i suoi giocatori sono su un altro livello, da allenatore non ho mai affrontato una squadra cos\u00ec forte&#8221;<\/p>\n<p class=\"paragraph\" spellcheck=\"true\">&#8220;Eravamo partiti bene, ma contro una squadra del genere devi essere perfetto per novanta minuti. Eravamo anche andati in vantaggio che era la cosa pi\u00f9 importante. Il Como \u00e8 una squadra molto forte, forse quella che mi ha impressionato di pi\u00f9 al Ferraris da quando alleno il Genoa. Nel secondo tempo non c&#8217;\u00e8 stata mai la sensazione di poterla riprendere se non con un episodio&#8221;. Cos\u00ec Daniele De Rossi, allenatore del Genoa, dopo la sconfitta interna per 4-1 contro il Como.\u00a0<\/p>\n<p>        completi\u2014 \u00a0<\/p>\n<p class=\"paragraph\" spellcheck=\"true\">Ancora De Rossi: &#8220;Loro sono forti, tecnici e fisici. Peccato aver preso il terzo gol poco prima dell&#8217;intervallo: di linea e di posizionamento in quella circostanza non siamo stati perfetti. In generale, siamo stati poco puliti ogni volta che recuperavamo palla. Noi dobbiamo lavorare su tante cose, ma ci sono anche partite in cui devi ammettere che gli avversari sono meglio di te. Fabregas \u00e8 migliore di me e i giocatori del Como sono su un altro livello: oggi siamo stati impotenti. Zero punti nelle prime tre? I calendari possono penalizzarti ogni tanto, ma mi aggrappo al mio gruppo che ha la forza per fare i punti che servono e allo stadio che sar\u00e0 fondamentale nel nostro cammino&#8221;.<\/p>\n","protected":false},"excerpt":{"rendered":"Il tecnico dei liguri esalta gli avversari dopo il 4-1 patito in casa: &#8220;Noi dobbiamo lavorare su tante&hellip;\n","protected":false},"author":3,"featured_media":665729,"comment_status":"","ping_status":"","sticky":false,"template":"","format":"standard","meta":{"footnotes":"","_share_on_mastodon":"0"},"categories":[176],"tags":[1960,70128,366717,366718,8449,3705,277,9508,7882,4975,3440,1537,90,89,9509,245,244,1857,107281],"class_list":["post-665728","post","type-post","status-publish","format-standard","has-post-thumbnail","category-sport","tag-allenatore","tag-ammettere","tag-ammettere-avversari","tag-ammettere-avversari-fabregas","tag-avversari","tag-como","tag-de","tag-de-rossi","tag-devi","tag-fabregas","tag-forte","tag-it","tag-italia","tag-italy","tag-rossi","tag-sport","tag-sports","tag-squadra","tag-squadra-forte"],"share_on_mastodon":{"url":"https:\/\/pubeurope.com\/@it\/117216353061661712","error":""},"_links":{"self":[{"href":"https:\/\/www.europesays.com\/it\/wp-json\/wp\/v2\/posts\/665728","targetHints":{"allow":["GET"]}}],"collection":[{"href":"https:\/\/www.europesays.com\/it\/wp-json\/wp\/v2\/posts"}],"about":[{"href":"https:\/\/www.europesays.com\/it\/wp-json\/wp\/v2\/types\/post"}],"author":[{"embeddable":true,"href":"https:\/\/www.europesays.com\/it\/wp-json\/wp\/v2\/users\/3"}],"replies":[{"embeddable":true,"href":"https:\/\/www.europesays.com\/it\/wp-json\/wp\/v2\/comments?post=665728"}],"version-history":[{"count":0,"href":"https:\/\/www.europesays.com\/it\/wp-json\/wp\/v2\/posts\/665728\/revisions"}],"wp:featuredmedia":[{"embeddable":true,"href":"https:\/\/www.europesays.com\/it\/wp-json\/wp\/v2\/media\/665729"}],"wp:attachment":[{"href":"https:\/\/www.europesays.com\/it\/wp-json\/wp\/v2\/media?parent=665728"}],"wp:term":[{"taxonomy":"category","embeddable":true,"href":"https:\/\/www.europesays.com\/it\/wp-json\/wp\/v2\/categories?post=665728"},{"taxonomy":"post_tag","embeddable":true,"href":"https:\/\/www.europesays.com\/it\/wp-json\/wp\/v2\/tags?post=665728"}],"curies":[{"name":"wp","href":"https:\/\/api.w.org\/{rel}","templated":true}]}}