{"id":665742,"date":"2026-09-05T03:45:22","date_gmt":"2026-09-05T03:45:22","guid":{"rendered":"https:\/\/www.europesays.com\/it\/665742\/"},"modified":"2026-09-05T03:45:22","modified_gmt":"2026-09-05T03:45:22","slug":"inter-napoli-live-la-conferenza-di-chivu-e-baccin","status":"publish","type":"post","link":"https:\/\/www.europesays.com\/it\/665742\/","title":{"rendered":"Inter-Napoli, live la conferenza di Chivu e Baccin"},"content":{"rendered":"<p>                                        In sala stampa anche Dario Baccin, nuovo direttore sportivo dell&#8217;Inter dopo l&#8217;addio di Ausilio<\/p>\n<p class=\"paragraph\" spellcheck=\"true\">\u201cScontro diretto\u201d, espressione complicata e indigesta, almeno nel ricordo che accompagna questa Inter scudettata. Adesso per la squadra di Cristian Chivu ne arriva uno fresco fresco, contro il Napoli di Max Allegri che in versione Diavolo vinse due derby su due l\u2019anno passato.\u00a0<\/p>\n<p class=\"paragraph\" spellcheck=\"true\"><b>AD APPIANO<\/b> &#8211; I campioni d\u2019Italia, per\u00f2, sembrano lanciatissimi dopo sei punti in cascina e tante certezze: \u201cMi mancavano queste due parole\u2026 \u2013 ha subito scherzato Chivu nella conferenza di vigilia -. E poi cosa vuol dire \u2018scontro diretto\u2019? Affrontare le grandi squadre per tradizione in generale o solo le squadre che arrivano tra le prime quattro? E allora Milan e Juve dove le lasciamo, perch\u00e9 l&#8217;anno scorso sono finite tanto indietro. Quelli non sono pi\u00f9 scontri diretti? Napoli e Como invece sono scontri diretti? In realt\u00e0, per me sono tutti degli scontri diretti, anche contro le ultime\u2026 L\u2019anno scorso a questo punto avevamo tre punti in meno, ma sappiamo che il Napoli sar\u00e0 agguerrito. La sconfitta dell\u2019anno scorso contro di loro ci ha dato pi\u00f9 consapevolezza e forza, soprattutto nel sapere come gestire le ingiustizie: quando pensavamo di averne subita una, abbiamo smesso di giocare, ma dopo quella delusione abbiamo reagito e fatto un primo filotto. Non si possono mai paragonare le partite neanche quando si affronta lo stesso allenatore, ma vogliamo far vedere chi siamo. Serve tenacia e zero pensieri negativi perch\u00e9 questa squadra ha margini di miglioramento: voglio progresso, non perfezione\u201d.<\/p>\n<p class=\"paragraph\" spellcheck=\"true\"><b>ANTI MAX<\/b> &#8211;\u00a0Chivu ha parlato a lungo del collega che incrocer\u00e0 domani, riempiendolo di elogi: \u201cPer quello che rappresenta Allegri per il calcio italiano, la mia stima \u00e8 massima. Qualcuno pu\u00f2 mettere in dubbio Max, ma non io: non dimentico ci\u00f2 che ha vinto. L\u2019anno scorso contro di lui abbiamo perso, ma ci siamo rialzati pensando all\u2019obiettivo perch\u00e9 questo campionato \u00e8 sempre una maratona. Comunque, non giocano gli allenatori, ma le squadre e sono entrambe ben preparate. Allegri \u00e8 talmente bravo a capire ci\u00f2 che siamo che preparer\u00e0 ogni possibile situazione di gioco, ma noi non dobbiamo perdere la nostra identit\u00e0 dominante. Spero di avere imparato dai miei errori precedenti e di trasmettere tutto alla propria squadra. Perch\u00e9 vogliamo dominare le partite, sapendo che a volte qualche ripartenza si pu\u00f2 concedere. Bisogna avere il coraggio e la spensieratezza giusta\u201d. Un altro allenatore, invece, \u00e8 stato appena premiato al posto suo come miglior allenatore della Serie A: \u201cMi congratulo con lui perch\u00e9 \u00e8 un grande tecnico, conosciamo il suo grande lavoro al Como. Io ho delle anomalie caratteriali che non mi permettono mai di pensare al mio ego e ogni pensiero va ai miei giocatori felici. Poi non baratto mai un titolo individuale rispetto a uno collettivo, come lo scudetto\u201d.<\/p>\n<p class=\"paragraph\" spellcheck=\"true\"><b>ADDIO AUSILIO <\/b>&#8211;\u00a0Altre parole per Piero Ausilio, che ieri ha detto addio al suo mondo dopo 28 anni: \u201cPiero per me \u00e8 un amico prima che un grande professionista \u2013 ha continuato Chivu -. Ho condiviso anni e anni con lui e vinto da calciatore ed allenatore. Nel calcio di oggi lui \u00e8 un\u2019eccezione per il numero di anni trascorsi in una stessa societ\u00e0 e bisogna solo ringraziarlo. La giornata del suo addio \u00e8 stata emozionante, abbiamo avuto modo di ringraziarlo per tutto quello che ha fatto per noi\u201d.<\/p>\n<p><a class=\"is-partner-link\" href=\"https:\/\/ad.doubleclick.net\/ddm\/trackclk\/N1792338.340088CAIRORCSMEDIAS.P.\/B28038690.452531709;dc_trk_aid=646241311;dc_trk_cid=173665161;dc_lat=;dc_rdid=;tag_for_child_directed_treatment=;tfua=;gdpr=%24%7BGDPR%7D;gdpr_consent=%24%7BGDPR_CONSENT_755%7D;ltd=;dc_tdv=1\" rel=\"nofollow noopener\" target=\"_blank\">Guarda tutte le partite di Serie A Enilive in esclusiva nei locali Sky! Trova il locale pi\u00f9 vicino a te.<\/a><\/p>\n<p class=\"paragraph\" spellcheck=\"true\"><b>I DUBBI <\/b>&#8211;\u00a0La formazione anti-Napoli resta comunque lastricata di dubbi, al netto della PioLa davanti, e Chivu non ha aperto particolari spioncini, partendo comunque da Pio partner di Lautaro (\u201cEsposito non \u00e8 quello dell\u2019anno scorso, ma spero che sia meglio: ha una stagione alle spalle in cui ha fatto molto\u201d) e dalla nuova colonia inglese: \u201cNon sono curioso solo degli inglesi, ma anche degli altri che non hanno giocato, come Carlos Augusto e Micki. Stones e Jones stanno entrambi bene, hanno giocato gi\u00e0 e presto faranno vedere quanto sono importanti. Ma anche Spence presto sar\u00e0 pronto\u2026 Ho, comunque, 25 giocatori bravi e molti dubbi su chi far giocare: le scelte le faccio all\u2019ultimo e non posso accontentare tutti. La bravura sta l\u00ec perch\u00e9 solo 11 possono essere felici, ma io credo nell\u2019unit\u00e0 del gruppo e l\u2019anno scorso ha dimostrato l\u2019importanza dei 5 cambi e dell\u2019apporto di chi entra\u201d.<\/p>\n<p>la conferenza\u2014 \u00a0<\/p>\n<p>Vigilia di Inter-Napoli, terza giornata di campionato, big match della giornata insieme a Juve-Milan. Cristian Chivu in sala stampa ha presentato la sfida. Con lui anche Dario Baccin, nuovo direttore sportivo nerazzurro dopo l&#8217;addio di Piero Ausilio.<\/p>\n<p class=\"is-copyright\">\u00a9 RIPRODUZIONE RISERVATA<\/p>\n","protected":false},"excerpt":{"rendered":"In sala stampa anche Dario Baccin, nuovo direttore sportivo dell&#8217;Inter dopo l&#8217;addio di Ausilio \u201cScontro diretto\u201d, espressione complicata&hellip;\n","protected":false},"author":3,"featured_media":665743,"comment_status":"","ping_status":"","sticky":false,"template":"","format":"standard","meta":{"footnotes":"","_share_on_mastodon":"0"},"categories":[6],"tags":[2983,366055,3076,1960,3290,28828,3439,721,2839,483,3705,14,939,7085,7757,2097,7886,55487,366729,10120,1889,2267,3412,8,52,350,1537,90,89,565,3444,553,247461,248,7,15,82,9,83,10,4979,4283,1987,3522,2895,1292,366730,8567,66055,14857,108220,1857,10976,13,11,80,84,12,81,85],"class_list":["post-665742","post","type-post","status-publish","format-standard","has-post-thumbnail","category-ultime-notizie","tag-addio","tag-addio-ausilio","tag-allegri","tag-allenatore","tag-anti","tag-ausilio","tag-bisogna","tag-calcio","tag-chivu","tag-cio","tag-como","tag-cronaca","tag-diretti","tag-diretto","tag-dubbi","tag-far","tag-felici","tag-finite","tag-finite-indietro","tag-fresco","tag-giocare","tag-giocato","tag-giocatori","tag-headlines","tag-indietro","tag-inter","tag-it","tag-italia","tag-italy","tag-juve","tag-max","tag-milan","tag-milan-juve","tag-napoli","tag-news","tag-notizie","tag-notizie-di-cronaca","tag-notizie-principali","tag-notiziedicronaca","tag-notizieprincipali","tag-parole","tag-partite","tag-piero","tag-possono","tag-presto","tag-punti","tag-ringraziarlo","tag-scontri","tag-scontri-diretti","tag-scontro","tag-scontro-diretto","tag-squadra","tag-squadre","tag-titoli","tag-ultime-notizie","tag-ultime-notizie-di-cronaca","tag-ultime-notizie-e-news-di-oggi","tag-ultimenotizie","tag-ultimenotiziedicronaca","tag-ultimenotizieenewsdioggi"],"share_on_mastodon":{"url":"","error":"Validation failed: Text character limit of 500 exceeded"},"_links":{"self":[{"href":"https:\/\/www.europesays.com\/it\/wp-json\/wp\/v2\/posts\/665742","targetHints":{"allow":["GET"]}}],"collection":[{"href":"https:\/\/www.europesays.com\/it\/wp-json\/wp\/v2\/posts"}],"about":[{"href":"https:\/\/www.europesays.com\/it\/wp-json\/wp\/v2\/types\/post"}],"author":[{"embeddable":true,"href":"https:\/\/www.europesays.com\/it\/wp-json\/wp\/v2\/users\/3"}],"replies":[{"embeddable":true,"href":"https:\/\/www.europesays.com\/it\/wp-json\/wp\/v2\/comments?post=665742"}],"version-history":[{"count":0,"href":"https:\/\/www.europesays.com\/it\/wp-json\/wp\/v2\/posts\/665742\/revisions"}],"wp:featuredmedia":[{"embeddable":true,"href":"https:\/\/www.europesays.com\/it\/wp-json\/wp\/v2\/media\/665743"}],"wp:attachment":[{"href":"https:\/\/www.europesays.com\/it\/wp-json\/wp\/v2\/media?parent=665742"}],"wp:term":[{"taxonomy":"category","embeddable":true,"href":"https:\/\/www.europesays.com\/it\/wp-json\/wp\/v2\/categories?post=665742"},{"taxonomy":"post_tag","embeddable":true,"href":"https:\/\/www.europesays.com\/it\/wp-json\/wp\/v2\/tags?post=665742"}],"curies":[{"name":"wp","href":"https:\/\/api.w.org\/{rel}","templated":true}]}}