{"id":665754,"date":"2026-09-05T04:05:33","date_gmt":"2026-09-05T04:05:33","guid":{"rendered":"https:\/\/www.europesays.com\/it\/665754\/"},"modified":"2026-09-05T04:05:33","modified_gmt":"2026-09-05T04:05:33","slug":"alvino-napoli-basta-disfattismo-si-va-a-san-siro-per-vincere","status":"publish","type":"post","link":"https:\/\/www.europesays.com\/it\/665754\/","title":{"rendered":"Alvino: &#8220;Napoli, basta disfattismo! Si va a San Siro per vincere&#8221;"},"content":{"rendered":"<p>\nCarlo Alvino, giornalista, ha lanciato un messaggio deciso, nel corso del suo editoriale &#8216;Dillo ad Alvino&#8217;, nei confronti del pessimismo che sta accompagnando la vigilia del Napoli in vista della sfida di domani contro l&#8217;Inter:\n<\/p>\n<p>\n&#8220;Sono personalmente stanco del disfattismo strisciante che sento in giro in vista di domani&#8221;, ha affermato Alvino, rivolgendosi in particolare a chi considera gi\u00e0 segnata la partita e vede gli azzurri partire senza possibilit\u00e0 contro l\u2019Inter.\n<\/p>\n<p>\nIl commentatore ha invitato a mettere da parte questo atteggiamento, sostenendo che la squadra abbia bisogno di essere accompagnata verso una sfida cos\u00ec importante con convinzione e fiducia nelle proprie possibilit\u00e0.\n<\/p>\n<p>        <img src=\"https:\/\/www.europesays.com\/it\/wp-content\/uploads\/2026\/09\/alvino-958a06997b13-1200x661.jpg\"   width=\"1453\" height=\"800\" alt=\"alvino\" title=\"alvino\" loading=\"eager\" fetchpriority=\"high\" decoding=\"sync\" class=\"w-full h-auto aspect-3\/2 object-cover object-top rounded-lg\"\/><\/p>\n<p>\n&#8220;A tutti i professionisti del pianto, a chi ha gi\u00e0 deciso che contro l\u2019Inter partiamo battuti, dico una sola cosa: fate un passo indietro. Questo Napoli non ha bisogno di un ambiente col freno a mano tirato&#8221;. Alvino ha quindi ribadito quale, a suo giudizio, debba essere lo spirito con cui affrontare l\u2019appuntamento di San Siro. Non soltanto la volont\u00e0 di sorprendere, ma anche quella di provare a conquistare l\u2019intera posta in palio.\n<\/p>\n<p>\n&#8220;Domani a San Siro si va con la voglia di stupire, con la voglia di vincere&#8221;. Un ruolo centrale viene attribuito ancora una volta a Massimiliano Allegri. Alvino ha sottolineato l\u2019esperienza del tecnico nelle partite di maggiore difficolt\u00e0 e la sua capacit\u00e0 di trovare le soluzioni tattiche pi\u00f9 adatte per mettere in difficolt\u00e0 gli avversari.\n<\/p>\n<p>        <img src=\"https:\/\/www.europesays.com\/it\/wp-content\/uploads\/2026\/09\/Pio-Esposito-Marcus-Thuram-1-e859b63df553-480x371.jpg\"   width=\"1200\" height=\"928\" alt=\"Esposito e Thuram\" title=\"Pio Esposito - Marcus Thuram (1)\" loading=\"lazy\" decoding=\"async\" class=\"w-full h-auto rounded-lg\"\/><\/p>\n<p>            Getty<\/p>\n<p>\n&#8220;In panchina abbiamo Massimiliano Allegri, un maestro assoluto che ha la vittoria nel suo DNA e sa esattamente come si incartano gli avversari in queste partite. Andatevi a vedere i precedenti dell\u2019anno scorso&#8221;. Ma la fiducia espressa da Alvino non riguarda soltanto la guida tecnica. Il commentatore ha respinto anche le valutazioni che, a suo giudizio, tendono a ridimensionare il valore complessivo della squadra e della rosa a disposizione.\n<\/p>\n<p>\n&#8220;Smettiamola di sminuire questo gruppo, \u00e8 una cosa che non si pu\u00f2 pi\u00f9 sentire. Smettiamola di sminuire la forza di questo gruppo&#8221;. Per Alvino, il Napoli dispone infatti delle caratteristiche necessarie per affrontare avversari di alto livello senza complessi di inferiorit\u00e0. Forza, motivazioni e mentalit\u00e0 sono gli elementi sui quali, secondo il commentatore, \u00e8 stata costruita la rosa azzurra.\n<\/p>\n<p>        <img src=\"https:\/\/www.europesays.com\/it\/wp-content\/uploads\/2026\/09\/24cca8a580106fe1ad6e8986d386a6fb-1024x692.jpg\"   width=\"1200\" height=\"811\" alt=\"Max Allegri\" title=\"Allegri\" loading=\"lazy\" decoding=\"async\" class=\"w-full h-auto rounded-lg\"\/><\/p>\n<p>            Getty<\/p>\n<p>\n&#8220;La rosa del Napoli \u00e8 un concentrato di forza, di fame che c\u2019\u00e8 ancora e di mentalit\u00e0. \u00c8 stata costruita per competere ai massimi livelli e non avere paura di nessuno in Italia e, perch\u00e9 no, anche in Europa&#8221;. Da qui l\u2019ultimo messaggio, rivolto a chi continua a vivere l\u2019avvicinamento alla sfida contro l\u2019Inter con timore e pessimismo. &#8220;Basta con i complessi di inferiorit\u00e0. Chi vuole tremare lo faccia sul divano, resti l\u00ec a casa, in silenzio, senza diffondere questo pessimismo&#8221;.<\/p>\n","protected":false},"excerpt":{"rendered":"Carlo Alvino, giornalista, ha lanciato un messaggio deciso, nel corso del suo editoriale &#8216;Dillo ad Alvino&#8217;, nei confronti&hellip;\n","protected":false},"author":3,"featured_media":665755,"comment_status":"","ping_status":"","sticky":false,"template":"","format":"standard","meta":{"footnotes":"","_share_on_mastodon":"0"},"categories":[176],"tags":[5649,299524,299525,340587,299526,355307,358510,3076,19347,366736,366737,366738,8449,37,299523,299528,299529,2387,91379,366739,15360,5930,366740,4539,3059,1690,350,1537,90,89,6411,248,204976,5569,3461,245,244],"class_list":["post-665754","post","type-post","status-publish","format-standard","has-post-thumbnail","category-sport","tag-affrontare","tag-align","tag-align-alignnone","tag-align-alignnone-getty","tag-alignnone","tag-alignnone-getty","tag-alignnone-getty-caption","tag-allegri","tag-alvino","tag-alvino-giornalista","tag-alvino-giornalista-lanciato","tag-alvino-napoli","tag-avversari","tag-bisogno","tag-caption","tag-caption-align","tag-caption-align-alignnone","tag-carlo","tag-carlo-alvino","tag-carlo-alvino-giornalista","tag-commentatore","tag-complessi","tag-complessi-inferiorita","tag-confronti","tag-deciso","tag-domani","tag-inter","tag-it","tag-italia","tag-italy","tag-messaggio","tag-napoli","tag-pessimismo","tag-rosa","tag-sfida","tag-sport","tag-sports"],"share_on_mastodon":{"url":"","error":"Validation failed: Text character limit of 500 exceeded"},"_links":{"self":[{"href":"https:\/\/www.europesays.com\/it\/wp-json\/wp\/v2\/posts\/665754","targetHints":{"allow":["GET"]}}],"collection":[{"href":"https:\/\/www.europesays.com\/it\/wp-json\/wp\/v2\/posts"}],"about":[{"href":"https:\/\/www.europesays.com\/it\/wp-json\/wp\/v2\/types\/post"}],"author":[{"embeddable":true,"href":"https:\/\/www.europesays.com\/it\/wp-json\/wp\/v2\/users\/3"}],"replies":[{"embeddable":true,"href":"https:\/\/www.europesays.com\/it\/wp-json\/wp\/v2\/comments?post=665754"}],"version-history":[{"count":0,"href":"https:\/\/www.europesays.com\/it\/wp-json\/wp\/v2\/posts\/665754\/revisions"}],"wp:featuredmedia":[{"embeddable":true,"href":"https:\/\/www.europesays.com\/it\/wp-json\/wp\/v2\/media\/665755"}],"wp:attachment":[{"href":"https:\/\/www.europesays.com\/it\/wp-json\/wp\/v2\/media?parent=665754"}],"wp:term":[{"taxonomy":"category","embeddable":true,"href":"https:\/\/www.europesays.com\/it\/wp-json\/wp\/v2\/categories?post=665754"},{"taxonomy":"post_tag","embeddable":true,"href":"https:\/\/www.europesays.com\/it\/wp-json\/wp\/v2\/tags?post=665754"}],"curies":[{"name":"wp","href":"https:\/\/api.w.org\/{rel}","templated":true}]}}