{"id":665766,"date":"2026-09-05T04:11:15","date_gmt":"2026-09-05T04:11:15","guid":{"rendered":"https:\/\/www.europesays.com\/it\/665766\/"},"modified":"2026-09-05T04:11:15","modified_gmt":"2026-09-05T04:11:15","slug":"giorgia-meloni-a-bari-per-la-festa-del-governo-mai-mollato-e-non-mollero-la-sicurezza-stella-polare","status":"publish","type":"post","link":"https:\/\/www.europesays.com\/it\/665766\/","title":{"rendered":"Giorgia Meloni a Bari per la festa del governo: \u00abMai mollato e non moller\u00f2. La sicurezza stella polare\u00bb"},"content":{"rendered":"<p>    di<br \/>\n    Simone Canettieri<\/p>\n<p class=\"summary-art is-line-h-12\">La premier sul governo pi\u00f9 longevo: \u00abSiamo a posto con la  coscienza e le pagine pi\u00f9 belle devono ancora essere scritte. La nuova legge elettorale contro i ribaltoni e contro gli accordi di palazzo che vuole il Pd\u00bb<\/p>\n<p class=\"chapter-paragraph\">DAL NOSTRO INVIATO\u00a0<br \/>BARI<b>\u00a0<\/b>&#8211; Prima salpa una nave da crociera: va in Grecia. Poi  tocca a <a href=\"https:\/\/bari.corriere.it\/politica\/diretta-live\/26_settembre_04\/bari-giorgia-meloni-al-porto-la-diretta-della-festa-per-il-governo-piu-longevo-d-italia.shtml\" title=\"Giorgia Meloni a Bari, la manifestazione per il record del governo in diretta. La premier: \u00abCon noi vince la stabilit\u00e0. Basta ribaltoni\u00bb\" rel=\"nofollow noopener\" target=\"_blank\">Giorgia Meloni: va in campagna elettorale<\/a>.   Il molo di Bari per la premier non \u00e8 solo il porto che  celebra il <a href=\"https:\/\/www.corriere.it\/politica\/26_settembre_04\/meloni-il-record-di-longevita-sulla-stampa-internazionale-il-nyt-il-suo-mandato-dice-che-l-ideologia-viene-messa-da-parte-e210876c-b4aa-44da-9f2d-5d15a8192xlk.shtml\" title=\"Il record di longevit\u00e0 del governo Meloni sulla stampa internazionale. Il Nyt: \u00abIl suo mandato dice che l&#039;ideologia viene messa da parte\u00bb\" rel=\"nofollow noopener\" target=\"_blank\">record di longevit\u00e0 del suo governo <\/a>(<b>1.413  giorni a Palazzo Chigi<\/b>) e l\u2019orgoglio di una comunit\u00e0, riunitasi qui, nonostante il solleone. In cinquemila, secondo la Questura. In diecimila, secondo gli organizzatori.<\/p>\n<p class=\"chapter-paragraph\"><b>L\u2019antico molo borbonico<\/b> \u00e8 dunque il punto di partenza verso le prossime elezioni. Perch\u00e9 lei <a href=\"https:\/\/video.corriere.it\/politica\/voci-dal-parlamento\/meloni-non-ho-mollato-non-faro-mai\/b7972c16-a88c-11f1-abdc-d3ad31c6a250\" title=\"Meloni: Non ho mollato e non lo far\u00f2 mai\" rel=\"nofollow noopener\" target=\"_blank\">non \u00abha mai mollato e mai lo far\u00e0\u00bb.<\/a> Anche se  c\u2019\u00e8 \u00abmolto da pedalare\u00bb, anche se in alcuni giorni grigi ha avuto la sensazione di \u00abnuotare nella colla\u00bb.    &#13;<br \/>\n&#13;<br \/>\n&#13;<br \/>\n&#13;<br \/>\n&#13;<br \/>\n&#13;<br \/>\n&#13;<br \/>\n&#13;<br \/>\n&#13;<br \/>\n&#13;<br \/>\n&#13;<br \/>\n&#13;<br \/>\n&#13;<br \/>\n&#13;<br \/>\n&#13;<br \/>\n&#13;<br \/>\n&#13;<br \/>\n&#13;<br \/>\n&#13;<br \/>\n&#13;<br \/>\n&#13;<br \/>\n&#13;<br \/>\n&#13;<br \/>\n&#13;<br \/>\n&#13;<br \/>\n&#13;<br \/>\n&#13;<br \/>\n&#13;<br \/>\n&#13;<br \/>\n&#13;<br \/>\n&#13;<br \/>\n&#13;<br \/>\n&#13;<br \/>\n&#13;<br \/>\n&#13;<br \/>\n&#13;<br \/>\n&#13;<br \/>\n&#13;<br \/>\n&#13;<br \/>\n&#13;<br \/>\n&#13;<br \/>\n&#13;<br \/>\n&#13;<br \/>\n&#13;<br \/>\n&#13;<br \/>\n&#13;<br \/>\n&#13;<br \/>\n&#13;<br \/>\n&#13;<br \/>\n&#13;<br \/>\n&#13;<br \/>\n&#13;<br \/>\n&#13;\n<\/p>\n<p class=\"chapter-paragraph\"><b>Un\u2019ora spaccata di discorso. <\/b>Senza improvvisazioni, n\u00e9 colpi di teatro. La premier legge. Vuole  essere chirurgica. Dolce siparietto:  la figlia Ginevra che la chiama mentre sta parlando. Tutto ruota intorno alla <b>rivendicazione delle cose fatte e quindi della stabilit\u00e0<\/b> come biglietto da visita, ma anche sulla consapevolezza che <b>su alcuni argomenti si poteva fare di pi\u00f9.<\/b> Il pensiero corre alla <b>sicurezza \u00abperch\u00e9 da  noi ci si aspetta di pi\u00f9\u00bb.<\/b><\/p>\n<p class=\"chapter-paragraph\">Tuttavia <b>non \u00e8 il tempo di annunci roboanti.<\/b> Chi si aspettava i fuochi d\u2019artificio si deve accontentare delle luminarie pugliesi adagiate intorno al palco. Alla voce \u00abnotizie\u00bb c\u2019\u00e8 da registrare: <b>l\u2019attesa conferma dell\u2019estensione della Zes (<\/b>Zona economica speciale) in tutto il Paese e l\u2019intenzione di  <b>aumentare la quota di petrolio che si pu\u00f2 estrarre in Italia <\/b>\u00abperch\u00e9 non ha senso andare a comprare il petrolio in Qatar se ce lo abbiamo in Basilicata\u00bb. E<a href=\"\"> contro il caro carburanti \u00abaiuti mirati<\/a> perch\u00e9 non possiamo permetterci di spendere altri soldi per  chi non ne ha bisogno\u00bb. Sulle tasse si vedr\u00e0.<\/p>\n<p class=\"chapter-paragraph\">\u00a0Bisogner\u00e0 prima capire se Palazzo Chigi uscir\u00e0 dalla procedura d\u2019infrazione.<br \/>Scaletta quasi rispettata coi tempi, prima di Meloni parlano i leader della coalizione da <b>Maurizio Lupi ad Antonio Tajani<\/b>, passando per<b> Matteo Salvini<\/b>, il cui collegamento va \u00aba singhiozzo\u00bb. E la perfidia popolare commenta: \u00abCome i treni\u00bb. <b>Il centrodestra \u00e8 unito, da vicino e da lontano<\/b>. \u00abSiamo alleati per qualcosa, non contro. Niente sarebbe stato possibile senza la famiglia del centrodestra\u00bb, dice. \u00abNon c\u2019\u00e8 alternativa\u00bb, in coro i tre alleati che non avrebbero disdegnato un evento  di coalizione.<\/p>\n<p class=\"chapter-paragraph\">Nessuna defezione tra i ministri di Fratelli d\u2019Italia. Si vede anche il vice di Nordio alla Giustizia <b>Francesco Paolo Sisto<\/b>, che \u00e8 di Forza Italia (avvistata dall\u2019AdnKronos <b>Francesca Pascale<\/b>, ex compagna del Cav.). Ecco la presidente di Sud chiama Nord <b>Laura Castelli,<\/b> vicesindaca di Messina. Tra la folla compare anche  un cartello con la faccia di Pier Silvio Berlusconi e il virgolettato: \u00abMeloni \u00e8 la migliore premier d\u2019Europa\u00bb.<\/p>\n<p class=\"chapter-paragraph\">C\u2019\u00e8 attesa per questo <b>comizio. Che risulter\u00e0 pi\u00f9 politico che programmatico.<\/b> I grandi non citati:  Donald Trump, la guerra in Ucraina e Roberto Vannacci. Anche se sul generale, senza mai nominarlo, Meloni cala lo schiaffo del soldato. Esempio: \u00ab<a href=\"https:\/\/27esimaora.corriere.it\/notizie\/26_agosto_25\/i-femminicidi-il-web-e-vannacci-tutte-le-forme-della-misoginia-dalla-violenza-al-dibattito-politico-d84cd3f5-93a1-450a-8ac1-db43a814cxlk.shtml\" title=\"I femminicidi, il web e Vannacci: tutte le forme della misoginia dalla violenza al dibattito politico\" rel=\"nofollow noopener\" target=\"_blank\">Il femminicidio esiste, eccome se esiste<\/a>. Si uccide una donna perch\u00e9 osa essere libera, non \u00e8 cristiano\u00bb. Il riferimento, che stringe il cuore, \u00e8 alla <a href=\"https:\/\/corrierefiorentino.corriere.it\/notizie\/cronaca\/26_settembre_04\/la-trattativa-tra-i-poliziotti-e-federico-vella-dopo-l-omicidio-di-lorena-per-convincerlo-a-non-buttarsi-un-agente-si-b1f13fdc-6bc8-414f-81e6-3628cc6d2xlk.shtml\" title=\"L&#039;agente si inginocchia: \u00abTi prego, non farlo\u00bb: la trattativa tra i poliziotti e Federico Vella per convincerlo a non buttarsi dopo aver ucciso Lorena Isceri\" rel=\"nofollow noopener\" target=\"_blank\">vita strappata di Lorena<\/a>. Questa \u00e8 l\u2019occasione per ribadire, qualora ce ne fosse bisogno, che certe battaglie sono il petrolio di Fratelli d\u2019Italia. E non di altri, che non vengono nominati. Ancora un esempio: \u00ab<b>Non esistono luoghi di culto che si sottraggono ai doveri di trasparenza <\/b>e controllo e non esiste tolleranza per la propaganda fondamentalista e per chi forma cellule jihadiste\u00bb. Altra <a href=\"https:\/\/www.corriere.it\/politica\/26_agosto_24\/vannacci-nel-programma-il-riconoscimento-giuridico-del-concepito-e-la-deroga-al-patto-di-stabilita-per-la-riattivazione-8dea171f-7f85-464f-9e3c-ff9fceaf7xlk.shtml\" title=\"Vannacci, nuovi dettagli sul programma: \u00abL&#039;aborto non \u00e8 un diritto. Via le unioni civili, soldi per la &quot;riattivazione demografica&quot; e lezioni di difesa a scuola\u00bb\" rel=\"nofollow noopener\" target=\"_blank\">frecciata a Futuro nazionale sulla remigrazione<\/a>: \u00abChi vi propone soluzioni facili, non vi dice la verit\u00e0\u00bb.<\/p>\n<p class=\"chapter-paragraph\">Meloni non molla nemmeno sulla<b> sconfitta del referendum sulla giustizia.<\/b> La chiama \u00ab<b>occasione persa<\/b>\u00bb. Annuncia che continuer\u00e0 a dare risposte su questo tema. Cos\u00ec come sulla  <a href=\"https:\/\/www.corriere.it\/politica\/26_settembre_02\/la-russa-legge-elettorale-intervista-e3caed54-a8dc-47b9-b1a7-f9c86e05dxlk.shtml\" title=\"La Russa sulla legge elettorale: \u00abNon capisco la sinistra, era per il secondo turno. Improbabile che passi, ma non \u00e8 impossibile\u00bb\" rel=\"nofollow noopener\" target=\"_blank\">legge elettorale<\/a>, argomento  toccato in apertura, per consentire ai cittadini di scegliere \u00abla coalizione, il programma, il candidato premier\u00bb, una <b>riforma \u00abcontro i ribaltoni  e contro gli accordi di palazzo che vuole il Pd<\/b>\u00bb. I franchi tiratori di Montecitorio sono avvisati. L\u2019unico <a href=\"https:\/\/roma.corriere.it\/notizie\/politica\/26_settembre_04\/schlein-conte-contro-meloni-8d9cf5f9-bf6a-4462-8637-080d7ba16xlk.shtml\" title=\"Schlein e Conte contro Meloni: \u00abLa sua \u00e8 tutta propaganda, 4 anni di nulla\u00bb\" rel=\"nofollow noopener\" target=\"_blank\">tratto ironico del discorso di Meloni \u00e8 riservato alle opposizioni<\/a>, alla sinistra \u00abcaviale e Ztl\u00bb. Quella che va in  tilt per organizzare le primarie e che resta \u00abl\u2019opposizione pi\u00f9 longeva della storia della Repubblica\u00bb. Piccole ammissioni sulla sanit\u00e0 e sulle prestazioni che vengono erogate con troppo ritardo e autoassoluzione (\u00abLe liste d\u2019attesa non le ho create io\u00bb).<\/p>\n<p class=\"chapter-paragraph\">Consapevolezza sui salari \u2014 \u00abcresciuti\u00bb \u2014 anche se il problema non \u00e8 stato risolto, ammette. Meloni dice \u00ab<b>siamo a posto con la nostra coscienza<\/b>\u00bb e che <b>c\u2019\u00e8 una pagina ancora da scrivere<\/b> e che il meglio deve ancora venire. Davanti a s\u00e9 ha tutta la sua classe dirigente a cui dice di <b>\u00abfare meglio e di pi\u00f9\u00bb. <\/b>Alle 21.45 c\u2019\u00e8 un aereo che l\u2019aspetta per portarla a Roma. A mano a mano di Rino Gaetano certifica la fine del comizio.<\/p>\n<p class=\"is-mr-t-20 is-mr-b-20\"><b><br \/>\n                    <a href=\"https:\/\/roma.corriere.it\/?intcmp=Notizielocali_nd_010623_corriere_ss_roma\" target=\"_blank\" rel=\"nofollow noopener\">Vai a tutte le notizie di Roma<\/a><br \/>\n            <\/b><\/p>\n<p class=\"is-last-update\" datetime=\"2026-09-04T23:32:45+02:00\">4 settembre 2026<\/p>\n<p class=\"is-copyright\">\n            \u00a9 RIPRODUZIONE RISERVATA\n        <\/p>\n","protected":false},"excerpt":{"rendered":"di Simone Canettieri La premier sul governo pi\u00f9 longevo: \u00abSiamo a posto con la coscienza e le pagine&hellip;\n","protected":false},"author":3,"featured_media":665767,"comment_status":"","ping_status":"","sticky":false,"template":"","format":"standard","meta":{"footnotes":"","_share_on_mastodon":"0"},"categories":[79],"tags":[16744,366750,366751,1471,366742,366743,211623,366752,366753,5607,366754,366755,1005,366756,10473,7196,1682,37,6969,112,2205,2563,121,113258,3449,1094,14,93,94,25,27,13093,322,323,125,126,485,1537,90,89,1207,77387,962,58,125031,166773,7,15,3205,330,14520,366744,366745,490,9864,115,366746,366747,366748,863,11,84,91,12,85,92,12363,4969,366749],"class_list":["post-665766","post","type-post","status-publish","format-standard","has-post-thumbnail","category-italia","tag-accontentare","tag-accontentare-luminarie","tag-accontentare-luminarie-pugliesi","tag-accordi","tag-accordi-palazzo","tag-accordi-palazzo-vuole","tag-adagiate","tag-adagiate-palco","tag-adagiate-palco-voce","tag-adnkronos","tag-adnkronos-francesca","tag-adnkronos-francesca-pascale","tag-aereo","tag-aereo-aspetta","tag-alleati","tag-aspetta","tag-bari","tag-bisogno","tag-ce","tag-centrodestra","tag-chiama","tag-chigi","tag-coalizione","tag-comizio","tag-consapevolezza","tag-coscienza","tag-cronaca","tag-cronaca-italiana","tag-cronacaitaliana","tag-discorso","tag-elettorale","tag-esiste","tag-fratelli","tag-fratelli-italia","tag-giorgia","tag-giorgia-meloni","tag-giustizia","tag-it","tag-italia","tag-italy","tag-legge","tag-legge-elettorale","tag-mano","tag-meloni","tag-mollato","tag-molo","tag-news","tag-notizie","tag-occasione","tag-palazzo","tag-palazzo-chigi","tag-palazzo-vuole","tag-palazzo-vuole-pd","tag-pd","tag-petrolio","tag-premier","tag-ribaltoni","tag-ribaltoni-accordi","tag-ribaltoni-accordi-palazzo","tag-sicurezza","tag-ultime-notizie","tag-ultime-notizie-e-news-di-oggi","tag-ultime-notizie-italia","tag-ultimenotizie","tag-ultimenotizieenewsdioggi","tag-ultimenotizieitalia","tag-vengono","tag-vuole","tag-vuole-pd"],"share_on_mastodon":{"url":"","error":"Validation failed: Text character limit of 500 exceeded"},"_links":{"self":[{"href":"https:\/\/www.europesays.com\/it\/wp-json\/wp\/v2\/posts\/665766","targetHints":{"allow":["GET"]}}],"collection":[{"href":"https:\/\/www.europesays.com\/it\/wp-json\/wp\/v2\/posts"}],"about":[{"href":"https:\/\/www.europesays.com\/it\/wp-json\/wp\/v2\/types\/post"}],"author":[{"embeddable":true,"href":"https:\/\/www.europesays.com\/it\/wp-json\/wp\/v2\/users\/3"}],"replies":[{"embeddable":true,"href":"https:\/\/www.europesays.com\/it\/wp-json\/wp\/v2\/comments?post=665766"}],"version-history":[{"count":0,"href":"https:\/\/www.europesays.com\/it\/wp-json\/wp\/v2\/posts\/665766\/revisions"}],"wp:featuredmedia":[{"embeddable":true,"href":"https:\/\/www.europesays.com\/it\/wp-json\/wp\/v2\/media\/665767"}],"wp:attachment":[{"href":"https:\/\/www.europesays.com\/it\/wp-json\/wp\/v2\/media?parent=665766"}],"wp:term":[{"taxonomy":"category","embeddable":true,"href":"https:\/\/www.europesays.com\/it\/wp-json\/wp\/v2\/categories?post=665766"},{"taxonomy":"post_tag","embeddable":true,"href":"https:\/\/www.europesays.com\/it\/wp-json\/wp\/v2\/tags?post=665766"}],"curies":[{"name":"wp","href":"https:\/\/api.w.org\/{rel}","templated":true}]}}