{"id":665797,"date":"2026-09-05T04:39:22","date_gmt":"2026-09-05T04:39:22","guid":{"rendered":"https:\/\/www.europesays.com\/it\/665797\/"},"modified":"2026-09-05T04:39:22","modified_gmt":"2026-09-05T04:39:22","slug":"grosso-pre-fiorentina-torino-mandragora-se-le-cose-accadono-e-perche","status":"publish","type":"post","link":"https:\/\/www.europesays.com\/it\/665797\/","title":{"rendered":"Grosso pre Fiorentina-Torino: &#8220;Mandragora? Se le cose accadono \u00e8 perch\u00e9&#8230;&#8221;"},"content":{"rendered":"<p>\nE&#8217; la vigilia del terzo impegno di campionato del Toro di Ignazio Abate. I granata, domani 5 settembre alle ore 15:00, dovranno vedersela al Franchi con la Fiorentina, con entrambe le squadre, ancora ferme a 0 punti in classifica, che cercano la prima vittoria stagionale. Fabio Grosso, allenatore della squadra gigliata, \u00e8 intervenuto in conferenza dalla sala stampa &#8216;Wind3 Media Center&#8217; del Rocco B. Commisso Viola Park per presentare la sfida, parlando anche del Torino. Ecco alcune sue dichiarazioni.\n<\/p>\n<p>\n<strong>Il Torino \u00e8 a 0 punti e fuori dalla Coppa Italia: ci sar\u00e0 ancor pi\u00f9 tensione?<\/strong>\n<\/p>\n<p>\n&#8220;E&#8217; una sfida con un avversario che non ha iniziato bene come noi. Vogliamo mostrare le nostre qualit\u00e0. Abbiamo analizzato e cercato di capire dove migliorare. Sar\u00e0 una partita difficile ma vogliamo ottenere un bel risultato&#8221;.\n<\/p>\n<p>        <img src=\"https:\/\/www.europesays.com\/it\/wp-content\/uploads\/2026\/09\/GettyImages-2292044507-cd64efb14adc-480x321.jpg\"   width=\"1024\" height=\"684\" alt=\"ACF Fiorentina v Frosinone Calcio - Serie A 2026\/27\" title=\"ACF Fiorentina v Frosinone Calcio - Serie A 2026\/27\" loading=\"eager\" fetchpriority=\"high\" decoding=\"sync\" class=\"w-full h-auto aspect-3\/2 object-cover object-top rounded-lg\"\/><\/p>\n<p>\n<strong>Che ne pensa del messaggio di Mandragora?<\/strong>\n<\/p>\n<p>\n&#8220;L&#8217;idea era quella di ricreare un progetto nuovo. Ci sono stati cambiamenti sotto tutti i punti di vista. Se le cose accadono, \u00e8 perch\u00e9 chi \u00e8 coinvolto ha permesso che accadessero. La societ\u00e0 ha fatto le sue scelte e anche il giocatore ha preso le sue decisioni. Con Rolando ho avuto un ottimo rapporto, ha dato il suo massimo&#8221;.\n<\/p>\n<p>\n<strong>Come ha trovato gli ultimi 4 attaccanti arrivati?<\/strong>\n<\/p>\n<p>\n&#8220;Ho parlato con loro per capire il loro percorso. L&#8217; entusiasmo e la voglia ci sono, ma \u00e8 mio compito capire le loro condizioni. Non ho avuto tanto tempo ma capir\u00f2 come e quando potranno tornare utili per le gare che ci attendono. Per questa sfida Dodo e Atta hanno avuto problemi. Spero di riaverli oggi e in base a quello decider\u00f2 come e quando impiegarli&#8221;.\n<\/p>\n<p>\n<strong>Che Torino si attende? Come sar\u00e0 ritrovare 3 ex come Comuzzo, Fortini e Mandragora?<\/strong>\n<\/p>\n<p>\n&#8220;Non sar\u00e0 n\u00e9 un vantaggio n\u00e9 uno svantaggio. Anche loro hanno grande voglia di rivalsa. Sar\u00e0 necessario fare una gara piena e perci\u00f2 saranno determinanti gli ingressi&#8221;.\n<\/p>\n<p>\n<strong>Come mai la squadra ha subito tanti gol nell&#8217;area piccola?<\/strong>\n<\/p>\n<p>\n&#8220;\u00c8 un discorso di metodo ma non voglio prendermela solo con un singolo giocatore. Nell&#8217;analizzare ci\u00f2 che non va lo faccio legandomi a tutto il reparto e alla squadra. Abbiamo mostrato anche cose positive. Continueremo a lavorare per colmare quelle negative&#8221;.<\/p>\n","protected":false},"excerpt":{"rendered":"E&#8217; la vigilia del terzo impegno di campionato del Toro di Ignazio Abate. I granata, domani 5 settembre&hellip;\n","protected":false},"author":3,"featured_media":665798,"comment_status":"","ping_status":"","sticky":false,"template":"","format":"standard","meta":{"footnotes":"","_share_on_mastodon":"0"},"categories":[6],"tags":[63862,366778,366779,366780,53242,6880,877,122,163230,14,1690,2263,199999,564,7560,8,1537,90,89,82431,1354,7,15,82,9,83,10,66,1292,3461,1857,408,13,1641,11,80,84,12,81,85,6205,4967],"class_list":["post-665797","post","type-post","status-publish","format-standard","has-post-thumbnail","category-ultime-notizie","tag-abate","tag-abate-granata","tag-abate-granata-domani","tag-accadessero","tag-accadono","tag-capire","tag-conferenza","tag-cose","tag-cose-accadono","tag-cronaca","tag-domani","tag-fiorentina","tag-fiorentina-torino","tag-giocatore","tag-grosso","tag-headlines","tag-it","tag-italia","tag-italy","tag-mandragora","tag-ne","tag-news","tag-notizie","tag-notizie-di-cronaca","tag-notizie-principali","tag-notiziedicronaca","tag-notizieprincipali","tag-parlato","tag-punti","tag-sfida","tag-squadra","tag-stampa","tag-titoli","tag-torino","tag-ultime-notizie","tag-ultime-notizie-di-cronaca","tag-ultime-notizie-e-news-di-oggi","tag-ultimenotizie","tag-ultimenotiziedicronaca","tag-ultimenotizieenewsdioggi","tag-voglia","tag-vogliamo"],"share_on_mastodon":{"url":"","error":"Validation failed: Text character limit of 500 exceeded"},"_links":{"self":[{"href":"https:\/\/www.europesays.com\/it\/wp-json\/wp\/v2\/posts\/665797","targetHints":{"allow":["GET"]}}],"collection":[{"href":"https:\/\/www.europesays.com\/it\/wp-json\/wp\/v2\/posts"}],"about":[{"href":"https:\/\/www.europesays.com\/it\/wp-json\/wp\/v2\/types\/post"}],"author":[{"embeddable":true,"href":"https:\/\/www.europesays.com\/it\/wp-json\/wp\/v2\/users\/3"}],"replies":[{"embeddable":true,"href":"https:\/\/www.europesays.com\/it\/wp-json\/wp\/v2\/comments?post=665797"}],"version-history":[{"count":0,"href":"https:\/\/www.europesays.com\/it\/wp-json\/wp\/v2\/posts\/665797\/revisions"}],"wp:featuredmedia":[{"embeddable":true,"href":"https:\/\/www.europesays.com\/it\/wp-json\/wp\/v2\/media\/665798"}],"wp:attachment":[{"href":"https:\/\/www.europesays.com\/it\/wp-json\/wp\/v2\/media?parent=665797"}],"wp:term":[{"taxonomy":"category","embeddable":true,"href":"https:\/\/www.europesays.com\/it\/wp-json\/wp\/v2\/categories?post=665797"},{"taxonomy":"post_tag","embeddable":true,"href":"https:\/\/www.europesays.com\/it\/wp-json\/wp\/v2\/tags?post=665797"}],"curies":[{"name":"wp","href":"https:\/\/api.w.org\/{rel}","templated":true}]}}