{"id":665803,"date":"2026-09-05T04:52:29","date_gmt":"2026-09-05T04:52:29","guid":{"rendered":"https:\/\/www.europesays.com\/it\/665803\/"},"modified":"2026-09-05T04:52:29","modified_gmt":"2026-09-05T04:52:29","slug":"cagliari-lecce-le-probabili-formazioni-mina-tiago-gabriel-fazzini","status":"publish","type":"post","link":"https:\/\/www.europesays.com\/it\/665803\/","title":{"rendered":"Cagliari-Lecce, le probabili formazioni: Mina, Tiago Gabriel, Fazzini&#8230;"},"content":{"rendered":"<p>\n<strong>Il grande dubbio casa Cagliari \u00e8 legato a Mina<\/strong>: va verso il recupero ma bisogna capire come ha intenzione di gestirlo Pisacane. Favorito ancora Deiola accanto a Rodriguez, con Z\u00e9 Pedro e Obert come terzini. A centrocampo Adopo, Winks e Romano, con <strong>Fazzini provato sempre da esterno alto a sinistra<\/strong>: \u00e8 in pole su Fadera. Completano il reparto avanzato Mendy da punta e Daniel <strong>Maldini<\/strong>.\n<\/p>\n<p>\nLa probabile formazione &#8211; Caprile; Z\u00e9 Pedro, Deiola, Rodriguez, Obert; Adopo, Winks, Romano; Maldini, Mendy, Fazzini\/Fadera.\n<\/p>\n<p>\n\ud83d\udcf2 <a href=\"https:\/\/onelink.to\/28zqdv?&amp;dev=macos&amp;ref=\" target=\"_blank\" rel=\"noopener nofollow\"><strong>SCARICA QUI LA NOSTRA APP GRATUITA<\/strong><\/a>\n<\/p>\n<p>\n<strong>Pu\u00f2 giocare subito dal 1&#8242; il nuovo arrivato Monteiro in casa Lecce<\/strong>: pi\u00f9 lui di N&#8217;Dri sulla fascia sinistra, Di Francesco infatti \u00e8 pronto a tornare al 4-3-3. A destra Pierotti, <strong>a guidare l&#8217;attacco c&#8217;\u00e8 Stulic visto l&#8217;infortunio di Geubbels<\/strong>. A centrocampo accanto a Coulibaly ci sono due dubbi: o Ngom o Maleh, o Ilic o Gorter.<strong> Riecco Gallo dal 1&#8242; a sinistra in difesa<\/strong>, con Veiga a destra; al centro la coppia Gaspar-Tiago Gabriel.\n<\/p>\n<p>        <img src=\"https:\/\/www.europesays.com\/it\/wp-content\/uploads\/2026\/09\/GettyImages-2291593271-12609d9fcb4b-1200x675.jpeg\"   width=\"715\" height=\"402\" alt=\"Parma Calcio v Cagliari Calcio - Serie A 2026\/27\" title=\"Parma Calcio v Cagliari Calcio - Serie A 2026\/27\" loading=\"eager\" fetchpriority=\"high\" decoding=\"sync\" class=\"w-full h-auto aspect-3\/2 object-cover object-top rounded-lg\"\/><\/p>\n<p>\nLa probabile formazione &#8211; Falcone; Veiga, Gaspar, Tiago Gabriel, Gallo; Ilic\/Gorter, Ngom\/Maleh, Coulibaly; Pierotti, Stulic, Monteiro\/N&#8217;Dri.<\/p>\n","protected":false},"excerpt":{"rendered":"Il grande dubbio casa Cagliari \u00e8 legato a Mina: va verso il recupero ma bisogna capire come ha&hellip;\n","protected":false},"author":3,"featured_media":665804,"comment_status":"","ping_status":"","sticky":false,"template":"","format":"standard","meta":{"footnotes":"","_share_on_mastodon":"0"},"categories":[1452],"tags":[5781,57032,366213,366214,6300,113036,721,7204,8032,57071,3177,8029,182938,8243,1740,1974,8030,1537,90,89,6296,315,1739,245,244,8034,8035],"class_list":["post-665803","post","type-post","status-publish","format-standard","has-post-thumbnail","category-calcio","tag-accanto","tag-adopo","tag-adopo-winks","tag-adopo-winks-romano","tag-cagliari","tag-cagliari-lecce","tag-calcio","tag-centrocampo","tag-coulibaly","tag-deiola","tag-destra","tag-dri","tag-fadera","tag-fazzini","tag-football","tag-formazione","tag-gabriel","tag-it","tag-italia","tag-italy","tag-lecce","tag-sinistra","tag-soccer","tag-sport","tag-sports","tag-tiago","tag-tiago-gabriel"],"share_on_mastodon":{"url":"https:\/\/pubeurope.com\/@it\/117216644872282381","error":""},"_links":{"self":[{"href":"https:\/\/www.europesays.com\/it\/wp-json\/wp\/v2\/posts\/665803","targetHints":{"allow":["GET"]}}],"collection":[{"href":"https:\/\/www.europesays.com\/it\/wp-json\/wp\/v2\/posts"}],"about":[{"href":"https:\/\/www.europesays.com\/it\/wp-json\/wp\/v2\/types\/post"}],"author":[{"embeddable":true,"href":"https:\/\/www.europesays.com\/it\/wp-json\/wp\/v2\/users\/3"}],"replies":[{"embeddable":true,"href":"https:\/\/www.europesays.com\/it\/wp-json\/wp\/v2\/comments?post=665803"}],"version-history":[{"count":0,"href":"https:\/\/www.europesays.com\/it\/wp-json\/wp\/v2\/posts\/665803\/revisions"}],"wp:featuredmedia":[{"embeddable":true,"href":"https:\/\/www.europesays.com\/it\/wp-json\/wp\/v2\/media\/665804"}],"wp:attachment":[{"href":"https:\/\/www.europesays.com\/it\/wp-json\/wp\/v2\/media?parent=665803"}],"wp:term":[{"taxonomy":"category","embeddable":true,"href":"https:\/\/www.europesays.com\/it\/wp-json\/wp\/v2\/categories?post=665803"},{"taxonomy":"post_tag","embeddable":true,"href":"https:\/\/www.europesays.com\/it\/wp-json\/wp\/v2\/tags?post=665803"}],"curies":[{"name":"wp","href":"https:\/\/api.w.org\/{rel}","templated":true}]}}