{"id":665807,"date":"2026-09-05T04:54:33","date_gmt":"2026-09-05T04:54:33","guid":{"rendered":"https:\/\/www.europesays.com\/it\/665807\/"},"modified":"2026-09-05T04:54:33","modified_gmt":"2026-09-05T04:54:33","slug":"ucraina-nostra-la-mostra-fotografica-internazionale-arriva-allippodromo-di-treviso","status":"publish","type":"post","link":"https:\/\/www.europesays.com\/it\/665807\/","title":{"rendered":"&#8220;Ucraina nostra&#8221;, la mostra fotografica internazionale arriva all&#8217;ippodromo di Treviso"},"content":{"rendered":"<p>All&#8217;ippodromo Sant&#8217;Artemio di Treviso, in viale Felissent 39, arriva domenica 6 settembre la mostra fotografica internazionale &#8220;Ucraina nostra. Granaio d&#8217;Europa, Terra di conquista&#8221;: 45 scatti del fotografo Kostiantyn Bobryshev, vincitore del Grand Prix al concorso internazionale Life Press Photo 2025. L&#8217;inaugurazione \u00e8 fissata per le 17.30, con ingresso libero.<\/p>\n<p><strong>Una mostra itinerante alla sua tredicesima sessione<\/strong><\/p>\n<p>Si tratta della 13\u00aa sessione di un percorso espositivo gi\u00e0 realizzato in dodici tappe tra Friuli Venezia Giulia e Veneto, promosso dall&#8217;associazione La Rondine APS. Per l&#8217;ippodromo di Treviso \u00e8 la prima volta. Le immagini raccontano la storia, l&#8217;identit\u00e0 e la drammatica attualit\u00e0 del popolo ucraino: la vita quotidiana prima dell&#8217;invasione e le conseguenze umane del conflitto. Il catalogo editoriale del progetto propone 148 fotografie, con la prefazione del presidente della regione Friuli Venezia Giulia Massimiliano Fedriga. La curatrice della mostra, Giusi Vianello, accompagner\u00e0 il pubblico nel percorso espositivo, illustrando il significato delle immagini e il lavoro del fotografo. Bobryshev, tuttavia, non potr\u00e0 essere presente: \u00e8 attualmente in coma da oltre un mese a causa di una grave malattia.<\/p>\n<p><strong>Le voci dell&#8217;iniziativa<\/strong><\/p>\n<p>\u00abLe associazioni di persone ucraine in Italia hanno un ruolo fondamentale per promuovere la conoscenza del Paese di origine e per mantenere viva l&#8217;attenzione sulla situazione in cui versa il popolo ucraino dopo l&#8217;invasione russa. Iniziata nel 2014 con la Crimea assoggettata, questa &#8216;operazione speciale&#8217; sembra non avere fine e rischia di diventare un&#8217;abitudine mediatica&#8221; &#8211; sostiene la presidente de La Rondine APS, Tamara Pozdnyakova. &#8220;Il mio popolo \u00e8 ferito, stanco e stremato da lutti e tragedie famigliari &#8211; continua Pozdnyakova &#8211; ma continua a resistere con grande dignit\u00e0 e sacrificio\u00bb. L&#8217;iniziativa ha anche una finalit\u00e0 concreta: finanziare due progetti in Ucraina, la rigenerazione di un villaggio in Poltava e il sostegno a un cappellano volontario che opera nelle zone grigie del fronte.<\/p>\n<p><strong>Il programma dell&#8217;inaugurazione e gli orari<\/strong><\/p>\n<p>L&#8217;inaugurazione di domenica 6 settembre sar\u00e0 accompagnata dalla musica e dal canto di Marina Chervinska, artista ucraina. Al termine delle corse \u00e8 previsto un aperitivo offerto da Nordest Ippodromi srl e Tenuta San Giorgio Maserada sul Piave. Fondazione Feder Piazza affiancher\u00e0 La Rondine APS e Nordest Ippodromi: in occasione dell&#8217;inaugurazione verr\u00e0 letto un messaggio di monsignor Irynej Bilyk, vescovo ucraino e canonico della basilica papale di Santa Maria Maggiore a Roma.<\/p>\n<p>La mostra rester\u00e0 aperta fino al 25 settembre. Gli orari: mercoled\u00ec e gioved\u00ec dalle 15.00 alle 18.00; domenica 13, marted\u00ec 22 e venerd\u00ec 25 settembre dalle 14.00 alle 19.00. Sar\u00e0 visitabile anche il 19 settembre, giorno in cui Treviso ospiter\u00e0 il Giro d&#8217;Italia per la Pace. La mostra \u00e8 sostenuta dalla WFUWO &#8211; Federazione mondiale organizzazioni femminili ucraine.<\/p>\n","protected":false},"excerpt":{"rendered":"All&#8217;ippodromo Sant&#8217;Artemio di Treviso, in viale Felissent 39, arriva domenica 6 settembre la mostra fotografica internazionale &#8220;Ucraina nostra.&hellip;\n","protected":false},"author":3,"featured_media":665808,"comment_status":"","ping_status":"","sticky":false,"template":"","format":"standard","meta":{"footnotes":"","_share_on_mastodon":"0"},"categories":[1446],"tags":[1615,1613,1614,1611,1610,1612,203,204,366793,1537,90,89,3537,170],"class_list":["post-665807","post","type-post","status-publish","format-standard","has-post-thumbnail","category-arte-e-design","tag-arte","tag-arte-e-design","tag-arteedesign","tag-arts","tag-arts-and-design","tag-design","tag-entertainment","tag-intrattenimento","tag-ippodromo-santartemio","tag-it","tag-italia","tag-italy","tag-mostra-fotografica","tag-ucraina"],"share_on_mastodon":{"url":"https:\/\/pubeurope.com\/@it\/117216651667405902","error":""},"_links":{"self":[{"href":"https:\/\/www.europesays.com\/it\/wp-json\/wp\/v2\/posts\/665807","targetHints":{"allow":["GET"]}}],"collection":[{"href":"https:\/\/www.europesays.com\/it\/wp-json\/wp\/v2\/posts"}],"about":[{"href":"https:\/\/www.europesays.com\/it\/wp-json\/wp\/v2\/types\/post"}],"author":[{"embeddable":true,"href":"https:\/\/www.europesays.com\/it\/wp-json\/wp\/v2\/users\/3"}],"replies":[{"embeddable":true,"href":"https:\/\/www.europesays.com\/it\/wp-json\/wp\/v2\/comments?post=665807"}],"version-history":[{"count":0,"href":"https:\/\/www.europesays.com\/it\/wp-json\/wp\/v2\/posts\/665807\/revisions"}],"wp:featuredmedia":[{"embeddable":true,"href":"https:\/\/www.europesays.com\/it\/wp-json\/wp\/v2\/media\/665808"}],"wp:attachment":[{"href":"https:\/\/www.europesays.com\/it\/wp-json\/wp\/v2\/media?parent=665807"}],"wp:term":[{"taxonomy":"category","embeddable":true,"href":"https:\/\/www.europesays.com\/it\/wp-json\/wp\/v2\/categories?post=665807"},{"taxonomy":"post_tag","embeddable":true,"href":"https:\/\/www.europesays.com\/it\/wp-json\/wp\/v2\/tags?post=665807"}],"curies":[{"name":"wp","href":"https:\/\/api.w.org\/{rel}","templated":true}]}}