{"id":665891,"date":"2026-09-05T06:17:14","date_gmt":"2026-09-05T06:17:14","guid":{"rendered":"https:\/\/www.europesays.com\/it\/665891\/"},"modified":"2026-09-05T06:17:14","modified_gmt":"2026-09-05T06:17:14","slug":"annalisa-bruchi-torna-con-agora-tutto-fa-economia-piu-dialogo-con-il-pubblico","status":"publish","type":"post","link":"https:\/\/www.europesays.com\/it\/665891\/","title":{"rendered":"Annalisa Bruchi torna con \u00abAgor\u00e0\u00bb: \u00abTutto fa economia, pi\u00f9 dialogo con il pubblico\u00bb"},"content":{"rendered":"<p>    di<br \/>\n    Renato Franco<\/p>\n<p class=\"summary-art is-line-h-12\">La conduttrice di nuovo in onda da luned\u00ec a venerd\u00ec alle 8 su Rai3<\/p>\n<p class=\"chapter-paragraph\">\u00abSar\u00e0 un anno ricco e denso di spunti: ci sono le elezioni in Israele e poi quelle di midterm negli Stati Uniti, in primavera la Francia e probabilmente la Spagna.<b> Ormai la politica estera \u00e8 anche politica italiana, global significa local<\/b>: le scelte degli altri Paesi ci influenzano direttamente. Sar\u00e0 un anno interessantissimo, da raccontare giorno dopo giorno\u00bb. <b>Annalisa Bruchi torna in onda dal luned\u00ec al venerd\u00ec (alle 8 su Rai3) con Agor\u00e0<\/b>, il programma che apre la giornata dell\u2019approfondimento Rai raccontando il mondo che cambia, gli scenari internazionali e la politica interna, i temi sociali e gli aspetti economici, che \u00e8 il taglio a cui la giornalista da sempre \u00e8 pi\u00f9 attenta. \u00ab<b>\u201cTutto fa economia\u201d \u00e8 uno slogan che uso da tempo e non tramonta mai<\/b>. Anzi, in un mondo globalizzato \u00e8 un dato di fatto ancor pi\u00f9 confermato\u00bb.\u00a0<\/p>\n<p class=\"chapter-paragraph\">Rispetto a un tempo, quando sembravano argomenti per iniziati, <b>economia e finanza trovano sempre di pi\u00f9 l\u2019interesse dei cittadini<\/b>: \u00abLe persone non si fermano alla superficie. Ogni parte politica oggi d\u00e0 la sua interpretazione economica, per questo anche ad Agor\u00e0 puntiamo ad avere in ogni puntata un economista o un esperto che spieghi come stanno le cose veramente: <b>in sostanza un tecnico che fa da Cassazione con un fact-checking economico immediato<\/b>. Cos\u00ec i dati non vengono pi\u00f9 tirati da una parte e dall\u2019altra a seconda della convenienza\u00bb.\u00a0    &#13;<br \/>\n&#13;<br \/>\n&#13;<br \/>\n&#13;<br \/>\n&#13;<br \/>\n&#13;<br \/>\n&#13;<br \/>\n&#13;<br \/>\n&#13;<br \/>\n&#13;<br \/>\n&#13;<br \/>\n&#13;<br \/>\n&#13;<br \/>\n&#13;<br \/>\n&#13;<br \/>\n&#13;<br \/>\n&#13;<br \/>\n&#13;<br \/>\n&#13;<br \/>\n&#13;<br \/>\n&#13;<br \/>\n&#13;<br \/>\n&#13;<br \/>\n&#13;<br \/>\n&#13;<br \/>\n&#13;<br \/>\n&#13;<br \/>\n&#13;<br \/>\n&#13;<br \/>\n&#13;<br \/>\n&#13;<br \/>\n&#13;<br \/>\n&#13;<br \/>\n&#13;<br \/>\n&#13;<br \/>\n&#13;<br \/>\n&#13;<br \/>\n&#13;<br \/>\n&#13;<br \/>\n&#13;<br \/>\n&#13;<br \/>\n&#13;<br \/>\n&#13;<br \/>\n&#13;<br \/>\n&#13;<br \/>\n&#13;<br \/>\n&#13;<br \/>\n&#13;<br \/>\n&#13;<br \/>\n&#13;<br \/>\n&#13;<br \/>\n&#13;<br \/>\n&#13;\n<\/p>\n<p class=\"chapter-paragraph\"><b>Il dialogo con il pubblico \u00e8 uno degli aspetti che\u00a0Annalisa Bruchi vuole sviluppare<\/b>: \u00abGli spettatori spesso sono molto acuti, cercheremo un\u2019interazione in diretta con loro, via mail e social. La mia idea \u00e8 quella di far partecipare il pubblico <b>nello spirito di una vera agor\u00e0<\/b>\u00bb.<\/p>\n<p class=\"chapter-paragraph\">La politica litiga non solo sui numeri. Sembra che i programmi di inchiesta vengano fatti solo da <b>giornalisti schierati a sinistra<\/b>. \u00abViviamo un periodo in cui si tende troppo ad appiccicare etichette. Io vengo dalla scuola di <b>Giovanni Minoli<\/b>, e all\u2019epoca non si parlava di un\u2019inchiesta di sinistra o di destra. <b>Lo spirito del tempo \u00e8 cambiato e poi la verit\u00e0 \u00e8 un\u2019altra<\/b>: purtroppo c\u2019\u00e8 poco giornalismo di inchiesta perch\u00e9 costa tanto, in termini di tempo e soldi\u00bb.<\/p>\n<p class=\"chapter-paragraph\"><b>Cosa la sorprende di Trump?<\/b> \u00abNiente e tutto ormai. Ogni tanto non riesco neanche a capire se certe dichiarazioni sono sue o se sono dettate dall\u2019intelligenza artificiale. <b>\u00c8 un uomo televisivo<\/b>, \u201cYou are fired\u201d, sei licenziato, era il suo marchio di fabbrica quando conduceva il reality The Apprentice: <b>dobbiamo fare pace con il fatto che lui \u00e8 uno showman<\/b>\u00bb.<\/p>\n<p class=\"is-last-update\" datetime=\"2026-09-04T18:12:25+02:00\">5 settembre 2026<\/p>\n<p class=\"is-copyright\">\n            \u00a9 RIPRODUZIONE RISERVATA\n        <\/p>\n","protected":false},"excerpt":{"rendered":"di Renato Franco La conduttrice di nuovo in onda da luned\u00ec a venerd\u00ec alle 8 su Rai3 \u00abSar\u00e0&hellip;\n","protected":false},"author":3,"featured_media":665892,"comment_status":"","ping_status":"","sticky":false,"template":"","format":"standard","meta":{"footnotes":"","_share_on_mastodon":"0"},"categories":[1444],"tags":[25771,366819,47173,2537,463,366812,366814,4675,366813,366815,3875,366816,184,203,51,204,1537,90,89,1691,70000,9167,366817,366818,133,477,179,315,10335,5583,253,8434],"class_list":["post-665891","post","type-post","status-publish","format-standard","has-post-thumbnail","category-tv","tag-acuti","tag-acuti-cercheremo","tag-agora","tag-altra","tag-annalisa","tag-annalisa-bruchi","tag-annalisa-bruchi-torna","tag-aspetti","tag-bruchi","tag-bruchi-torna","tag-dialogo","tag-dialogo-pubblico","tag-economia","tag-entertainment","tag-inchiesta","tag-intrattenimento","tag-it","tag-italia","tag-italy","tag-lunedi","tag-lunedi-venerdi","tag-onda","tag-onda-lunedi","tag-onda-lunedi-venerdi","tag-ormai","tag-politica","tag-pubblico","tag-sinistra","tag-spirito","tag-torna","tag-tv","tag-venerdi"],"share_on_mastodon":{"url":"","error":""},"_links":{"self":[{"href":"https:\/\/www.europesays.com\/it\/wp-json\/wp\/v2\/posts\/665891","targetHints":{"allow":["GET"]}}],"collection":[{"href":"https:\/\/www.europesays.com\/it\/wp-json\/wp\/v2\/posts"}],"about":[{"href":"https:\/\/www.europesays.com\/it\/wp-json\/wp\/v2\/types\/post"}],"author":[{"embeddable":true,"href":"https:\/\/www.europesays.com\/it\/wp-json\/wp\/v2\/users\/3"}],"replies":[{"embeddable":true,"href":"https:\/\/www.europesays.com\/it\/wp-json\/wp\/v2\/comments?post=665891"}],"version-history":[{"count":0,"href":"https:\/\/www.europesays.com\/it\/wp-json\/wp\/v2\/posts\/665891\/revisions"}],"wp:featuredmedia":[{"embeddable":true,"href":"https:\/\/www.europesays.com\/it\/wp-json\/wp\/v2\/media\/665892"}],"wp:attachment":[{"href":"https:\/\/www.europesays.com\/it\/wp-json\/wp\/v2\/media?parent=665891"}],"wp:term":[{"taxonomy":"category","embeddable":true,"href":"https:\/\/www.europesays.com\/it\/wp-json\/wp\/v2\/categories?post=665891"},{"taxonomy":"post_tag","embeddable":true,"href":"https:\/\/www.europesays.com\/it\/wp-json\/wp\/v2\/tags?post=665891"}],"curies":[{"name":"wp","href":"https:\/\/api.w.org\/{rel}","templated":true}]}}