{"id":665915,"date":"2026-09-05T06:40:17","date_gmt":"2026-09-05T06:40:17","guid":{"rendered":"https:\/\/www.europesays.com\/it\/665915\/"},"modified":"2026-09-05T06:40:17","modified_gmt":"2026-09-05T06:40:17","slug":"de-roon-alla-griglia-bruciata-la-maglia-dellex-atalanta-e-polemica","status":"publish","type":"post","link":"https:\/\/www.europesays.com\/it\/665915\/","title":{"rendered":"De Roon alla griglia, bruciata la maglia dell\u2019ex Atalanta: \u00e8 polemica"},"content":{"rendered":"<p>                                Qualcuno ha deciso di salutare l&#8217;olandese bruciando la sua maglia sul barbecue. In un mondo infiammato dall\u2019odio, non si scherza col fuoco<\/p>\n<p class=\"paragraph\" spellcheck=\"true\">Il domenicano Fra Giovanni da Fontana, terribile inquisitore di Bergamo, nel 14\u00b0 secolo condann\u00f2 al rogo 12 eretici dolciniani. Mor\u00ec tra le fiamme anche Caterina de Pilli, detta Ruggiera da Bergamo, accusata di stregoneria. Tempi lontani, ma mica tanto. A Bergamo il fuoco punisce ancora. Un imprenditore locale dal cognome curiosamente liquido (Acquaroli) come l\u2019inquisitore (da Fontana), ha dato fuoco su una griglia alla maglia di Marten De Roon, acquistata a un\u2019asta di beneficenza. Il video \u00e8 diventato virale. L\u2019eresia imputata all\u2019olandese? Essersi trasferito nella citt\u00e0 del Papa. Pu\u00f2 essere eretico o traditore il giocatore che ha indossato pi\u00f9 volte la maglia della Dea (444 volte) e che il giorno del record pianse davanti al lenzuolo della curva: &#8220;Prima uomini, poi campioni&#8221;?\u00a0<\/p>\n<p class=\"paragraph\" spellcheck=\"true\">Pu\u00f2 esserlo un ragazzo che ha abitato 10 anni in citt\u00e0, che ha condiviso la tragedia del Covid, che ha figlie che parlano con accento bergamasco, che sa cos\u2019\u00e8 lo stegnat de polenta, che ha costruito la favola Dea, che ha pianto l\u2019ultima volta a Zingonia e torner\u00e0 a vivere a Bergamo? \u00c8 andato alla Roma perch\u00e9, a 35 anni, un calciatore sogna di chiudere giocando. Sarri non gli ha concesso un solo minuto di campo. Faticoso anche il saluto. Gasp, che lo ha plasmato e gli ha permesso nazionale ed Europa League, gli ha teso una mano e gli ha gi\u00e0 restituito il campo. L\u2019imprenditore auspica che la curva bergamasca, al ritorno, lo accolga \u201ccon un silenzio assordante\u201d. Noi auspichiamo che assordante siano l\u2019applauso e la riconoscenza. In un mondo infiammato dall\u2019odio, non si scherza col fuoco. Sulla griglia tornino le salamelle.<\/p>\n","protected":false},"excerpt":{"rendered":"Qualcuno ha deciso di salutare l&#8217;olandese bruciando la sua maglia sul barbecue. In un mondo infiammato dall\u2019odio, non&hellip;\n","protected":false},"author":3,"featured_media":665916,"comment_status":"","ping_status":"","sticky":false,"template":"","format":"standard","meta":{"footnotes":"","_share_on_mastodon":"0"},"categories":[1452],"tags":[64274,1687,721,921,11507,277,57069,16372,53013,1740,783,366841,12712,5560,265182,366842,366843,366844,1537,90,89,2219,7394,366845,366846,6049,1739,245,244],"class_list":["post-665915","post","type-post","status-publish","format-standard","has-post-thumbnail","category-calcio","tag-assordante","tag-bergamo","tag-calcio","tag-campo","tag-curva","tag-de","tag-de-roon","tag-dea","tag-fontana","tag-football","tag-fuoco","tag-fuoco-griglia","tag-griglia","tag-imprenditore","tag-infiammato","tag-infiammato-odio","tag-infiammato-odio-scherza","tag-inquisitore","tag-it","tag-italia","tag-italy","tag-maglia","tag-odio","tag-odio-scherza","tag-odio-scherza-fuoco","tag-olandese","tag-soccer","tag-sport","tag-sports"],"share_on_mastodon":{"url":"https:\/\/pubeurope.com\/@it\/117217068702314122","error":""},"_links":{"self":[{"href":"https:\/\/www.europesays.com\/it\/wp-json\/wp\/v2\/posts\/665915","targetHints":{"allow":["GET"]}}],"collection":[{"href":"https:\/\/www.europesays.com\/it\/wp-json\/wp\/v2\/posts"}],"about":[{"href":"https:\/\/www.europesays.com\/it\/wp-json\/wp\/v2\/types\/post"}],"author":[{"embeddable":true,"href":"https:\/\/www.europesays.com\/it\/wp-json\/wp\/v2\/users\/3"}],"replies":[{"embeddable":true,"href":"https:\/\/www.europesays.com\/it\/wp-json\/wp\/v2\/comments?post=665915"}],"version-history":[{"count":0,"href":"https:\/\/www.europesays.com\/it\/wp-json\/wp\/v2\/posts\/665915\/revisions"}],"wp:featuredmedia":[{"embeddable":true,"href":"https:\/\/www.europesays.com\/it\/wp-json\/wp\/v2\/media\/665916"}],"wp:attachment":[{"href":"https:\/\/www.europesays.com\/it\/wp-json\/wp\/v2\/media?parent=665915"}],"wp:term":[{"taxonomy":"category","embeddable":true,"href":"https:\/\/www.europesays.com\/it\/wp-json\/wp\/v2\/categories?post=665915"},{"taxonomy":"post_tag","embeddable":true,"href":"https:\/\/www.europesays.com\/it\/wp-json\/wp\/v2\/tags?post=665915"}],"curies":[{"name":"wp","href":"https:\/\/api.w.org\/{rel}","templated":true}]}}