{"id":665917,"date":"2026-09-05T06:41:33","date_gmt":"2026-09-05T06:41:33","guid":{"rendered":"https:\/\/www.europesays.com\/it\/665917\/"},"modified":"2026-09-05T06:41:33","modified_gmt":"2026-09-05T06:41:33","slug":"amadeus-la-casa-a-milano-il-terrazzo-con-vista-mozzafiato-la-scala-a-chiocciola-in-ferro-le-pareti-dorate-in-soggiorno-la-cucina-con-le-vetrate-2","status":"publish","type":"post","link":"https:\/\/www.europesays.com\/it\/665917\/","title":{"rendered":"Amadeus, la casa a Milano: il terrazzo con vista mozzafiato, la scala a chiocciola in ferro, le pareti dorate in soggiorno, la cucina con le vetrate"},"content":{"rendered":"<p>Una <strong><a href=\"https:\/\/www.ilgazzettino.it\/t\/casa\" rel=\"nofollow noopener\" target=\"_blank\">casa<\/a><\/strong> che guarda <a href=\"https:\/\/www.ilgazzettino.it\/t\/milano\" rel=\"nofollow noopener\" target=\"_blank\">Milano<\/a> dall&#8217;alto con grandi vetrate, ambienti luminosi e una famiglia meravigliosa con cui condividerla. <strong><a href=\"https:\/\/www.ilgazzettino.it\/t\/amadeus\" rel=\"nofollow noopener\" target=\"_blank\">Amadeus<\/a><\/strong>, oggi 4 settembre, compie 64 anni. Da circa 40 anni, il conduttore vive\u00a0nel capoluogo meneghino insieme alla moglie <strong><a href=\"https:\/\/www.ilgazzettino.it\/t\/giovanna-civitillo\" rel=\"nofollow noopener\" target=\"_blank\">Giovanna Civitillo<\/a><\/strong> e al figlio Jos\u00e9, ma, per via degli impegni lavorativi, possiede\u00a0anche un secondo rifugio nella Capitale: una villa immersa nel verde, molto diversa dall&#8217;abitazione milanese.<\/p>\n<p>    &#13;<\/p>\n<p>APPROFONDIMENTI<\/p>\n<p>&#13;<\/p>\n<p>                            &#13;<br \/>\n                                            &#13;<br \/>\n                            <a href=\"https:\/\/www.ilgazzettino.it\/cultura\/amadeus_lascia_warner_bros_ritorno_rai_mediaset-9615992.html\" rel=\"nofollow noopener\" target=\"_blank\">&#13;<br \/>\n                                                                <img decoding=\"async\" src=\"https:\/\/www.europesays.com\/it\/wp-content\/uploads\/2026\/09\/9615992_26115748_amadeus.jpg\"\/>&#13;<br \/>\n                            <\/a>&#13;<br \/>\n                        &#13;<br \/>\n                                        &#13;<\/p>\n<p>                            &#13;<br \/>\n                                            &#13;<br \/>\n                            <a href=\"https:\/\/www.ilgazzettino.it\/cultura\/amadeus_rai_via_asiago_gag_fiorello_cosa_e_successo-9573442.html\" rel=\"nofollow noopener\" target=\"_blank\">&#13;<br \/>\n                                                                <img decoding=\"async\" src=\"https:\/\/www.europesays.com\/it\/wp-content\/uploads\/2026\/09\/9573442_04185050_thumbnail_da_fotogramma.jpg\"\/>&#13;<br \/>\n                            <\/a>&#13;<br \/>\n                        &#13;<br \/>\n                                        &#13;<\/p>\n<p>        &#13;<\/p>\n<p>Chi \u00e8 Amadeus <img decoding=\"async\" alt=\"\" src=\"https:\/\/www.europesays.com\/it\/wp-content\/uploads\/2026\/09\/amadeus_la_casa_1_03151632.jpg\"\/> Foto LaPresse  <\/p>\n<p>Amedeo Umberto Rita Sebastiani, in arte Amadeus, nasce a Ravenna il 4 settembre 1962. La sua carriera comincia nel mondo della radio, prima del passaggio alla televisione, dove negli anni diventa uno dei conduttori pi\u00f9 popolari del piccolo schermo. Tra i programmi che hanno segnato il suo percorso ci sono L&#8217;Eredit\u00e0, Affari Tuoi e I Soliti Ignoti, ma \u00e8 soprattutto il Festival di Sanremo ad averlo consacrato come uno dei grandi protagonisti della tv italiana. Dal 2020 al 2024 conduce e dirige artisticamente cinque edizioni consecutive della kermesse, contribuendo a rinnovarne formula e cast. Nel 2024 lascia la Rai e approda al Nove, con cui i rapporti sono cessati (consensualmente) da giugno 2026, due anni in anticipo.\u00a0\u00a0<\/p>\n<p>Vita privata <img decoding=\"async\" alt=\"\" src=\"https:\/\/www.europesays.com\/it\/wp-content\/uploads\/2026\/09\/amadeus_giovanna_03152551.jpg\"\/> Didascalia  <\/p>\n<p>Presenza costante al suo fianco \u00e8 <a href=\"https:\/\/www.ilgazzettino.it\/t\/giovanna-civitillo\" rel=\"nofollow noopener\" target=\"_blank\">Giovanna Civitillo<\/a>, compagna di vita e che ha avuto un ruolo determinante\u00a0anche nel percorso professionale del conduttore. <\/p>\n<p>I due si conoscono a L&#8217;Eredit\u00e0, il programma di Rai 1 che Amadeus conduceva nei primi anni Duemila e nel quale Giovanna era una delle professoresse. Tra loro nasce presto un sentimento che, lontano dalle telecamere, si trasforma in una relazione solida. Nel 2009 arriva il matrimonio e, nello stesso anno, la nascita del loro unico figlio, Jos\u00e9 Alberto. Per Amadeus si tratta del secondo capitolo della sua vita familiare: il conduttore \u00e8 infatti gi\u00e0 padre di Alice, nata dal precedente matrimonio con Marisa Di Martino.Dove vive <\/p>\n<p><img decoding=\"async\" alt=\"\" src=\"https:\/\/www.europesays.com\/it\/wp-content\/uploads\/2026\/09\/amadeus_dove_vive_03152653.jpg\"\/><\/p>\n<p>Milano \u00e8 la citt\u00e0 in cui <strong><a href=\"https:\/\/www.ilgazzettino.it\/t\/amadeus\" rel=\"nofollow noopener\" target=\"_blank\">Amadeus<\/a><\/strong> trascorre la maggior parte del tempo. L&#8217;appartamento si trova al quindicesimo piano di un moderno grattacielo nella zona di Corso Sempione, vicino a <a href=\"https:\/\/www.ilgazzettino.it\/t\/citylife\" rel=\"nofollow noopener\" target=\"_blank\">CityLife<\/a>, e si sviluppa su due piani collegati da una scala a chiocciola. Le grandi vetrate sono uno degli elementi distintivi della casa e permettono alla luce naturale di entrare negli ambienti, con lo skyline milanese sempre in primo piano.\u00a0La famiglia ha per\u00f2 anche una villa a Roma, completamente diversa dall&#8217;abitazione meneghina. \u00c8 una villetta circondata dal verde, arredata in stile pi\u00f9 classico con mobili in legno e numerose piante. All&#8217;esterno c&#8217;\u00e8 un ampio giardino, diventato negli anni uno spazio di relax e di gioco per Amadeus e Jos\u00e9. \u00c8 proprio qui che la famiglia ha trascorso anche il periodo del lockdown.\u00a0<\/p>\n<p>Il salotto <\/p>\n<p><img decoding=\"async\" alt=\"\" src=\"https:\/\/www.europesays.com\/it\/wp-content\/uploads\/2026\/09\/soggiorno_3_03153245.jpg\"\/><\/p>\n<p>Il salotto \u00e8 il cuore pulsante della casa di <strong><a href=\"https:\/\/www.ilgazzettino.it\/t\/amadeus\" rel=\"nofollow noopener\" target=\"_blank\">Amadeus<\/a><\/strong> a Milano. Ampio e luminoso, grazie a una vastissima vetrata con vista mozzafiato, il soggiorno\u00a0\u00e8 arredato\u00a0con grandi divani bianchi e una parete attrezzata nei toni dell&#8217;avorio e dell&#8217;oro. Qui Amadeus si riunisce per guardare film o le partite della squadra del cuore (l&#8217;Inter) insieme alla famiglia.\u00a0Il parquet contribuisce a rendere l&#8217;ambiente pi\u00f9 caldo, mentre sulle pareti e sugli arredi compaiono fotografie di famiglia e diversi dettagli decorativi. La zona living \u00e8 completata da un tavolino basso in nero lacca, e due poltrone a fantasia.\u00a0<\/p>\n<p>La cucina <\/p>\n<p><img decoding=\"async\" alt=\"\" src=\"https:\/\/www.europesays.com\/it\/wp-content\/uploads\/2026\/09\/cucina_4_03153909.jpg\"\/><\/p>\n<p>Anche in cucina la palette cromatica che domina \u00e8 quella sui toni neutri. Le grandi finestre vengono riproposte anche davanti al tavolo da pranzo. A dare un&#8217;atmosfera pi\u00f9 accogliente e vissuta \u00e8 il frigorifero americano in acciaio, completamente ricoperto di calamite di tantissimi viaggi.<\/p>\n<p>La camera da letto <\/p>\n<p><img decoding=\"async\" alt=\"\" src=\"https:\/\/www.europesays.com\/it\/wp-content\/uploads\/2026\/09\/camera_1_03154505.jpg\"\/><\/p>\n<p>Nella casa di <strong><a href=\"https:\/\/www.ilgazzettino.it\/t\/amadeus\" rel=\"nofollow noopener\" target=\"_blank\">Amadeus<\/a><\/strong> per raggiungere la zona notte, al secondo piano, si sale attraverso una particolare\u00a0scala a chiocciola in vetro e ferro. Alle spalle una parete ripropone un disegno in bianco e nero del duomo di Milano.\u00a0La camera matrimoniale \u00e8 la stanza pi\u00f9 elegante ed essenziale\u00a0della casa, con bianco e oro a dominare l&#8217;ambiente. La parete dietro il letto presenta dettagli dorati e fotografie della coppia, mentre la biancheria e gli arredi mantengono tonalit\u00e0 neutre.\u00a0<\/p>\n<p>Il bagno <\/p>\n<p><img decoding=\"async\" alt=\"\" src=\"https:\/\/www.europesays.com\/it\/wp-content\/uploads\/2026\/09\/bagno_2_03155302.jpg\"\/><\/p>\n<p>Oltre al bagno padronale, spazioso e con una grande vasca,\u00a0Amadeus e Giovanna ne hanno uno\u00a0privato, accanto alla camera da letto. Le immagini condivise dalla coppia mostrano un ambiente in linea con il gusto generale della casa, dove prevalgono tonalit\u00e0 eleganti e luminose: le piastrelle sono tutte marmorizzate e la rubinetteria, compresa quella dell&#8217;ampia doccia walk-in, \u00e8 dorata.\u00a0<br \/>\u00a0<\/p>\n<p>Il terrazzo <\/p>\n<p><img decoding=\"async\" alt=\"\" src=\"https:\/\/www.europesays.com\/it\/wp-content\/uploads\/2026\/09\/bagno_3_03155809.jpg\"\/><\/p>\n<p>Il vero elemento distintivo della casa di <strong><a href=\"https:\/\/www.ilgazzettino.it\/t\/amadeus\" rel=\"nofollow noopener\" target=\"_blank\">Amadeus<\/a><\/strong> \u00e8 per\u00f2 il grande terrazzo panoramico. L&#8217;appartamento si apre verso l&#8217;esterno con uno spazio arredato con piante e sedute, dove il parquet prosegue anche nella zona outdoor. Da qui la vista spazia sui grattacieli di CityLife e sulla skyline di Milano, fino alla Torre Rai.<\/p>\n","protected":false},"excerpt":{"rendered":"Una casa che guarda Milano dall&#8217;alto con grandi vetrate, ambienti luminosi e una famiglia meravigliosa con cui condividerla.&hellip;\n","protected":false},"author":3,"featured_media":665918,"comment_status":"","ping_status":"","sticky":false,"template":"","format":"standard","meta":{"footnotes":"","_share_on_mastodon":"0"},"categories":[1451],"tags":[5024,5134,1621,1620,158678,203,252787,204,1537,90,89,28],"class_list":["post-665917","post","type-post","status-publish","format-standard","has-post-thumbnail","category-celebrita","tag-amadeus","tag-casa","tag-celebrita","tag-celebrities","tag-dove-vive","tag-entertainment","tag-giovanna-civitillo","tag-intrattenimento","tag-it","tag-italia","tag-italy","tag-milano"],"share_on_mastodon":{"url":"https:\/\/pubeurope.com\/@it\/117217073773268536","error":""},"_links":{"self":[{"href":"https:\/\/www.europesays.com\/it\/wp-json\/wp\/v2\/posts\/665917","targetHints":{"allow":["GET"]}}],"collection":[{"href":"https:\/\/www.europesays.com\/it\/wp-json\/wp\/v2\/posts"}],"about":[{"href":"https:\/\/www.europesays.com\/it\/wp-json\/wp\/v2\/types\/post"}],"author":[{"embeddable":true,"href":"https:\/\/www.europesays.com\/it\/wp-json\/wp\/v2\/users\/3"}],"replies":[{"embeddable":true,"href":"https:\/\/www.europesays.com\/it\/wp-json\/wp\/v2\/comments?post=665917"}],"version-history":[{"count":0,"href":"https:\/\/www.europesays.com\/it\/wp-json\/wp\/v2\/posts\/665917\/revisions"}],"wp:featuredmedia":[{"embeddable":true,"href":"https:\/\/www.europesays.com\/it\/wp-json\/wp\/v2\/media\/665918"}],"wp:attachment":[{"href":"https:\/\/www.europesays.com\/it\/wp-json\/wp\/v2\/media?parent=665917"}],"wp:term":[{"taxonomy":"category","embeddable":true,"href":"https:\/\/www.europesays.com\/it\/wp-json\/wp\/v2\/categories?post=665917"},{"taxonomy":"post_tag","embeddable":true,"href":"https:\/\/www.europesays.com\/it\/wp-json\/wp\/v2\/tags?post=665917"}],"curies":[{"name":"wp","href":"https:\/\/api.w.org\/{rel}","templated":true}]}}