{"id":665925,"date":"2026-09-05T06:47:18","date_gmt":"2026-09-05T06:47:18","guid":{"rendered":"https:\/\/www.europesays.com\/it\/665925\/"},"modified":"2026-09-05T06:47:18","modified_gmt":"2026-09-05T06:47:18","slug":"ardon-jashari-intervista-la-juventus-e-forte-ma-il-milan-cresce","status":"publish","type":"post","link":"https:\/\/www.europesays.com\/it\/665925\/","title":{"rendered":"Ardon Jashari, intervista: &#8220;La Juventus \u00e8 forte ma il Milan cresce&#8221;"},"content":{"rendered":"<p>                                Lo svizzero parla della gara di domani: &#8220;Troppo presto  per parlare di scudetto. Spero di avere maggiore continuit\u00e0&#8221;<\/p>\n<p>                    5 settembre &#8211; 07:31  &#8211; MILANELLO&amp;NBSP;<\/p>\n<p class=\"paragraph\" spellcheck=\"true\">Rispetta la <a href=\"https:\/\/www.gazzetta.it\/Calcio\/Serie-A\/Juventus\/04-09-2026\/juve-woltemade-e-kolo-possono-giocare-insieme-il-piano-di-spalletti.shtml?intcmp=hyperlink-articolo-gazit\" title=\"Due attaccanti, ma nessun centravanti: il progetto di Spalletti per far convivere Woltemade e Kolo\" target=\"_blank\" rel=\"nofollow noopener\">Juventus<\/a> e stima Spalletti, ma Ardon Jashari adesso pensa soprattutto al Milan e alla trasformazione a livello di gioco che Amorim sta portando avanti. Il nuovo calcio introdotto dal  portoghese gli piace. Questo per\u00f2 non basta per fargli pronunciare la parola scudetto: lo svizzero va avanti con i piedi di piombo, a riflettori spenti, e ai tifosi ha fatto una sola promessa, quella che dopo una stagione complicata (la scorsa), vedranno la miglior versione&#8230; di Jashari.\u00a0<\/p>\n<p class=\"paragraph\" spellcheck=\"true\"><b>Ardon, il Milan \u00e8 pronto per il primo big match?\u00a0<\/b><\/p>\n<p class=\"paragraph\" spellcheck=\"true\">\u201cS\u00ec, penso che abbiamo iniziato bene la stagione, con due vittorie importanti. Andare a Torino per una grande partita con sei punti in classifica, \u00e8 meglio che dopo aver pareggiato le prime due partite\u201d.\u00a0<\/p>\n<p class=\"paragraph\" spellcheck=\"true\"><b>Cosa pensa della Juventus?\u00a0<\/b><\/p>\n<p class=\"paragraph\" spellcheck=\"true\">\u201cHa  una squadra forte e anche un grande allenatore, con un\u2019idea chiara di calcio. Noi per\u00f2 dobbiamo concentrarci solo  sul nostro nuovo stile di gioco che dobbiamo migliorare. Perch\u00e9 la stagione \u00e8 lunga e, come ho detto, dobbiamo crescere, prepararci bene per ogni incontro\u201d.\u00a0<\/p>\n<p class=\"paragraph\" spellcheck=\"true\"><b>Come sta procedendo il processo di assimilazione del calcio di Amorim da parte della squadra. A che punto siete?\u00a0<\/b><\/p>\n<p class=\"paragraph\" spellcheck=\"true\">\u201cPrima di tutto per noi \u00e8 molto importante credere fermamente in questo modo di giocare e continuare a migliorare ogni allenamento. Se lo faremo diventeremo una squadra forte e difficile da battere. Naturalmente gli avversari ci studieranno, ma noi dobbiamo andare avanti per la nostra strada sapendo che ogni gara \u00e8 diversa dall\u2019altra. In Italia non ci sono match facili: l\u2019ho capito appena sono arrivato nel vostro campionato\u201d.\u00a0<\/p>\n<p class=\"paragraph\" spellcheck=\"true\"><b>Ritiene che il calcio di Amorim sia adatto alle caratteristiche del Milan attuale?\u00a0<\/b><\/p>\n<p class=\"paragraph\" spellcheck=\"true\">\u201cCerto. Siamo in un grande club e i giocatori  sono tutti forti. Non importa se a volte commettiamo un errore, ma qui sappiamo  cosa dobbiamo fare. Se giochiamo sempre da squadra, con il pallone e senza, la   direzione \u00e8 giusta. Bisogna essere  aggressivi in pressione anche a costo di  concedere qualche  spazio in pi\u00f9. Lo ripeto, gli errori dei singoli  capitano, ma con attenzione e organizzazione se ne possono  evitare molti o si pu\u00f2 rimediare\u201d.\u00a0<\/p>\n<p class=\"text\">Noi dobbiamo concentrarci su noi stessi e sul nostro nuovo stile di gioco che dobbiamo migliorare. Perch\u00e9 la stagione \u00e8 lunga<\/p>\n<p class=\"paragraph\" spellcheck=\"true\"><b>A lei piace questo modo di giocare?\u00a0<\/b><\/p>\n<p class=\"paragraph\" spellcheck=\"true\">\u201cCerto. Quando lo assimileremo, ogni giocatore far\u00e0 dei progressi e  non sar\u00e0 facile batterci\u201d.\u00a0<\/p>\n<p class=\"paragraph\" spellcheck=\"true\"><b>All\u2019inizio del mercato si era parlato di un interesse della Juventus nei suoi confronti. \u00c8 stato vicino a un trasferimento in bianconero oppure ha sempre voluto rimanere al Milan?\u00a0<\/b><\/p>\n<p class=\"paragraph\" spellcheck=\"true\">\u201cNel calcio, in tutte le  finestre di mercato, l\u2019agente di ogni calciatore controlla le varie opportunit\u00e0 che ci sono. Quando sono andato al Mondiale mi sono concentrato solo sulla nazionale e, dopo che Amorim \u00e8 stato nominato allenatore, ha scritto a tutti e io ci ho parlato. Da quel momento in poi  \u00e8 stato chiaro che sarei rimasto e il mio unico obiettivo \u00e8 diventato   mostrare con la maglia del Milan la miglior versione di me. Ecco perch\u00e9 non ho mai avuto dubbi n\u00e9 ho mai pensato di lasciare questo club per la Juventus o per un\u2019altra formazione\u201d.\u00a0<\/p>\n<p class=\"paragraph\" spellcheck=\"true\"><b>A differenza che al Bruges, al Milan non ha una maglia da titolare \u201cgarantita\u201d. \u00c8 un problema?\u00a0<\/b><\/p>\n<p class=\"paragraph\" spellcheck=\"true\">\u201cOgni calciatore vuole giocare e nessuno accetta di stare in panchina a guardare gli altri. Per mostrare il 100% di me, per\u00f2, \u00e8 impossibile disputare una partita e poi stare fuori le cinque-sei successive. Nessuno pu\u00f2 pensare di essere sempre titolare, ma c\u2019\u00e8 bisogno di avere  un ritmo per poter mostrare il proprio  livello. Io voglio giocare il pi\u00f9 possibile per aiutare la squadra,  conquistare la fiducia dell\u2019allenatore e dei compagni e mostrare il meglio di me stesso\u201d.\u00a0<\/p>\n<p class=\"paragraph\" spellcheck=\"true\"><b>Partecipare all\u2019Europa League significa avere pi\u00f9 incontri a disposizione per tutti.\u00a0<\/b><\/p>\n<p class=\"paragraph\" spellcheck=\"true\">\u201cAbbiamo tante partite e qualche volta, anche per ragioni tattiche, ci saranno dei cambiamenti. Avrei preferito se ci fossimo qualificati per la Champions, ma ora daremo tutto per fare pi\u00f9 strada possibile in Europa League\u201d.\u00a0<\/p>\n<p class=\"paragraph\" spellcheck=\"true\"><b>La Champions la giocherete nel 2027-28?\u00a0<\/b><\/p>\n<p class=\"paragraph\" spellcheck=\"true\">\u201cLa cosa pi\u00f9 importante \u00e8 vincere pi\u00f9 match possibili, senza parlare di conquistare lo scudetto, alzare l\u2019Europa League o qualificarci per la Champions. Pi\u00f9 vinci e pi\u00f9 hai la possibilit\u00e0 di vincere un titolo. Spero che questo in futuro diventi il nostro obiettivo, ma ora bisogna pensare solo a lavorare\u201d.\u00a0<\/p>\n<p class=\"paragraph\" spellcheck=\"true\"><b>Cosa ha imparato da Modric?\u00a0<\/b><\/p>\n<p class=\"paragraph\" spellcheck=\"true\">\u201cLui \u00e8  un ex  Pallone d\u2019oro e quando lo hai accanto, capisci il perch\u00e9. Spero di poter giocare il pi\u00f9 possibile insieme a Luka. Ti fa capire come gestire alcune situazioni e  rimane calmo\u201d.\u00a0<\/p>\n<p class=\"text\">Modric ha vinto il pallone d&#8217;oro e quando ci giochi accanto capisci perch\u00e9<\/p>\n<p class=\"paragraph\" spellcheck=\"true\"><b>Chi l\u2019ha impressionata di pi\u00f9 dei nuovi?\u00a0<\/b><\/p>\n<p class=\"paragraph\" spellcheck=\"true\">\u201cSono bravissimi ragazzi e questo \u00e8 importante perch\u00e9 un gruppo  composto da personalit\u00e0 positive \u00e8 fondamentale. Hanno tutti  grandi qualit\u00e0, altrimenti non sarebbero al Milan. Ramos ha esperienza e ha vinto diversi titoli, quindi sappiamo  cosa pu\u00f2 darci. Io per\u00f2 preferisco parlare pi\u00f9 della squadra\u201d.\u00a0<\/p>\n<p class=\"paragraph\" spellcheck=\"true\"><b>Ramos ha gi\u00e0 pagato la cena per il suo primo gol?\u00a0<\/b><\/p>\n<p class=\"paragraph\" spellcheck=\"true\">\u201cNon ancora, per\u00f2 \u00e8 passato nel tunnel degli schiaffi in  allenamento e abbiamo potuto colpirlo tutti (ride, ndr). Cos\u00ec abbiamo festeggiato la sua rete\u201d.\u00a0<\/p>\n<p class=\"paragraph\" spellcheck=\"true\"><b>Quanto \u00e8 cambiato il gruppo con la partenza di Leao e degli altri \u201cesuberi\u201d?\u00a0<\/b><\/p>\n<p class=\"paragraph\" spellcheck=\"true\">\u201cI ragazzi che sono andati via ci mancano tutti perch\u00e9 con loro avevamo un rapporto forte. Anche con quelli che sono arrivati per\u00f2 avremo la possibilit\u00e0 di conoscerci, di trascorrere del tempo insieme. Il gruppo rester\u00e0 sano e unito\u201d.\u00a0<\/p>\n<p class=\"paragraph\" spellcheck=\"true\"><b>Lo scorso anno contro le medio-piccole avete buttato via molti punti, mentre ora siete partiti con due successi. Cosa \u00e8 cambiato?\u00a0<\/b><\/p>\n<p class=\"paragraph\" spellcheck=\"true\">\u201cIl campionato passato abbiamo fatto meglio contro le grandi, quando la concentrazione era per forza al top. Abbiamo imparato dalle tante occasioni sprecate che l\u2019energia e la determinazione in campo devono sempre essere le stesse. Ora \u00e8 troppo presto per dire che abbiamo risolto il problema: abbiamo disputato solo due incontri, ma il fatto che ci sia un tecnico nuovo e un altro modo di giocare mi fa essere fiducioso. Bisogna continuare su questa strada\u201d.\u00a0<\/p>\n<p class=\"paragraph\" spellcheck=\"true\"><b>C\u2019\u00e8 una squadra o un giocatore che l\u2019ha impressionata particolarmente in questo inizio di stagione?\u00a0<\/b><\/p>\n<p class=\"paragraph\" spellcheck=\"true\">\u201cMalen ha segnato molto e la Roma, ha vinto due volte per 4-0 giocando un calcio dominante\u201d.\u00a0<\/p>\n<p class=\"paragraph\" spellcheck=\"true\"><b>Ha dato un\u2019occhiata alle avversarie  in Europa?\u00a0<\/b><\/p>\n<p class=\"paragraph\" spellcheck=\"true\">\u201cNon molto perch\u00e9 penso a un incontro alla volta, ma mi far\u00e0 piacere  sfidare il Sunderland dove c\u2019\u00e8 il Xhaka,  il nostro capitano della nazionale, e Talbi, mio compagno al Bruges\u201d.\u00a0<\/p>\n<p class=\"paragraph\" spellcheck=\"true\"><b>Chi \u00e8 secondo lei il miglior centrocampista al mondo in questo momento?\u00a0<\/b><\/p>\n<p class=\"paragraph\" spellcheck=\"true\">\u201cDifficile perch\u00e9 ce ne sono stati tantissimi forti. Ho detto due o tre volte che guardavo molto Pirlo, ma anche  Iniesta, Zidane e  Pogba, quando  \u00e8 stato la prima volta alla Juventus, davano spettacolo\u201d.\u00a0<\/p>\n<p class=\"paragraph\" spellcheck=\"true\"><b>Chiudiamo con un messaggio per i tifosi del Milan. Quest\u2019anno vedranno  Jashari al 100%?\u00a0<\/b><\/p>\n<p><a class=\"is-partner-link\" href=\"https:\/\/ad.doubleclick.net\/ddm\/trackclk\/N1792338.340088CAIRORCSMEDIAS.P.\/B28038690.452531709;dc_trk_aid=646241311;dc_trk_cid=173665161;dc_lat=;dc_rdid=;tag_for_child_directed_treatment=;tfua=;gdpr=%24%7BGDPR%7D;gdpr_consent=%24%7BGDPR_CONSENT_755%7D;ltd=;dc_tdv=1\" rel=\"nofollow noopener\" target=\"_blank\">Guarda tutte le partite di Serie A Enilive in esclusiva nei locali Sky! Trova il locale pi\u00f9 vicino a te.<\/a><\/p>\n<p class=\"paragraph\" spellcheck=\"true\">\u201cLo vedranno, \u00e8 una promessa\u201d.<\/p>\n<p class=\"is-copyright\">\u00a9 RIPRODUZIONE RISERVATA<\/p>\n","protected":false},"excerpt":{"rendered":"Lo svizzero parla della gara di domani: &#8220;Troppo presto per parlare di scudetto. Spero di avere maggiore continuit\u00e0&#8221;&hellip;\n","protected":false},"author":3,"featured_media":665926,"comment_status":"","ping_status":"","sticky":false,"template":"","format":"standard","meta":{"footnotes":"","_share_on_mastodon":"0"},"categories":[176],"tags":[1548,1960,2537,50020,32,9604,3439,590,2281,721,366858,2295,1856,8230,1969,554,26860,1365,6927,2149,3085,39015,3440,435,629,1889,366859,564,2024,1251,4877,48,80921,7809,399,1302,1537,90,89,601,558,1980,6110,2219,1894,1412,2197,357033,6114,553,5904,37853,809,1955,5775,66,1290,4283,489,8176,5385,4966,4565,24823,6072,3462,245,244,1857,577,3726,239271],"class_list":["post-665925","post","type-post","status-publish","format-standard","has-post-thumbnail","category-sport","tag-allenamento","tag-allenatore","tag-altra","tag-amorim","tag-andare","tag-ardon","tag-bisogna","tag-bruges","tag-calciatore","tag-calcio","tag-calcio-amorim","tag-cambiato","tag-campionato","tag-capitano","tag-champions","tag-club","tag-conquistare","tag-continuare","tag-difficile","tag-dobbiamo","tag-europa","tag-europa-league","tag-forte","tag-forti","tag-gara","tag-giocare","tag-giocare-possibile","tag-giocatore","tag-gioco","tag-grandi","tag-imparato","tag-importante","tag-impressionata","tag-incontri","tag-incontro","tag-inizio","tag-it","tag-italia","tag-italy","tag-jashari","tag-juventus","tag-league","tag-livello","tag-maglia","tag-match","tag-mercato","tag-miglior","tag-miglior-versione","tag-migliorare","tag-milan","tag-modric","tag-mostrare","tag-obiettivo","tag-pallone","tag-parlare","tag-parlato","tag-partita","tag-partite","tag-passato","tag-pensa","tag-pensare","tag-penso","tag-possibile","tag-ramos","tag-scudetto","tag-spero","tag-sport","tag-sports","tag-squadra","tag-stagione","tag-strada","tag-vedranno"],"share_on_mastodon":{"url":"","error":"Validation failed: Text character limit of 500 exceeded"},"_links":{"self":[{"href":"https:\/\/www.europesays.com\/it\/wp-json\/wp\/v2\/posts\/665925","targetHints":{"allow":["GET"]}}],"collection":[{"href":"https:\/\/www.europesays.com\/it\/wp-json\/wp\/v2\/posts"}],"about":[{"href":"https:\/\/www.europesays.com\/it\/wp-json\/wp\/v2\/types\/post"}],"author":[{"embeddable":true,"href":"https:\/\/www.europesays.com\/it\/wp-json\/wp\/v2\/users\/3"}],"replies":[{"embeddable":true,"href":"https:\/\/www.europesays.com\/it\/wp-json\/wp\/v2\/comments?post=665925"}],"version-history":[{"count":0,"href":"https:\/\/www.europesays.com\/it\/wp-json\/wp\/v2\/posts\/665925\/revisions"}],"wp:featuredmedia":[{"embeddable":true,"href":"https:\/\/www.europesays.com\/it\/wp-json\/wp\/v2\/media\/665926"}],"wp:attachment":[{"href":"https:\/\/www.europesays.com\/it\/wp-json\/wp\/v2\/media?parent=665925"}],"wp:term":[{"taxonomy":"category","embeddable":true,"href":"https:\/\/www.europesays.com\/it\/wp-json\/wp\/v2\/categories?post=665925"},{"taxonomy":"post_tag","embeddable":true,"href":"https:\/\/www.europesays.com\/it\/wp-json\/wp\/v2\/tags?post=665925"}],"curies":[{"name":"wp","href":"https:\/\/api.w.org\/{rel}","templated":true}]}}