{"id":665938,"date":"2026-09-05T06:54:12","date_gmt":"2026-09-05T06:54:12","guid":{"rendered":"https:\/\/www.europesays.com\/it\/665938\/"},"modified":"2026-09-05T06:54:12","modified_gmt":"2026-09-05T06:54:12","slug":"femminicidio-di-lorena-isceri-lultimo-sms-di-federico-vella-alla-madre-della-ragazza-tua-figlia-e-morta-nellauto-fascette-e-forbici-tutto-premeditato","status":"publish","type":"post","link":"https:\/\/www.europesays.com\/it\/665938\/","title":{"rendered":"Femminicidio di Lorena Isceri, l&#8217;ultimo sms di Federico Vella alla madre della ragazza: \u00abTua figlia \u00e8 morta\u00bb. Nell&#8217;auto fascette e forbici: \u00abTutto premeditato\u00bb"},"content":{"rendered":"<p>    di<br \/>\n    Simone Innocenti<\/p>\n<p class=\"summary-art is-line-h-12\">Nell&#8217;auto di Federico Vella, l&#8217;uomo che ha ucciso Lorena Isceri gettandola da un cavalcavia sulla A1, sono stati trovati un sacchetto di fascette, forbici e un lenzuolo. I messaggi di lui anche a sua madre, che ha subito chiamato le forze dell&#8217;ordine per denunciarlo: \u00abMi ha detto che ha ucciso la sua ex\u00bb<\/p>\n<p class=\"chapter-paragraph\">Nella sua auto, quella che ha lasciato parcheggiata di fronte alla casa della sua ex, nel quartiere fiorentino di Rifredi, <b>la squadra mobile ha trovato un sacchetto di fascette monouso, forbici e un lungo lenzuolo<\/b>. Poi, per\u00f2, <a href=\"https:\/\/corrierefiorentino.corriere.it\/notizie\/cronaca\/26_settembre_04\/femminicidio-firenze-lorena-isceri-cd78474b-9bd1-4248-a4f2-831a4f60exlk.shtml\" rel=\"nofollow noopener\" target=\"_blank\">Federico Vella<\/a>, il 36enne fiorentino che gioved\u00ec  ha ucciso la ex compagna, la 45enne Lorena Isceri, gettandola da un viadotto dell\u2019A1, nel tratto che ricade nel Comune di Barberino di Mugello (Firenze), prima di lanciarsi a sua volta nel vuoto, ha cambiato idea.<\/p>\n<p class=\"chapter-paragraph\">La squadra mobile diretta da Domenico Balsamo e coordinata dal pm Andrea Natali sospetta questo: appena la ragazza, tornata dal lavoro, ha varcato il cancello, Federico ha messo lo scotch sulla fotocellula. E q<b>uando il Suv della donna \u00e8 entrato nel garage, lui si \u00e8 nascosto dentro, poi l\u2019ha presa a botte, l\u2019ha immobilizzata \u2014 dal davanti \u2014 con delle fascette a mani e piedi. <\/b>Poi l\u2019ha chiusa nel bagagliaio del Suv.\u00a0    &#13;<br \/>\n&#13;<br \/>\n&#13;<br \/>\n&#13;<br \/>\n&#13;<br \/>\n&#13;<br \/>\n&#13;<br \/>\n&#13;<br \/>\n&#13;<br \/>\n&#13;<br \/>\n&#13;<br \/>\n&#13;<br \/>\n&#13;<br \/>\n&#13;<br \/>\n&#13;<br \/>\n&#13;<br \/>\n&#13;<br \/>\n&#13;<br \/>\n&#13;<br \/>\n&#13;<br \/>\n&#13;<br \/>\n&#13;<br \/>\n&#13;<br \/>\n&#13;<br \/>\n&#13;<br \/>\n&#13;<br \/>\n&#13;<br \/>\n&#13;<br \/>\n&#13;<br \/>\n&#13;<br \/>\n&#13;<br \/>\n&#13;<br \/>\n&#13;<br \/>\n&#13;<br \/>\n&#13;<br \/>\n&#13;<br \/>\n&#13;<br \/>\n&#13;<br \/>\n&#13;<br \/>\n&#13;<br \/>\n&#13;<br \/>\n&#13;<br \/>\n&#13;<br \/>\n&#13;<br \/>\n&#13;<br \/>\n&#13;<br \/>\n&#13;<br \/>\n&#13;<br \/>\n&#13;<br \/>\n&#13;<br \/>\n&#13;<br \/>\n&#13;<br \/>\n&#13;\n<\/p>\n<p class=\"chapter-paragraph\"><b>Ma Lorena \u00e8 riuscita a trovare il cellulare di servizio che aveva nella sacca riposta proprio nel bagagliaio.<\/b>\u00a0Ha mandato un file audio a un amico, che ha dato l\u2019allarme. E poi ha chiamato il 112: erano le 14.10 di gioved\u00ec scorso. Con la centrale operativa della Questura \u00e8 rimasta in linea 20 minuti: \u00abMi ha rapito, mi vuole uccidere\u00bb. La linea \u00e8 caduta ma i poliziotti sono riusciti a localizzare il cellulare a Calenzano.<\/p>\n<p class=\"chapter-paragraph\">\u00c8 stato un automobilista che passava dal viadotto  di Barberino a vedere il giovane e a indirizzare la polizia stradale. Tutte le pattuglie sono arrivate nel posto. Un agente ha registrato le trattative per far desistere il giovane: un video, che dura 40 minuti, documenta quanto accaduto. Suicidio compreso.<br \/><b>In quei 40 minuti Vella ha mandato un messaggio alla madre di Lorena: alle 15.10 le ha scritto: \u00abLorena \u00e8 morta\u00bb.<\/b> Poi, Federico ha chiamato sua madre: che cosa si siano detti non si sa, ma lei ha chiamato il 112 e ha denunciato il figlio. <b>\u00abMi ha chiamato mio figlio e mi ha detto che ha ucciso la sua ex fidanzata\u00bb, ha detto la donna.<\/b><\/p>\n<p class=\"chapter-paragraph\">Nel frattempo l\u2019autostrada \u00e8 stata chiusa perch\u00e9 <a href=\"https:\/\/corrierefiorentino.corriere.it\/notizie\/cronaca\/26_settembre_05\/poliziotta-federico-vella-fafd50df-4426-4068-9ecb-9943b42c2xlk.shtml\" title=\"La poliziotta che ha tentato di fermare Federico Vella: \u00abIn ginocchio per 40 minuti l\u2019ho supplicato di non lanciarsi\u00bb\" rel=\"nofollow noopener\" target=\"_blank\">i poliziotti della Stradale hanno provato a convincere Vella a non lanciarsi nel vuoto<\/a>, ma non ci sono riusciti.<\/p>\n<p class=\"chapter-paragraph\">Quando tutto \u00e8 finito, la polizia non ha potuto far altro che cercare di capire cosa fosse successo prima di quell\u2019ora e mezzo. <b>\u00c8 emerso che a met\u00e0 agosto Lorena aveva lasciato Federico perch\u00e9 aveva scoperto un probabile tradimento.<\/b> Lui aveva provato di tutto per tornare assieme, arrivando addirittura a chiamare la madre di lei per chiederle che intercedesse. <b>Federico le aveva mandato diversi messaggi e l\u2019aveva chiamata pi\u00f9 volte, ma nulla \u2014 allora \u2014 sembrava presagire tutto questo. <\/b>Nonostante alle amiche e ai parenti \u2014 sentiti in queste ore dalla squadra mobile \u2014 Lorena avesse raccontato di un atteggiamento anomalo di Federico. Un atteggiamento che aveva impensierito i familiari: Lorena \u2014 risulta agli atti \u2014 non ha mai denunciato il suo ex.<\/p>\n<p class=\"chapter-paragraph\">Ora la squadra mobile lavorer\u00e0 sui cellulari sequestrati all\u2019assassino e alla vittima per raccogliere  tutte le informazioni relative a quella che sembra essere una tragedia annunciata. <b>Non a caso la Procura di Firenze, che ha disposto l\u2019esame autoptico per luned\u00ec, ha ipotizzato la premeditazione dell\u2019omicidio.\u00a0<\/b><\/p>\n<p class=\"chapter-paragraph\">Il giovane sarebbe stato in cura da uno psichiatra. Durante le perquisizioni, la squadra mobile ha <b>trovato e sequestrato una specie di corrispondenza tra Lorena e Federico<\/b>: lettere e biglietti sono finiti  sotto sequestro. Nelle prossime ore tutto quel materiale sar\u00e0 passato al setaccio degli inquirenti.<\/p>\n<p class=\"is-mr-t-20 is-mr-b-20\"><b><br \/>\n                    <a href=\"https:\/\/corrierefiorentino.corriere.it\/?intcmp=Notizielocali_nd_010623_corriere_ss_fior\" target=\"_blank\" rel=\"nofollow noopener\">Vai a tutte le notizie di Firenze<\/a><br \/>\n            <\/b><\/p>\n<p class=\"is-last-update\" datetime=\"2026-09-05T07:59:36+02:00\">5 settembre 2026 ( modifica il 5 settembre 2026 | 07:59)<\/p>\n<p class=\"is-copyright\">\n            \u00a9 RIPRODUZIONE RISERVATA\n        <\/p>\n","protected":false},"excerpt":{"rendered":"di Simone Innocenti Nell&#8217;auto di Federico Vella, l&#8217;uomo che ha ucciso Lorena Isceri gettandola da un cavalcavia sulla&hellip;\n","protected":false},"author":3,"featured_media":665939,"comment_status":"","ping_status":"","sticky":false,"template":"","format":"standard","meta":{"footnotes":"","_share_on_mastodon":"0"},"categories":[6],"tags":[12899,2765,89518,12517,12206,714,445,14,20301,1731,2097,34405,366866,7217,366863,2716,8154,2266,212247,366867,366868,229,5302,8,366864,366869,1537,90,89,29450,366870,29275,4781,23923,366871,366865,4045,328,3479,4344,7,15,82,9,83,10,1857,11213,13,4584,11,80,84,12,81,85,366862],"class_list":["post-665938","post","type-post","status-publish","format-standard","has-post-thumbnail","category-ultime-notizie","tag-atteggiamento","tag-auto","tag-bagagliaio","tag-barberino","tag-cellulare","tag-chiamato","tag-chiusa","tag-cronaca","tag-denunciato","tag-donna","tag-far","tag-fascette","tag-fascette-forbici","tag-federico","tag-federico-vella","tag-figlio","tag-fiorentino","tag-firenze","tag-forbici","tag-forbici-lenzuolo","tag-gettandola","tag-giovane","tag-giovedi","tag-headlines","tag-isceri","tag-isceri-gettandola","tag-it","tag-italia","tag-italy","tag-lanciarsi","tag-lanciarsi-vuoto","tag-lenzuolo","tag-linea","tag-lorena","tag-lorena-federico","tag-lorena-isceri","tag-madre","tag-mandato","tag-minuti","tag-mobile","tag-news","tag-notizie","tag-notizie-di-cronaca","tag-notizie-principali","tag-notiziedicronaca","tag-notizieprincipali","tag-squadra","tag-squadra-mobile","tag-titoli","tag-ucciso","tag-ultime-notizie","tag-ultime-notizie-di-cronaca","tag-ultime-notizie-e-news-di-oggi","tag-ultimenotizie","tag-ultimenotiziedicronaca","tag-ultimenotizieenewsdioggi","tag-vella"],"share_on_mastodon":{"url":"","error":"Validation failed: Text character limit of 500 exceeded"},"_links":{"self":[{"href":"https:\/\/www.europesays.com\/it\/wp-json\/wp\/v2\/posts\/665938","targetHints":{"allow":["GET"]}}],"collection":[{"href":"https:\/\/www.europesays.com\/it\/wp-json\/wp\/v2\/posts"}],"about":[{"href":"https:\/\/www.europesays.com\/it\/wp-json\/wp\/v2\/types\/post"}],"author":[{"embeddable":true,"href":"https:\/\/www.europesays.com\/it\/wp-json\/wp\/v2\/users\/3"}],"replies":[{"embeddable":true,"href":"https:\/\/www.europesays.com\/it\/wp-json\/wp\/v2\/comments?post=665938"}],"version-history":[{"count":0,"href":"https:\/\/www.europesays.com\/it\/wp-json\/wp\/v2\/posts\/665938\/revisions"}],"wp:featuredmedia":[{"embeddable":true,"href":"https:\/\/www.europesays.com\/it\/wp-json\/wp\/v2\/media\/665939"}],"wp:attachment":[{"href":"https:\/\/www.europesays.com\/it\/wp-json\/wp\/v2\/media?parent=665938"}],"wp:term":[{"taxonomy":"category","embeddable":true,"href":"https:\/\/www.europesays.com\/it\/wp-json\/wp\/v2\/categories?post=665938"},{"taxonomy":"post_tag","embeddable":true,"href":"https:\/\/www.europesays.com\/it\/wp-json\/wp\/v2\/tags?post=665938"}],"curies":[{"name":"wp","href":"https:\/\/api.w.org\/{rel}","templated":true}]}}