{"id":665948,"date":"2026-09-05T07:07:16","date_gmt":"2026-09-05T07:07:16","guid":{"rendered":"https:\/\/www.europesays.com\/it\/665948\/"},"modified":"2026-09-05T07:07:16","modified_gmt":"2026-09-05T07:07:16","slug":"lazio-diogo-leite-vicino-e-ce-lidea-brozovic","status":"publish","type":"post","link":"https:\/\/www.europesays.com\/it\/665948\/","title":{"rendered":"Lazio, Diogo Leite vicino. E c&#8217;\u00e8 l&#8217;idea Brozovic"},"content":{"rendered":"<p>                                Continua il mercato degli svincolati. I biancocelesti vicini all&#8217;accordo col portoghese: proposto un contratto quadriennale da 1,7 milioni di euro pi\u00f9 bonus. Dopo di lui potrebbe arrivare l\u2019ex interista a centrocampo<\/p>\n<p class=\"paragraph\" spellcheck=\"true\">Suggestioni? No, ipotesi concrete, in un caso addirittura a un passo dal realizzarsi. La Lazio si muove sul mercato degli svincolati. &#8220;Ne stiamo valutando alcuni&#8221;, ha rivelato gioved\u00ec a Formello il ds Angelo Fabiani. Affermazione dietro la quale c\u2019\u00e8 appunto il tentativo di arricchire ulteriormente una rosa che \u00e8 stata rinforzata da un mercato dal quale sono arrivati sette acquisti, ma che presenta ancora qualche lacuna. In particolare nel cuore del reparto arretrato, dove i centrali di ruolo sono soltanto tre (Doekhi, Provstgaard e Sutalo), dopo che Romagnoli \u00e8 stato ceduto all\u2019Al Sadd e che il lungodegente Patric \u00e8 stato escluso dalla lista. \u00c8 vero che c\u2019\u00e8 Marusic (peraltro fermo ai box) che pu\u00f2 essere adattato in quella posizione, ma \u00e8 chiaro che sarebbe meglio avere  un giocatore che abbia sempre giocato in quella posizione.\u00a0<\/p>\n<p>    Arriva Leite\u2014 \u00a0<\/p>\n<p class=\"paragraph is-inline\" spellcheck=\"true\">E la Lazio lo ha individuato nel 27enne portoghese Diogo Leite, rimasto senza contratto dopo aver chiuso lo scorso giugno la sua esperienza con l\u2019Union Berlino. I contatti con i suoi agenti si sono fatti sempre pi\u00f9 intensi nelle ultime ore, al punto che un\u2019intesa piena e definitiva sembra dietro l\u2019angolo. Tanto che la fumata bianca potrebbe arrivare gi\u00e0 oggi. A Leite \u00e8 stato proposto un contratto quadriennale da 1,7 milioni di euro pi\u00f9 bonus. Offerta ritenuta pi\u00f9 che accettabile da parte del suo entourage. Il suo nome era stato accostato alla Lazio gi\u00e0 lo scorso gennaio, quando erano iniziati i primi contatti con i suoi agenti, visto che il suo accordo con l\u2019Union Berlino era prossimo alla scadenza. La trattativa si \u00e8 successivamente raffreddata, ma ha ripreso consistenza all\u2019inizio dell\u2019estate. Salvo poi subire un nuovo rallentamento. Causato soprattutto dal parallelo tira e molla sul passaggio di Romagnoli all\u2019Al Sadd. Leite, che \u00e8 di piede mancino, arriva proprio per rimpiazzare l\u2019ex numero 13 biancoceleste. Il centrale di sinistra titolare dovrebbe restare Provstgaard, che rappresenta il futuro e che \u00e8 partito molto bene. Ma Leite sar\u00e0 molto pi\u00f9 di una semplice alternativa e soprattutto consentir\u00e0 a Gattuso di avere due centrali di destra (Sutalo e Doekhi) e due di sinistra (appunto Provstgaard e Leite) tutti di alto livello. Doekhi e Leite, tra l\u2019altro, sono stati la coppia di centrali titolare  nelle ultime stagioni all\u2019Union Berlino.\u00a0<\/p>\n<p><a class=\"is-partner-link\" href=\"https:\/\/fantacampionato.gazzetta.it\/?intcmp=FC2627_CTArticolo2627\" rel=\"nofollow noopener\" target=\"_blank\">Sfida l&#8217;Italia intera con Fantacampionato: la classifica generale parte alla sesta giornata, gioca ora!<\/a><\/p>\n<p>    Idea Brozovic\u2014 \u00a0<\/p>\n<p class=\"paragraph is-inline\" spellcheck=\"true\">Per rinforzare la difesa la Lazio aveva valutato anche la pista Alaba. Il 34enne austriaco, svincolatosi dal Real Madrid, chiedeva per\u00f2 un ingaggio eccessivo per il budget del club e c\u2019erano inoltre anche delle perplessit\u00e0 sulle sue condizioni, visto che nell\u2019ultima stagione \u00e8 stato quasi sempre fermo ai box. Resiste invece un\u2019altra suggestione, quella che porta all\u2019ex interista Marcelo Brozovic. Anche lui svincolato (ha giocato nelle ultime tre stagioni n Arabia con l\u2019Al-Nassr), rispetto ad Alaba sembra avere pretese pi\u00f9 ragionevoli sull\u2019ingaggio. Il suo arrivo darebbe  esperienza e una soluzione in pi\u00f9 al centrocampo. La Lazio ci sta pensando. Ma se ne parler\u00e0 eventualmente solo dopo che sar\u00e0  chiusa l\u2019operazione Leite.<\/p>\n<p class=\"is-copyright\">\u00a9 RIPRODUZIONE RISERVATA<\/p>\n","protected":false},"excerpt":{"rendered":"Continua il mercato degli svincolati. I biancocelesti vicini all&#8217;accordo col portoghese: proposto un contratto quadriennale da 1,7 milioni&hellip;\n","protected":false},"author":3,"featured_media":665949,"comment_status":"","ping_status":"","sticky":false,"template":"","format":"standard","meta":{"footnotes":"","_share_on_mastodon":"0"},"categories":[1452],"tags":[579,3534,266316,10948,2478,36,6475,587,12719,117616,721,4991,7204,4435,328270,6693,366883,366884,13205,55325,321633,4876,724,21110,541,258013,1740,2267,1537,90,89,5188,127031,1412,366882,1739,245,244,907,5190,322497],"class_list":["post-665948","post","type-post","status-publish","format-standard","has-post-thumbnail","category-calcio","tag-accordo","tag-agenti","tag-alaba","tag-appunto","tag-arriva","tag-arrivare","tag-berlino","tag-bonus","tag-box","tag-brozovic","tag-calcio","tag-centrali","tag-centrocampo","tag-contatti","tag-contatti-agenti","tag-contratto","tag-contratto-quadriennale","tag-contratto-quadriennale-euro","tag-diogo","tag-diogo-leite","tag-doekhi","tag-esperienza","tag-euro","tag-euro-bonus","tag-fermo","tag-fermo-box","tag-football","tag-giocato","tag-it","tag-italia","tag-italy","tag-lazio","tag-leite","tag-mercato","tag-provstgaard","tag-soccer","tag-sport","tag-sports","tag-ultime","tag-union","tag-union-berlino"],"share_on_mastodon":{"url":"https:\/\/pubeurope.com\/@it\/117217174802142427","error":""},"_links":{"self":[{"href":"https:\/\/www.europesays.com\/it\/wp-json\/wp\/v2\/posts\/665948","targetHints":{"allow":["GET"]}}],"collection":[{"href":"https:\/\/www.europesays.com\/it\/wp-json\/wp\/v2\/posts"}],"about":[{"href":"https:\/\/www.europesays.com\/it\/wp-json\/wp\/v2\/types\/post"}],"author":[{"embeddable":true,"href":"https:\/\/www.europesays.com\/it\/wp-json\/wp\/v2\/users\/3"}],"replies":[{"embeddable":true,"href":"https:\/\/www.europesays.com\/it\/wp-json\/wp\/v2\/comments?post=665948"}],"version-history":[{"count":0,"href":"https:\/\/www.europesays.com\/it\/wp-json\/wp\/v2\/posts\/665948\/revisions"}],"wp:featuredmedia":[{"embeddable":true,"href":"https:\/\/www.europesays.com\/it\/wp-json\/wp\/v2\/media\/665949"}],"wp:attachment":[{"href":"https:\/\/www.europesays.com\/it\/wp-json\/wp\/v2\/media?parent=665948"}],"wp:term":[{"taxonomy":"category","embeddable":true,"href":"https:\/\/www.europesays.com\/it\/wp-json\/wp\/v2\/categories?post=665948"},{"taxonomy":"post_tag","embeddable":true,"href":"https:\/\/www.europesays.com\/it\/wp-json\/wp\/v2\/tags?post=665948"}],"curies":[{"name":"wp","href":"https:\/\/api.w.org\/{rel}","templated":true}]}}