{"id":665983,"date":"2026-09-05T07:36:17","date_gmt":"2026-09-05T07:36:17","guid":{"rendered":"https:\/\/www.europesays.com\/it\/665983\/"},"modified":"2026-09-05T07:36:17","modified_gmt":"2026-09-05T07:36:17","slug":"clara-e-proprio-bella-tosta-questa-ragazza","status":"publish","type":"post","link":"https:\/\/www.europesays.com\/it\/665983\/","title":{"rendered":"Clara: \u00e8 proprio bella tosta questa ragazza"},"content":{"rendered":"<p><strong>\u00abThe baddest bitch ain\u2019t in Milano. Sono di un paesino di provincia con massimo 4000 abitanti\u00bb.<\/strong> Questa l\u2019autocertificazione di <strong>Clara<\/strong> su Instagram.<\/p>\n<p>Ma come \u00ab<strong>la ragazza della porta accanto<\/strong>\u00bb &#8211; se hai una fortuna sfacciata, s\u2019intende, roba che neppure il Gastone di Paperino &#8211; dice, si dice, le parolacce? La traduzione letterale non inganni. Le cose non stanno pi\u00f9 come nel <strong>1974<\/strong> quando <strong>Elton John<\/strong> cantava per la prima volta <strong>The bitch is back<\/strong>, che <strong>Bernie Taupin<\/strong> scrisse ispirandosi alla moglie da lui ritenuta rompiballe oltre il lecito.<\/p>\n<p>A dispetto delle apparenze, <strong>baddest bitch<\/strong>, nello slang di un certo mondo, non \u00e8 affatto offensivo. Lasciando perdere pericolosi rimandi al titolo di una pellicola di Nando Cicero, in italiano suona tipo <strong>ragazza pazzesca<\/strong>, intesa come <strong>tosta<\/strong>.<\/p>\n<p><strong>Quel filo che la lega ancora alle sue radici<\/strong><\/p>\n<p>Ci\u00f2 che per\u00f2 pi\u00f9 interessa \u00e8 che <strong>Clara<\/strong>, pur essendo milanese d\u2019adozione sin dai tempi in cui, sedicenne, debutt\u00f2 nella moda, non perda occasione per ricordare le radici. La lista \u00e8 lunga ma vale la pena segnalare alcuni episodi salienti. Alla sua prima conferenza stampa in assoluto, il <strong>29 gennaio 2024<\/strong>, al <strong>Cinemino di Milano<\/strong>, organizzata per <strong>Warner Music Italia<\/strong> da <strong>Giorgia Sbrissa<\/strong>, fresca della vittoria a <strong>Sanremo Giovani<\/strong> con <strong>Boulevard<\/strong> e prossima a gareggiare all\u2019Ariston con <strong>Diamanti grezzi<\/strong>, <strong>Clara<\/strong> non ci mise molto per parlare della natia <strong>Travedona Monate<\/strong> e del cinema del cuore, il <strong>Santamanzio<\/strong>. E ringraziare pubblicamente la maestra di canto di quando era adolescente, <strong>Beatrice Binda<\/strong>, di Induno, pi\u00f9 tardi da lei chiamata come vocal coach.<\/p>\n<p>Dieci giorni dopo il <strong>Festival<\/strong>, pubblic\u00f2 l\u2019album d\u2019esordio. Nelle note di copertina, scrisse, a mano: \u00abDedico <strong>Primo<\/strong> con amore alla mia preziosa famiglia, al cane <strong>Coco<\/strong>, alle esperienze vissute, al mio paese, <strong>Travedona Monate<\/strong>, e ai miei legami pi\u00f9 cari\u00bb.<\/p>\n<p>A <strong>Travedona<\/strong> tutte e tutti la definiscono \u00abuna bravissima ragazza\u00bb. Il gruppo di volontari che, con l\u2019aiuto di parrocchia e Comune, gestisce il <strong>Santamanzio<\/strong> non ha esitato a togliere dalla programmazione nel 2024 <strong>Povere creature<\/strong>, film Leone d\u2019Oro, e nel 2025 <strong>A complete unknown<\/strong>, biopic su Bob Dylan, per proiettare in diretta su grande schermo il <strong>Festival di Sanremo<\/strong>.<\/p>\n<p><strong>Dal Varesotto alla conquista del mondo musicale<\/strong><\/p>\n<p>Citt\u00e0 dei fiori in cui l\u2019ex Giulia\/Crazy J di <strong>Mare fuori<\/strong> \u00e8 tornata quest\u2019anno, a <strong>Ferragosto<\/strong>, per un concerto in <strong>piazzale Pian di Nave<\/strong> aperto da \u00abUn saluto a tutte le ragazze di provincia come me\u00bb. A inizio mese, <strong>Clara<\/strong> aveva partecipato alla <strong>Festa di Monate<\/strong>, alla <strong>Canottieri<\/strong>. Una ragazza l\u2019ha fermata per farle leggere la mail inviata da un docente del <strong>Manzoni di Varese<\/strong> in cui segnalava con orgoglio che Soccini aveva studiato l\u00ec, al linguistico. Sorpresa relativa per chi ricorda quanto di bello scrisse per <strong>La Prealpina<\/strong> <strong>Federica Franzetti<\/strong>, sua \u00abmaestra alla scuola dell\u2019infanzia Leva che Clara ha frequentato quando ancora c\u2019erano le suore\u00bb. Lettera aperta inviata sull\u2019onda delle emozioni suscitate dal concerto varesino \u2013 purtroppo finora unico \u2013 della cantante e autrice <strong>26enne<\/strong>. Serata, quella del <strong>20 luglio 2024<\/strong>, che vide i <strong>Giardini Estensi<\/strong> trasformati in colonia di <strong>Travedona Monate<\/strong>. Tante le bambine, alcune salutate nominalmente dal palco.<\/p>\n<p><strong>Clara<\/strong> piace anche a loro e non solo perch\u00e9 ha cantato la <strong>sigla delle Winx<\/strong>. Vero che a fare tendenza alla <strong>Warner<\/strong> \u00e8 <strong>Annalisa<\/strong> \u2013 altra che non riuscirebbe a risultare volgare neppure impegnandosi \u2013 ma <strong>Clara<\/strong>, pur se il fisico lo permette, non pu\u00f2 giocare unicamente a porsi come <strong>sexy<\/strong> o <strong>bad girl<\/strong>. Non \u00e8 &#8220;a fata!&#8221; solo per i romani.<\/p>\n","protected":false},"excerpt":{"rendered":"\u00abThe baddest bitch ain\u2019t in Milano. Sono di un paesino di provincia con massimo 4000 abitanti\u00bb. Questa l\u2019autocertificazione&hellip;\n","protected":false},"author":3,"featured_media":665984,"comment_status":"","ping_status":"","sticky":false,"template":"","format":"standard","meta":{"footnotes":"","_share_on_mastodon":"0"},"categories":[1451],"tags":[98229,1621,1620,465,203,366887,2618,204,1537,90,89,53866,28,9143,238884,366886,247905],"class_list":["post-665983","post","type-post","status-publish","format-standard","has-post-thumbnail","category-celebrita","tag-bob-dylan","tag-celebrita","tag-celebrities","tag-clara","tag-entertainment","tag-giorgia-sbrissa","tag-giulia","tag-intrattenimento","tag-it","tag-italia","tag-italy","tag-mare-fuori","tag-milano","tag-sanremo","tag-travedona-monate","tag-warner-music-italia","tag-winx"],"share_on_mastodon":{"url":"https:\/\/pubeurope.com\/@it\/117217288802856255","error":""},"_links":{"self":[{"href":"https:\/\/www.europesays.com\/it\/wp-json\/wp\/v2\/posts\/665983","targetHints":{"allow":["GET"]}}],"collection":[{"href":"https:\/\/www.europesays.com\/it\/wp-json\/wp\/v2\/posts"}],"about":[{"href":"https:\/\/www.europesays.com\/it\/wp-json\/wp\/v2\/types\/post"}],"author":[{"embeddable":true,"href":"https:\/\/www.europesays.com\/it\/wp-json\/wp\/v2\/users\/3"}],"replies":[{"embeddable":true,"href":"https:\/\/www.europesays.com\/it\/wp-json\/wp\/v2\/comments?post=665983"}],"version-history":[{"count":0,"href":"https:\/\/www.europesays.com\/it\/wp-json\/wp\/v2\/posts\/665983\/revisions"}],"wp:featuredmedia":[{"embeddable":true,"href":"https:\/\/www.europesays.com\/it\/wp-json\/wp\/v2\/media\/665984"}],"wp:attachment":[{"href":"https:\/\/www.europesays.com\/it\/wp-json\/wp\/v2\/media?parent=665983"}],"wp:term":[{"taxonomy":"category","embeddable":true,"href":"https:\/\/www.europesays.com\/it\/wp-json\/wp\/v2\/categories?post=665983"},{"taxonomy":"post_tag","embeddable":true,"href":"https:\/\/www.europesays.com\/it\/wp-json\/wp\/v2\/tags?post=665983"}],"curies":[{"name":"wp","href":"https:\/\/api.w.org\/{rel}","templated":true}]}}