{"id":665989,"date":"2026-09-05T07:40:13","date_gmt":"2026-09-05T07:40:13","guid":{"rendered":"https:\/\/www.europesays.com\/it\/665989\/"},"modified":"2026-09-05T07:40:13","modified_gmt":"2026-09-05T07:40:13","slug":"fabio-rovazzi-in-concerto-a-catania","status":"publish","type":"post","link":"https:\/\/www.europesays.com\/it\/665989\/","title":{"rendered":"Fabio Rovazzi in concerto a Catania"},"content":{"rendered":"<p>&#13;<br \/>\n      &#13;<br \/>\n&#13;<br \/>\n     &#13;<br \/>\n        &#13;<\/p>\n<p>Fabio Rovazzi torner\u00e0 in Sicilia venerd\u00ec 4 settembre 2026 con un live in piazza Palestro, a Catania, dentro il cartellone del Catania Summer Fest 2026. La novit\u00e0 riguarda l\u2019avvio della serata: prima del cantante milanese saliranno sul palco Renny Zapato e la Zapato Band, chiamati ad aprire l\u2019appuntamento nel cuore della citt\u00e0. Il nome di Rovazzi aggiunge al programma etneo una figura che negli ultimi anni ha attraversato con disinvoltura musica, web, televisione e cinema. A Catania porter\u00e0 il repertorio che lo ha reso uno dei volti pi\u00f9 riconoscibili del pop italiano contemporaneo, da \u201cAndiamo a comandare\u201d a \u201cTutto molto interessante\u201d, dentro una presenza scenica costruita tra tormentone, ironia e cultura social.<\/p>\n<p> &#13;<br \/>\n       &#13;<br \/>\n&#13;<br \/>\n&#13;<br \/>\n  &#13;<br \/>\n  &#13;<br \/>\n&#13;<br \/>\n&#13;<br \/>\n  &#13;<br \/>\n&#13;<br \/>\n        &#13;<br \/>\n        &#13;<br \/>\n               &#13;<br \/>\n      &#13;<br \/>\n      &#13;<br \/>\n      &#13;<br \/>\n&#13;<br \/>\n&#13;<br \/>\n            &#13;<br \/>\n   &#13;<br \/>\n&#13;<br \/>\n &#13;<br \/>\n      &#13;<br \/>\n&#13;<br \/>\n      &#13;<\/p>\n","protected":false},"excerpt":{"rendered":"&#13; &#13; &#13; &#13; &#13; Fabio Rovazzi torner\u00e0 in Sicilia venerd\u00ec 4 settembre 2026 con un live in&hellip;\n","protected":false},"author":3,"featured_media":665990,"comment_status":"","ping_status":"","sticky":false,"template":"","format":"standard","meta":{"footnotes":"","_share_on_mastodon":"0"},"categories":[1443],"tags":[203,626,204,1537,90,89,1538,1539],"class_list":["post-665989","post","type-post","status-publish","format-standard","has-post-thumbnail","category-musica","tag-entertainment","tag-eventi","tag-intrattenimento","tag-it","tag-italia","tag-italy","tag-music","tag-musica"],"share_on_mastodon":{"url":"https:\/\/pubeurope.com\/@it\/117217304798706926","error":""},"_links":{"self":[{"href":"https:\/\/www.europesays.com\/it\/wp-json\/wp\/v2\/posts\/665989","targetHints":{"allow":["GET"]}}],"collection":[{"href":"https:\/\/www.europesays.com\/it\/wp-json\/wp\/v2\/posts"}],"about":[{"href":"https:\/\/www.europesays.com\/it\/wp-json\/wp\/v2\/types\/post"}],"author":[{"embeddable":true,"href":"https:\/\/www.europesays.com\/it\/wp-json\/wp\/v2\/users\/3"}],"replies":[{"embeddable":true,"href":"https:\/\/www.europesays.com\/it\/wp-json\/wp\/v2\/comments?post=665989"}],"version-history":[{"count":0,"href":"https:\/\/www.europesays.com\/it\/wp-json\/wp\/v2\/posts\/665989\/revisions"}],"wp:featuredmedia":[{"embeddable":true,"href":"https:\/\/www.europesays.com\/it\/wp-json\/wp\/v2\/media\/665990"}],"wp:attachment":[{"href":"https:\/\/www.europesays.com\/it\/wp-json\/wp\/v2\/media?parent=665989"}],"wp:term":[{"taxonomy":"category","embeddable":true,"href":"https:\/\/www.europesays.com\/it\/wp-json\/wp\/v2\/categories?post=665989"},{"taxonomy":"post_tag","embeddable":true,"href":"https:\/\/www.europesays.com\/it\/wp-json\/wp\/v2\/tags?post=665989"}],"curies":[{"name":"wp","href":"https:\/\/api.w.org\/{rel}","templated":true}]}}