{"id":666011,"date":"2026-09-05T07:57:18","date_gmt":"2026-09-05T07:57:18","guid":{"rendered":"https:\/\/www.europesays.com\/it\/666011\/"},"modified":"2026-09-05T07:57:18","modified_gmt":"2026-09-05T07:57:18","slug":"laila-hasanovic-a-venezia-la-compagna-di-sinner-sul-red-carpet-sceglie-un-look-armani","status":"publish","type":"post","link":"https:\/\/www.europesays.com\/it\/666011\/","title":{"rendered":"Laila Hasanovic a Venezia: la compagna di Sinner sul red carpet sceglie un look Armani"},"content":{"rendered":"<p>    di<br \/>\n    Federica Bandirali<\/p>\n<p class=\"summary-art is-line-h-12\">La modella torna -un anno dopo la sua prima apparizione sempre al Lido- sul tappeto rosso. In seta nera, con una silhouette essenziale e un beauty look luminoso<\/p>\n<p class=\"chapter-paragraph\">A Venezia, dove il cinema incontra da sempre la moda, il red carpet continua a essere anche una questione di stile. Venerd\u00ec 4 settembre, in occasione della proiezione di &#8220;The Basics of Philosophy&#8221;, \u00e8 stata <b>Laila Hasanovic<\/b> -modella e compagna del campione italiano di tennis Jannik Sinner, a catturare l\u2019attenzione dei fotografi. <b>La modella danese,<\/b> testimonial di Armani Beauty, \u00e8 tornata al Lido con un\u2019immagine che racconta una precisa idea di eleganza, fatta di misura, proporzioni e dettagli capaci di resistere al tempo.\u00a0<\/p>\n<p class=\"chapter-paragraph\">Proprio alla Mostra del Cinema di Venezia del 2025 Hasanovic aveva fatto il suo debutto sul tappeto rosso con una creazione Armani.\u00a0 Dodici mesi dopo, il ritorno al Lido. Per la serata,<b> Hasanovic ha scelto un abito nero in seta, senza spalline e dalla lunghezza midi di Giorgio Armani.\u00a0<\/b>    &#13;<br \/>\n&#13;<br \/>\n&#13;<br \/>\n&#13;<br \/>\n&#13;<br \/>\n&#13;<br \/>\n&#13;<br \/>\n&#13;<br \/>\n&#13;<br \/>\n&#13;<br \/>\n&#13;<br \/>\n&#13;<br \/>\n&#13;<br \/>\n&#13;<br \/>\n&#13;<br \/>\n&#13;<br \/>\n&#13;<br \/>\n&#13;<br \/>\n&#13;<br \/>\n&#13;<br \/>\n&#13;<br \/>\n&#13;<br \/>\n&#13;<br \/>\n&#13;<br \/>\n&#13;<br \/>\n&#13;<br \/>\n&#13;<br \/>\n&#13;<br \/>\n&#13;<br \/>\n&#13;<br \/>\n&#13;<br \/>\n&#13;<br \/>\n&#13;<br \/>\n&#13;<br \/>\n&#13;<br \/>\n&#13;<br \/>\n&#13;<br \/>\n&#13;<br \/>\n&#13;<br \/>\n&#13;<br \/>\n&#13;<br \/>\n&#13;<br \/>\n&#13;<br \/>\n&#13;<br \/>\n&#13;<br \/>\n&#13;<br \/>\n&#13;<br \/>\n&#13;<br \/>\n&#13;<br \/>\n&#13;<br \/>\n&#13;<br \/>\n&#13;<br \/>\n&#13;\n<\/p>\n<p>        <img decoding=\"async\" class=\"is_full_image\" loading=\"lazy\" alt=\"Laila Hasanovic, la compagna di Sinner \u00e8 il nuovo volto dell\u2019eleganza sul red carpet di Venezia\" src=\"https:\/\/www.europesays.com\/it\/wp-content\/uploads\/2026\/09\/6a9badcc6e666.jpeg\" data-full-src=\"https:\/\/www.europesays.com\/it\/wp-content\/uploads\/2026\/09\/6a9badcc6e666.jpeg\"\/><\/p>\n<p>        <img decoding=\"async\" class=\"is_full_image\" loading=\"lazy\" alt=\"Laila Hasanovic, la compagna di Sinner \u00e8 il nuovo volto dell\u2019eleganza sul red carpet di Venezia\" src=\"https:\/\/www.europesays.com\/it\/wp-content\/uploads\/2026\/09\/6a9badd4bff5b.jpeg\" data-full-src=\"https:\/\/www.europesays.com\/it\/wp-content\/uploads\/2026\/09\/6a9badd4bff5b.jpeg\"\/><\/p>\n<p>        <img decoding=\"async\" class=\"is_full_image\" loading=\"lazy\" alt=\"Laila Hasanovic, la compagna di Sinner \u00e8 il nuovo volto dell\u2019eleganza sul red carpet di Venezia\" src=\"https:\/\/www.europesays.com\/it\/wp-content\/uploads\/2026\/09\/6a9baddf0e0d3.jpeg\" data-full-src=\"https:\/\/www.europesays.com\/it\/wp-content\/uploads\/2026\/09\/6a9baddf0e0d3.jpeg\"\/><\/p>\n<p class=\"chapter-paragraph\">Anche il beauty look ha seguito la stessa direzione. I capelli biondi, lasciati sciolti e mossi da onde morbide, <b>hanno accompagnato la schiena scoperta dalla scollatura<\/b>, mentre il trucco ha puntato su un incarnato luminoso, labbra nude e uno sguardo appena intensificato da tonalit\u00e0 calde.\u00a0<\/p>\n<p class=\"chapter-paragraph\">Un risultato naturale, ma tutt\u2019altro che casuale, in sintonia con l\u2019estetica di Armani Beauty. Pi\u00f9 che una semplice scelta di guardaroba, il ritorno di Laila Hasanovic a Venezia \u00e8 apparso cos\u00ec come<b> un omaggio a una visione precisa della moda<\/b>. Quella di Giorgio Armani, che continua a trovare nel cinema, nel red carpet e nelle donne che lo attraversano una delle sue espressioni pi\u00f9 riconoscibili.<\/p>\n<p class=\"is-last-update\" datetime=\"2026-09-05T08:17:29+02:00\">5 settembre 2026<\/p>\n<p class=\"is-copyright\">\n            \u00a9 RIPRODUZIONE RISERVATA\n        <\/p>\n","protected":false},"excerpt":{"rendered":"di Federica Bandirali La modella torna -un anno dopo la sua prima apparizione sempre al Lido- sul tappeto&hellip;\n","protected":false},"author":3,"featured_media":666012,"comment_status":"","ping_status":"","sticky":false,"template":"","format":"standard","meta":{"footnotes":"","_share_on_mastodon":"0"},"categories":[1457],"tags":[23422,366913,28205,217614,19248,640,6982,934,7824,23423,56329,1537,90,89,19231,25684,12857,467,10897,559,7391,245,244,1273,222],"class_list":["post-666011","post","type-post","status-publish","format-standard","has-post-thumbnail","category-tennis","tag-armani","tag-armani-beauty","tag-beauty","tag-beauty-look","tag-carpet","tag-cinema","tag-compagna","tag-continua","tag-giorgio","tag-giorgio-armani","tag-hasanovic","tag-it","tag-italia","tag-italy","tag-laila","tag-laila-hasanovic","tag-lido","tag-look","tag-modella","tag-red","tag-red-carpet","tag-sport","tag-sports","tag-tennis","tag-venezia"],"share_on_mastodon":{"url":"https:\/\/pubeurope.com\/@it\/117217372275305266","error":""},"_links":{"self":[{"href":"https:\/\/www.europesays.com\/it\/wp-json\/wp\/v2\/posts\/666011","targetHints":{"allow":["GET"]}}],"collection":[{"href":"https:\/\/www.europesays.com\/it\/wp-json\/wp\/v2\/posts"}],"about":[{"href":"https:\/\/www.europesays.com\/it\/wp-json\/wp\/v2\/types\/post"}],"author":[{"embeddable":true,"href":"https:\/\/www.europesays.com\/it\/wp-json\/wp\/v2\/users\/3"}],"replies":[{"embeddable":true,"href":"https:\/\/www.europesays.com\/it\/wp-json\/wp\/v2\/comments?post=666011"}],"version-history":[{"count":0,"href":"https:\/\/www.europesays.com\/it\/wp-json\/wp\/v2\/posts\/666011\/revisions"}],"wp:featuredmedia":[{"embeddable":true,"href":"https:\/\/www.europesays.com\/it\/wp-json\/wp\/v2\/media\/666012"}],"wp:attachment":[{"href":"https:\/\/www.europesays.com\/it\/wp-json\/wp\/v2\/media?parent=666011"}],"wp:term":[{"taxonomy":"category","embeddable":true,"href":"https:\/\/www.europesays.com\/it\/wp-json\/wp\/v2\/categories?post=666011"},{"taxonomy":"post_tag","embeddable":true,"href":"https:\/\/www.europesays.com\/it\/wp-json\/wp\/v2\/tags?post=666011"}],"curies":[{"name":"wp","href":"https:\/\/api.w.org\/{rel}","templated":true}]}}