{"id":666044,"date":"2026-09-05T08:29:11","date_gmt":"2026-09-05T08:29:11","guid":{"rendered":"https:\/\/www.europesays.com\/it\/666044\/"},"modified":"2026-09-05T08:29:11","modified_gmt":"2026-09-05T08:29:11","slug":"malesani-intervista-tedesco-decollera-sassuolo-mai-capito-chi-mi-caccio-via","status":"publish","type":"post","link":"https:\/\/www.europesays.com\/it\/666044\/","title":{"rendered":"Malesani intervista: &#8220;Tedesco decoller\u00e0. Sassuolo? Mai capito chi mi cacci\u00f2 via&#8221;"},"content":{"rendered":"<p>                                L\u2019ex tecnico termin\u00f2 la carriera in neroverde: &#8220;Avrei preferito chiudere con le panchine diversamente&#8221;. Sulla Serie A: &#8220;Attenti a quelle due: l&#8217;Inter \u00e8 una sicurezza, Gasp alla Roma sa volare&#8221;<\/p>\n<p class=\"paragraph\" spellcheck=\"true\">Oggi sono 4569 giorni che non allena pi\u00f9. Numeraccio. Ma anche scelte di vita. &#8220;E pensi che mi chiedo ancora chi mi cacci\u00f2 veramente da quel Sassuolo\u2026&#8221;. Alberto Malesani, per\u00f2, da allora non ha mai smesso di vedere calcio. Una dipendenza buona. &#8220;Non sono riuscito a risponderle prima al telefono perch\u00e9 ero a vedere un allenamento delle giovanili: chi parla tanto di giovanili dovrebbe andare a vedere come si allenano e parlare meno per sentito dire. Bisogna vedere e non supporre&#8230;&#8221;. Le giovanili in questione sono &#8220;del Montorio calcio, di un mio amico. Vado a vedere gli allenamenti anche delle prime squadre, in giro, non le partite; ma soprattutto le giovanili: mi piace restare a vedere metodologie, applicazioni di calcio, eventuali novit\u00e0. C\u2019\u00e8 sempre qualcosa di interessante in giro&#8221;. Il \u201cMale\u201d ha un dono, oltre a quello che aveva in panchina nell\u2019essere \u201cavanti\u201d (e lo dice sempre chi lo ha avuto da allenatore): dice quel che pensa. Mica poco.\u00a0<\/p>\n<p class=\"paragraph\" spellcheck=\"true\"><b>Eravamo nel marzo 2014: dopo averla ingaggiata a gennaio, il Sassuolo la esonera dopo 5 giornate. Da allora, niente pi\u00f9 panchine.\u00a0<\/b><\/p>\n<p class=\"paragraph\" spellcheck=\"true\">&#8220;Mi infastidirono due cose. La prima: avevo sette giocatori nuovi e mi diedero praticamente un mese di tempo o poco pi\u00f9. Impossibile trarre dividendi. La seconda: qualcuno, non faccio nomi, vociferava di un lavoro fatto non nella maniera giusta o non abbastanza, ho sentito anche voci strane ma mi fermo qui. In pi\u00f9, hanno dato giudizi molto severi nei miei confronti che onestamente non avrei meritato. Ma le dico: diversi collaboratori mi dissero che se avessimo insistito quella sarebbe stata la strada giusta per fare bene le cose; avevo ottimi rapporti, in squadra e nella Mapei, quindi non ho ancora capito chi volle il mio esonero dopo troppo poco tempo per poter dare un gioco e cambiare davvero le cose. Ma tant\u2019\u00e8: \u00e8 andata cos\u00ec e da allora non ho pi\u00f9 allenato&#8221;.\u00a0<\/p>\n<p class=\"paragraph\" spellcheck=\"true\"><b>Dodici anni in una parola?\u00a0<\/b><\/p>\n<p class=\"paragraph\" spellcheck=\"true\">&#8220;La chiusura di un\u2019esperienza molto importante della mia vita. Non l\u2019unica ma che ha preso tanto della mia esistenza e nella quale sono stato bene, mi sono anche divertito, passando momenti di ogni tipo. Insomma, avrei preferito chiudere con le panchine diversamente, certo&#8230;&#8221;.\u00a0<\/p>\n<p class=\"paragraph\" spellcheck=\"true\"><b>Parliamo del derby col Bologna di domani: ha visto sia l\u2019una che l\u2019altra squadra?\u00a0<\/b><\/p>\n<p class=\"paragraph\" spellcheck=\"true\">&#8220;Entrambe. In campionato e il Sassuolo anche in Coppa Italia: meritava di passare il Frosinone, sinceramente. Ha una linea definita e, si \u00e8 visto anche in campionato, una gamba che oggi il Sassuolo non ha&#8221;.\u00a0<\/p>\n<p class=\"paragraph\" spellcheck=\"true\"><b>Ma il Sassuolo ha comunque tanto di buono: bel mercato e in pi\u00f9 il mantenimento di Berardi e Laurient\u00e9.\u00a0<\/b><\/p>\n<p class=\"paragraph\" spellcheck=\"true\">&#8220;Vero, la qualit\u00e0 c\u2019\u00e8 senza dubbio ma secondo me Aquilani due cose le deve ancora sistemare, compreso il fatto che concede molto, ancora troppo. Sa chi mi piace dei neroverdi? Lipani. Si vede che ci sa fare e lo sa fare bene&#8221;.\u00a0<\/p>\n<p class=\"paragraph\" spellcheck=\"true\">&#8220;Mi ascolti bene: ho visto uno degli allenatori pi\u00f9 interessanti della Serie A, Tedesco. Non lo conosco ma lo sto apprezzando. Lo dico oggi che ha zero punti; e ha zero punti in classifica perch\u00e9 ha trovato due portieri (Mandas e Carnesecchi, ndr) in formato XL. Questo Bologna \u00e8 stato sfortunato: l\u2019ho visto bene, soprattutto a Bergamo, non meritava mai nella vita di perdere la gara&#8221;.\u00a0<\/p>\n<p class=\"paragraph\" spellcheck=\"true\"><b>Cos\u2019ha notato di \u201cilluminante\u201d in Domenico Tedesco?<\/b>\u00a0<\/p>\n<p class=\"paragraph\" spellcheck=\"true\">&#8220;Le tre fasi fatte benissimo: con palla, senza palla e in transizione. Poi gioca, ha i ritmi giusti e consoni al momento della partita. Sa che problema ha? Che la palla non va dentro, ed \u00e8 un bel problema. Ma tra le squadre che ho visto a posto \u00e8 quella che senz\u2019altro ha ottenuto di meno per ci\u00f2 che ha fatto. Tedesco \u00e8 una lieta sorpresa. Il mercato ha depauperato la squadra? A me pare una squadra sistemata, la qualit\u00e0 c\u2019\u00e8 e verr\u00e0 fuori. Chi mi sta stupendo? Bernardeschi: in grande forma e fa bene molte cose diverse&#8221;.\u00a0<\/p>\n<p class=\"paragraph\" spellcheck=\"true\"><b>Malesani, le va un \u201cvolo\u201d in chiave-scudetto?\u00a0<\/b><\/p>\n<p class=\"paragraph\" spellcheck=\"true\">&#8220;L\u2019Inter \u00e8 una sicurezza, un meccanismo collaudato: sono gli altri a doversi avvicinare, sinceramente. Il tutto nel segno della continuit\u00e0 che sta dimostrando negli ultimi anni, da quel che era Inzaghi a Chivu oggi. Ah, poi andiamoci piano con le critiche ad Allegri per il Napoli: \u00e8 Allegri. Il Como? Ha lo stesso allenatore e un concetto chiaro che sta portando avanti con risultati, mentre il Milan mi pare che stia trovando una sua identit\u00e0. Per\u00f2 ne aggiungo un\u2019altra&#8221;.\u00a0Pausa.\u00a0&#8220;Non so se potr\u00e0 vincere subito ma occhio alla Roma: Gasp al secondo anno sa anche volare, \u00e8 una squadra che ti fa drizzare le antenne&#8230;&#8221;.\u00a0<\/p>\n<p class=\"paragraph\" spellcheck=\"true\"><b>Prima ha ricordato che col Sassuolo avrebbe legittimamente  sognato una chiusura diversa col calcio. Una parola per la sua esperienza a  Bologna?\u00a0<\/b><\/p>\n<p><a class=\"is-partner-link\" href=\"https:\/\/ad.doubleclick.net\/ddm\/trackclk\/N1792338.340088CAIRORCSMEDIAS.P.\/B28038690.452531709;dc_trk_aid=646241311;dc_trk_cid=173665161;dc_lat=;dc_rdid=;tag_for_child_directed_treatment=;tfua=;gdpr=%24%7BGDPR%7D;gdpr_consent=%24%7BGDPR_CONSENT_755%7D;ltd=;dc_tdv=1\" rel=\"nofollow noopener\" target=\"_blank\">Guarda tutte le partite di Serie A Enilive in esclusiva nei locali Sky! Trova il locale pi\u00f9 vicino a te.<\/a><\/p>\n<p class=\"paragraph\" spellcheck=\"true\">&#8220;Stupendo. \u00c8 stato tutto stupendo. Ho fatto una cosa che non mi era riuscita nella mia citt\u00e0, col Verona: quando la societ\u00e0 non paga gli stipendi e devi tenere la barra  dritta, pensare al calcio, a salvarti e a fare le cose per bene, beh, non \u00e8 facile e non \u00e8 scontato. \u00c8 stata un\u2019impresa e la cosa forse pi\u00f9 bella sa qual \u00e8? Che abbiamo fatto divertire la gente. Perch\u00e9 il calcio deve portare a quello&#8221;.\u00a0<\/p>\n<p class=\"is-copyright\">\u00a9 RIPRODUZIONE RISERVATA<\/p>\n","protected":false},"excerpt":{"rendered":"L\u2019ex tecnico termin\u00f2 la carriera in neroverde: &#8220;Avrei preferito chiudere con le panchine diversamente&#8221;. Sulla Serie A: &#8220;Attenti&hellip;\n","protected":false},"author":3,"featured_media":666045,"comment_status":"","ping_status":"","sticky":false,"template":"","format":"standard","meta":{"footnotes":"","_share_on_mastodon":"0"},"categories":[1452],"tags":[3076,1960,2537,3666,586,366958,86220,721,1856,3079,5682,366959,366960,432,122,3876,37351,4876,1740,5593,11370,3369,1374,350,366961,1537,90,89,49966,1412,42469,3171,147519,366962,13278,7793,4958,15965,366963,366964,1885,1292,4963,987,6193,366965,6299,2762,1821,863,43692,1739,337,245,244,1857,10976,86855,8233,2959,22312,7778],"class_list":["post-666044","post","type-post","status-publish","format-standard","has-post-thumbnail","category-calcio","tag-allegri","tag-allenatore","tag-altra","tag-bel","tag-bologna","tag-bologna-stupendo","tag-caccio","tag-calcio","tag-campionato","tag-capito","tag-chiudere","tag-chiudere-panchine","tag-chiudere-panchine-diversamente","tag-chiusura","tag-cose","tag-dico","tag-diversamente","tag-esperienza","tag-football","tag-gasp","tag-giovanili","tag-giro","tag-giusta","tag-inter","tag-inter-sicurezza","tag-it","tag-italia","tag-italy","tag-malesani","tag-mercato","tag-meritava","tag-palla","tag-panchine","tag-panchine-diversamente","tag-pare","tag-parola","tag-piace","tag-preferito","tag-preferito-chiudere","tag-preferito-chiudere-panchine","tag-problema","tag-punti","tag-qualita","tag-roma","tag-sa","tag-sa-volare","tag-sassuolo","tag-sentito","tag-serie","tag-sicurezza","tag-sinceramente","tag-soccer","tag-soprattutto","tag-sport","tag-sports","tag-squadra","tag-squadre","tag-stupendo","tag-tedesco","tag-vedere","tag-volare","tag-zero"],"share_on_mastodon":{"url":"","error":"Validation failed: Text character limit of 500 exceeded"},"_links":{"self":[{"href":"https:\/\/www.europesays.com\/it\/wp-json\/wp\/v2\/posts\/666044","targetHints":{"allow":["GET"]}}],"collection":[{"href":"https:\/\/www.europesays.com\/it\/wp-json\/wp\/v2\/posts"}],"about":[{"href":"https:\/\/www.europesays.com\/it\/wp-json\/wp\/v2\/types\/post"}],"author":[{"embeddable":true,"href":"https:\/\/www.europesays.com\/it\/wp-json\/wp\/v2\/users\/3"}],"replies":[{"embeddable":true,"href":"https:\/\/www.europesays.com\/it\/wp-json\/wp\/v2\/comments?post=666044"}],"version-history":[{"count":0,"href":"https:\/\/www.europesays.com\/it\/wp-json\/wp\/v2\/posts\/666044\/revisions"}],"wp:featuredmedia":[{"embeddable":true,"href":"https:\/\/www.europesays.com\/it\/wp-json\/wp\/v2\/media\/666045"}],"wp:attachment":[{"href":"https:\/\/www.europesays.com\/it\/wp-json\/wp\/v2\/media?parent=666044"}],"wp:term":[{"taxonomy":"category","embeddable":true,"href":"https:\/\/www.europesays.com\/it\/wp-json\/wp\/v2\/categories?post=666044"},{"taxonomy":"post_tag","embeddable":true,"href":"https:\/\/www.europesays.com\/it\/wp-json\/wp\/v2\/tags?post=666044"}],"curies":[{"name":"wp","href":"https:\/\/api.w.org\/{rel}","templated":true}]}}