{"id":666046,"date":"2026-09-05T08:30:17","date_gmt":"2026-09-05T08:30:17","guid":{"rendered":"https:\/\/www.europesays.com\/it\/666046\/"},"modified":"2026-09-05T08:30:17","modified_gmt":"2026-09-05T08:30:17","slug":"venezia-matilda-de-angelis-racconto-il-dramma-delle-liberta-negate-se-non-avessi-fatto-lattrice-oggi-sarei-uninterprete","status":"publish","type":"post","link":"https:\/\/www.europesays.com\/it\/666046\/","title":{"rendered":"Venezia, Matilda De Angelis: \u00abRacconto il dramma delle libert\u00e0 negate. Se non avessi fatto l&#8217;attrice oggi sarei un&#8217;interprete\u00bb"},"content":{"rendered":"<p>    di<br \/>\n    Chiara Maffioletti, inviata a Venezia<\/p>\n<p class=\"summary-art is-line-h-12\">Il film, presentato alle Giornate degli Autori, sulla storia due musicisti fuggono dall&#8217;Afghanistan. \u00abDivento produttrice per restituire la fiducia che ho ricevuto\u00bb<\/p>\n<p class=\"chapter-paragraph\"><b>VENEZIA<\/b> Matilda De Angelis dice di essere una brava giocatrice di carte. \u00abSo che non tutte le partite si possono vincere, ma so anche quando ho in mano delle buone carte e lo faccio\u00bb. \u00c8 quello che \u00e8 successo anche con Balcanica, l\u2019opera prima di Nicola Sorcinelli presentata  alle Giornate degli Autori, di cui De Angelis non \u00e8 solo attrice ma anche produttrice associata. Parla del viaggio lungo la rotta balcanica di un padre e un figlio che lasciano l\u2019Afghanistan quando la musica viene vietata. \u00abCi sono tanti modi  per affamare un popolo: lo vediamo ogni giorno, da Cuba alla Palestina. L\u2019arte \u00e8 metafora della libert\u00e0 di espressione\u00bb.\u00a0<\/p>\n<p class=\"chapter-paragraph\"><b>Lei ha mai pensato a chi sarebbe diventata se non avesse potuto fare l\u2019attrice?<br \/><\/b>\u00a0\u00abIn effetti non saprei. So che mi ero iscritta  all\u2019universit\u00e0 per diventare interprete, penso mi sarebbe piaciuto. Ho scoperto tante cose solo facendole, quindi chiss\u00e0:  magari avrei imparato altre cose\u00bb.    &#13;<br \/>\n&#13;<br \/>\n&#13;<br \/>\n&#13;<br \/>\n&#13;<br \/>\n&#13;<br \/>\n&#13;<br \/>\n&#13;<br \/>\n&#13;<br \/>\n&#13;<br \/>\n&#13;<br \/>\n&#13;<br \/>\n&#13;<br \/>\n&#13;<br \/>\n&#13;<br \/>\n&#13;<br \/>\n&#13;<br \/>\n&#13;<br \/>\n&#13;<br \/>\n&#13;<br \/>\n&#13;<br \/>\n&#13;<br \/>\n&#13;<br \/>\n&#13;<br \/>\n&#13;<br \/>\n&#13;<br \/>\n&#13;<br \/>\n&#13;<br \/>\n&#13;<br \/>\n&#13;<br \/>\n&#13;<br \/>\n&#13;<br \/>\n&#13;<br \/>\n&#13;<br \/>\n&#13;<br \/>\n&#13;<br \/>\n&#13;<br \/>\n&#13;<br \/>\n&#13;<br \/>\n&#13;<br \/>\n&#13;<br \/>\n&#13;<br \/>\n&#13;<br \/>\n&#13;<br \/>\n&#13;<br \/>\n&#13;<br \/>\n&#13;<br \/>\n&#13;<br \/>\n&#13;<br \/>\n&#13;<br \/>\n&#13;<br \/>\n&#13;<br \/>\n&#13;\n<\/p>\n<p class=\"chapter-paragraph\"><b>La sua carriera \u00e8 iniziata 13 anni fa. Cosa direbbe a quella ragazza di 17 anni?<br \/><\/b>\u00abLe direi che sta facendo la scelta giusta. Dal mio punto di vista, con questo film ho voluto restituire la fiducia che mi \u00e8 stata data ai miei inizi\u00bb.<\/p>\n<p class=\"chapter-paragraph\"><b>Da allora \u00e8 cambiato qualcosa per le donne nel cinema?<br \/><\/b>\u00abSicuramente negli anni c\u2019\u00e8 stata una rivoluzione, anche se molto gentile,  portata avanti dalle donne. In tante hanno deciso di far sentire la propria voce. Ci siamo incoraggiate a vicenda. Di certo  io sono arrivata a questo lavoro in un periodo di transizione, nel passaggio tra il vecchio mondo e il nuovo mondo. Faccio  parte di una generazione  a cavallo di tante cose e ne sento  la responsabilit\u00e0\u00bb.<\/p>\n<p class=\"chapter-paragraph\"><b>Un modo per far sentire di pi\u00f9 la propria voce \u00e8 di certo produrre storie. Potrebbe essere anche la regia, per lei?<br \/><\/b>\u00abS\u00ec, la produzione sicuramente \u00e8 un percorso che mi piacerebbe anche portare avanti, la regia vediamo.  Per\u00f2 non me lo nego, non mi nego di immaginarlo\u00bb.<\/p>\n<p class=\"chapter-paragraph\"><b>Come giudica la mancanza di cineaste in gara alla Mostra?<br \/><\/b>\u00abNon vorrei scendere in polemiche, posso solo dire che non sono la  direttrice della Mostra&#8230; dipendesse da me potrei rispondere, cos\u00ec non  so. Io  posso agire un cambiamento nel mio piccolo, non mi arrogo il diritto  di parlare  universalmente delle cose, anche perch\u00e9 non so come ci si sia arrivati. Io per\u00f2 cerco di uscire dal mio individualismo e di  comportarmi secondo le mie potenzialit\u00e0\u00bb.<\/p>\n<p class=\"chapter-paragraph\"><b>Nel film interpreta una dottoressa che cura i bisognosi, sentendosi spesso impotente. Ha mai provato quella sensazione?<br \/><\/b>\u00abTutti i giorni. Viviamo in un mondo  inquietante e credo che ci sentiamo tutti impotenti. Non siamo a capo di governi o ai vertici della societ\u00e0, credo sia inevitabile\u00bb.\u00a0<\/p>\n<p class=\"chapter-paragraph\"><b>Il cambiamento pu\u00f2 passare anche dalla scelta dei ruoli?\u00a0<br \/><\/b>\u00abS\u00ec, ma ammetto che  non mi sono mai interrogata cos\u00ec razionalmente su questo. Non vorrei  passasse l\u2019idea che ci sia dell\u2019autocompiacimento nel essere quella che porta avanti certi  temi, valori&#8230; \u00e8 successo ma  non era   studiato. Per\u00f2, certo, se sono attratta da certi progetti, evidentemente risuonano in me\u00bb.<\/p>\n<p class=\"is-last-update\" datetime=\"2026-09-05T07:12:39+02:00\">5 settembre 2026 ( modifica il 5 settembre 2026 | 07:12)<\/p>\n<p class=\"is-copyright\">\n            \u00a9 RIPRODUZIONE RISERVATA\n        <\/p>\n","protected":false},"excerpt":{"rendered":"di Chiara Maffioletti, inviata a Venezia Il film, presentato alle Giornate degli Autori, sulla storia due musicisti fuggono&hellip;\n","protected":false},"author":3,"featured_media":666047,"comment_status":"","ping_status":"","sticky":false,"template":"","format":"standard","meta":{"footnotes":"","_share_on_mastodon":"0"},"categories":[1451],"tags":[40814,12378,7738,7461,271128,4913,10434,1621,1620,122,1367,277,12419,2429,203,2097,366966,366967,3593,454,1911,53503,12472,204,1537,90,89,2451,12496,12497,12498,632,77156,6092,14619,9608,366968,1272,659],"class_list":["post-666046","post","type-post","status-publish","format-standard","has-post-thumbnail","category-celebrita","tag-afghanistan","tag-angelis","tag-attrice","tag-autori","tag-balcanica","tag-cambiamento","tag-carte","tag-celebrita","tag-celebrities","tag-cose","tag-credo","tag-de","tag-de-angelis","tag-donne","tag-entertainment","tag-far","tag-far-sentire","tag-far-sentire-propria","tag-fiducia","tag-film","tag-giornate","tag-giornate-autori","tag-interprete","tag-intrattenimento","tag-it","tag-italia","tag-italy","tag-liberta","tag-matilda","tag-matilda-de","tag-matilda-de-angelis","tag-mostra","tag-nego","tag-posso","tag-produttrice","tag-propria","tag-propria-voce","tag-so","tag-tante"],"share_on_mastodon":{"url":"","error":"Validation failed: Text character limit of 500 exceeded"},"_links":{"self":[{"href":"https:\/\/www.europesays.com\/it\/wp-json\/wp\/v2\/posts\/666046","targetHints":{"allow":["GET"]}}],"collection":[{"href":"https:\/\/www.europesays.com\/it\/wp-json\/wp\/v2\/posts"}],"about":[{"href":"https:\/\/www.europesays.com\/it\/wp-json\/wp\/v2\/types\/post"}],"author":[{"embeddable":true,"href":"https:\/\/www.europesays.com\/it\/wp-json\/wp\/v2\/users\/3"}],"replies":[{"embeddable":true,"href":"https:\/\/www.europesays.com\/it\/wp-json\/wp\/v2\/comments?post=666046"}],"version-history":[{"count":0,"href":"https:\/\/www.europesays.com\/it\/wp-json\/wp\/v2\/posts\/666046\/revisions"}],"wp:featuredmedia":[{"embeddable":true,"href":"https:\/\/www.europesays.com\/it\/wp-json\/wp\/v2\/media\/666047"}],"wp:attachment":[{"href":"https:\/\/www.europesays.com\/it\/wp-json\/wp\/v2\/media?parent=666046"}],"wp:term":[{"taxonomy":"category","embeddable":true,"href":"https:\/\/www.europesays.com\/it\/wp-json\/wp\/v2\/categories?post=666046"},{"taxonomy":"post_tag","embeddable":true,"href":"https:\/\/www.europesays.com\/it\/wp-json\/wp\/v2\/tags?post=666046"}],"curies":[{"name":"wp","href":"https:\/\/api.w.org\/{rel}","templated":true}]}}