{"id":666052,"date":"2026-09-05T08:36:13","date_gmt":"2026-09-05T08:36:13","guid":{"rendered":"https:\/\/www.europesays.com\/it\/666052\/"},"modified":"2026-09-05T08:36:13","modified_gmt":"2026-09-05T08:36:13","slug":"sinner-e-valentino-rossi-a-monza-per-il-gp-ditalia-visita-a-kimi-antonelli","status":"publish","type":"post","link":"https:\/\/www.europesays.com\/it\/666052\/","title":{"rendered":"Sinner e Valentino Rossi a Monza per il GP d\u2019Italia: visita a Kimi Antonelli"},"content":{"rendered":"<p>                                Dal tennis allo sci, passando per le due ruote: il GP d\u2019Italia diventa il punto d\u2019incontro tra campioni e motori<\/p>\n<p>                    5 settembre &#8211; 08:40  &#8211; MONZA<\/p>\n<p class=\"paragraph\" spellcheck=\"true\">Dal tennis allo sci. Lo spettacolo della Formula 1 attrae anche i campioni di altri sport: oggi sono attesi nel paddock di Monza Jannik Sinner, Valentino Rossi e Federica Brignone. Tre stelle appassionatissime della massima serie automobilistica. Infatti, hanno gi\u00e0 assistito ad alcuni Gran Premi in passato e non \u00e8 la prima volta che scelgono di seguire da vicino il mondo del circuito di F1.<\/p>\n<p>    tifosi speciali\u2014 \u00a0<\/p>\n<p class=\"paragraph is-inline\" spellcheck=\"true\">La presenza del tennista numero 1 al mondo \u00e8 stata confermata dall\u2019executive advisor dell\u2019Alpine Flavio Briatore in conferenza stampa: &#8220;Arriver\u00e0 sabato. Lui e Andrea Kimi Antonelli fanno bene allo sport e al nostro Paese&#8221;. Il leader del campionato ricever\u00e0 anche la visita di Valentino, nove volte campione del mondo sulle due ruote. Il casco di Kimi \u00e8 ispirato proprio a quello indossato da Rossi al Mugello nel 2002. Infatti, sul retro \u00e8 presente un disegno con il Dottore che tiene sulle spalle il bolognese. &#8220;\u00c8 stato speciale poter fare questa cosa con Vale, per me rappresenta un mito e un esempio da seguire, oltre che un grande amico&#8221;, ha dichiarato Antonelli.\u00a0<\/p>\n<p><a class=\"is-partner-link\" href=\"https:\/\/www.nowtv.it\/sport?dcmp=SPORT_SOCIAL_AW_PROS_Motori_CairoRCS_Gazzetta_CTA&amp;ead-publisher=N1792338.340088CAIRORCSMEDIAS.P.&amp;ead-name=N1792338.340088CAIRORCSMEDIAS.P.-35025367&amp;ead-location=439955329&amp;ead-creative=249314339&amp;ead-creativetype=1x1&amp;dya=4b3d5\" rel=\"nofollow noopener\" target=\"_blank\">Non perderti tutti i Gran Premi di Formula 1\u00ae e MotoGP\u2122 in esclusiva streaming su NOW! Attiva il Pass Sport da 19,99\u20ac al mese.<\/a><\/p>\n<p>    arriva fede\u2014 \u00a0<\/p>\n<p class=\"paragraph is-inline\" spellcheck=\"true\">Un\u2019altra leggenda che verr\u00e0 ad assistere al Gran Premio d\u2019Italia \u00e8 Federica Brignone, campionessa olimpica in superG e slalom gigante a Milano Cortina. Dopo aver visto la gara di Imola nel 2025, l\u2019azzurra \u00e8 pronta a tornare nel paddock. Domani, invece, sar\u00e0 la giornata dell\u2019Inter: Lautaro Martinez, Marcus Thuram, Curtis Jones, Hakan Calhanoglu e Djed Spence lasceranno momentaneamente l\u2019erba dei campi da calcio per spostarsi sull\u2019asfalto della pista. D\u2019altronde il richiamo di Monza \u00e8 troppo forte. Tutti vogliono essere presenti a questo evento imperdibile.<\/p>\n<p class=\"is-copyright\">\u00a9 RIPRODUZIONE RISERVATA<\/p>\n","protected":false},"excerpt":{"rendered":"Dal tennis allo sci, passando per le due ruote: il GP d\u2019Italia diventa il punto d\u2019incontro tra campioni&hellip;\n","protected":false},"author":3,"featured_media":666053,"comment_status":"","ping_status":"","sticky":false,"template":"","format":"standard","meta":{"footnotes":"","_share_on_mastodon":"0"},"categories":[176],"tags":[4008,3993,87234,2037,1248,19634,3336,1537,90,89,3994,11121,27504,9509,3460,42644,22479,366,366970,245,244,566],"class_list":["post-666052","post","type-post","status-publish","format-standard","has-post-thumbnail","category-sport","tag-amico","tag-antonelli","tag-brignone","tag-campioni","tag-federica","tag-federica-brignone","tag-gran","tag-it","tag-italia","tag-italy","tag-kimi","tag-monza","tag-paddock","tag-rossi","tag-ruote","tag-sci","tag-seguire","tag-sinner","tag-sinner-valentino","tag-sport","tag-sports","tag-valentino"],"share_on_mastodon":{"url":"https:\/\/pubeurope.com\/@it\/117217525404945155","error":""},"_links":{"self":[{"href":"https:\/\/www.europesays.com\/it\/wp-json\/wp\/v2\/posts\/666052","targetHints":{"allow":["GET"]}}],"collection":[{"href":"https:\/\/www.europesays.com\/it\/wp-json\/wp\/v2\/posts"}],"about":[{"href":"https:\/\/www.europesays.com\/it\/wp-json\/wp\/v2\/types\/post"}],"author":[{"embeddable":true,"href":"https:\/\/www.europesays.com\/it\/wp-json\/wp\/v2\/users\/3"}],"replies":[{"embeddable":true,"href":"https:\/\/www.europesays.com\/it\/wp-json\/wp\/v2\/comments?post=666052"}],"version-history":[{"count":0,"href":"https:\/\/www.europesays.com\/it\/wp-json\/wp\/v2\/posts\/666052\/revisions"}],"wp:featuredmedia":[{"embeddable":true,"href":"https:\/\/www.europesays.com\/it\/wp-json\/wp\/v2\/media\/666053"}],"wp:attachment":[{"href":"https:\/\/www.europesays.com\/it\/wp-json\/wp\/v2\/media?parent=666052"}],"wp:term":[{"taxonomy":"category","embeddable":true,"href":"https:\/\/www.europesays.com\/it\/wp-json\/wp\/v2\/categories?post=666052"},{"taxonomy":"post_tag","embeddable":true,"href":"https:\/\/www.europesays.com\/it\/wp-json\/wp\/v2\/tags?post=666052"}],"curies":[{"name":"wp","href":"https:\/\/api.w.org\/{rel}","templated":true}]}}