{"id":666066,"date":"2026-09-05T08:51:16","date_gmt":"2026-09-05T08:51:16","guid":{"rendered":"https:\/\/www.europesays.com\/it\/666066\/"},"modified":"2026-09-05T08:51:16","modified_gmt":"2026-09-05T08:51:16","slug":"us-open-cobolli-e-darderi-in-campo-il-programma-completo-della-giornata","status":"publish","type":"post","link":"https:\/\/www.europesays.com\/it\/666066\/","title":{"rendered":"Us Open, Cobolli e Darderi in campo. Il programma completo della giornata"},"content":{"rendered":"<p>                                Flavio se la vedr\u00e0\u00a0contro il belga Blockx, mentre Dardei affronter\u00e0\u00a0Dane Sweeny, reduce dalla vittoria contro Musetti. Attenzione anche al match tra Fritz e Cerundolo. Nella notte toccher\u00e0 a Zverev<\/p>\n<p>\n                                                                    Pellegrino Dell&#8217;Anno\n                            <\/p>\n<p>                    5 settembre &#8211; 09:17  &#8211; MILANO<\/p>\n<p class=\"paragraph\" spellcheck=\"true\">Seconda giornata di terzi turni, con vista da vicino sugli ottavi, allo Us Open. Dopo un venerd\u00ec senza grandi sorprese, \u00e8 tempo di fissare i sedici uomini e le sedici donne che si giocheranno il titolo dell&#8217;ultimo Slam stagionale. Con ancora una spruzzata di azzurro, ma solo al maschile dopo l&#8217;eliminazione di Jasmine Paolini. Ed entrambi i nostri rappresentanti in singolare saranno protagonisti nella giornata odierna di due match da non sottovalutare. Flavio Cobolli, tra l&#8217;altro, potr\u00e0 ancora una volta giocare sul Louis Armstrong, il secondo campo pi\u00f9 importante dello Us Open, contro Alexander Blockx. D&#8217;altronde, da n.5 del tabellone, \u00e8 anche fisiologico finire sui campi principali. La pi\u00f9 attesa da queste parti, su sedici partite, in avvicinamento agli ottavi di finale. Due italiani che sognano di arrivare tra gli ultimi sedici, tenendo il filo con lo storico dell&#8217;anno scorso (tre con Sinner e Musetti insieme a Darderi).<\/p>\n<p>    Azzurri\u2014 \u00a0<\/p>\n<p class=\"paragraph is-inline\" spellcheck=\"true\">Cobolli, come visto, sar\u00e0 protagonista sul Louis Armstrong. Il suo sar\u00e0 il secondo match dalle 17, dunque scender\u00e0 in campo alle 18.30 circa, al termine di Anisimova-Potapova. Sia per Flavio che per il belga in palio c&#8217;\u00e8 il primo ottavo della carriera allo Us Open, un gran traguardo per entrambi. Non ci sono precedenti, ma sar\u00e0 Blockx a giocare pi\u00f9 libero, avendo ovviamente meno pressione rispetto al quinto favorito del tabellone. Il vincitore avr\u00e0 in dote Fritz o Cerundolo. Impegno pi\u00f9 leggero ma comunque da non sottovalutare invece per Luciano Darderi. Il n.21 del seeding affronter\u00e0 Dane Sweeny, reduce dalla vittoria contro Musetti, determinata per\u00f2 anche dal caldo e da un Lorenzo non al massimo. Giocheranno il terzo match sul Campo 5, dunque verso le 21, dopo due doppi maschili. Sar\u00e0 il primo incrocio per Darderi, vicino a confermare gli ottavi dello scorso anno allo Us Open, con Sweeny. Che non aveva mai raggiunto un terzo turno Slam e oggi sogna ottavi e top 100. Partita tra due grandi lottatori, con (probabilmente) Zverev come premio.<\/p>\n<p>    i big\u2014 \u00a0<\/p>\n<p class=\"paragraph is-inline\" spellcheck=\"true\">Grande azione anche al netto degli italiani. Alle 17.30 Taylor Fritz e Francisco Cerundolo apriranno il programma sull&#8217;Arthur Ashe seguiti, non prima delle 19.30, da Camila Bucsa e la quarta testa di serie Coco Gauff. In sessione serale, dalle 1, temperatura tennistica ancora pi\u00f9 alta con l&#8217;idolo del pubblico Alexandra Eala che se la vedr\u00e0 con la 14esima testa di serie Iva Jovic, padrona di casa classe 2007. Dopo di loro spazio al n.1 del seeding Alexander Zverev, contro la 25esima testa di serie Alejandro Tabilo: giocheranno verso le 3. Sessione serale molto interessante anche sull&#8217;Armstrong, con Naomi Osaka che alle 1 affronter\u00e0 Elise Mertens, un&#8217;ex campionessa contro una delle giocatrici pi\u00f9 costanti del circuito, prima della sfida dal sapore di futuro tra due classe 2005. Il n.14 Learner Tien e il n.17 Jakub Mensik chiuderanno la giornata tennistica, anche loro verso le 3. Mentre sul Grandstand non c&#8217;\u00e8 distinzione di sessione, e si partir\u00e0 subito forte con Keys-Zheng, ex campionessa ed ex finalista dell&#8217;Australian Open. Verso le 19 Swiatek-Bouzkova prima dell&#8217;altro americano Michael Zheng, opposto al lucky loser Arthur Gea per un posto agli ottavi. A chiudere la n.2 al mondo Elena Rybakina, in corsa per diventare n.1, verso mezzanotte affronter\u00e0 Yulia Starodubtseva. La partita da non perdere sar\u00e0 per\u00f2 sullo Stadium 17, con la quinta testa di serie Mirra Andreeva opposta alla ceca Nikola Bartunkova in un bel contrasto di stili, verso le 18.30. Ancora Russia a seguire, alle 21 circa, con Karen Khachanov che prova a proseguire nel suo rilancio contro Benjamin Bonzi. Chiuderanno Bergs e Van De Zandschulp, entrambi a una delle occasioni pi\u00f9 ghiotte della carriera.<\/p>\n<p><a class=\"is-partner-link\" href=\"https:\/\/ad.doubleclick.net\/ddm\/trackclk\/N1792338.340088CAIRORCSMEDIAS.P.\/B35025367.453773505;dc_trk_aid=647320059;dc_trk_cid=249314339;dc_dbm_token=%24%7BDC_DBM_TOKEN%7D;dc_lat=;dc_rdid=;tag_for_child_directed_treatment=;tfua=;gdpr=%24%7BGDPR%7D;gdpr_consent=%24%7BGDPR_CONSENT_755%7D;gpp=%24%7BGPP_STRING_755%7D;gpp_sid=%24%7BGPP_SID%7D;ltd=;dc_tdv=1\" rel=\"nofollow noopener\" target=\"_blank\">Guarda live tutte le partite degli US Open dal 30 Agosto in streaming su NOW! Attiva il Pass Sport da 19,99\u20ac al mese<\/a><\/p>\n<p>    in tv\u2014 \u00a0<\/p>\n<p class=\"paragraph is-inline\" spellcheck=\"true\">Lo Us Open, ultimo Slam stagionale, sar\u00e0 l&#8217;unico ad essere trasmesso anche in chiaro. I diritti, con simulcast su Sky Sport e quindi anche con la piattaforma streaming Now Tv, sono infatti di SuperTennis, la televisione federale. Dunque i match principali, dei campioni e degli italiani, saranno disponibili sul canale 64 del digitale terrestre, 212 su Sky. Tutti i campi saranno invece disponibili sullo streaming SuperTennix.<\/p>\n<p class=\"is-copyright\">\u00a9 RIPRODUZIONE RISERVATA<\/p>\n","protected":false},"excerpt":{"rendered":"Flavio se la vedr\u00e0\u00a0contro il belga Blockx, mentre Dardei affronter\u00e0\u00a0Dane Sweeny, reduce dalla vittoria contro Musetti. Attenzione anche&hellip;\n","protected":false},"author":3,"featured_media":666067,"comment_status":"","ping_status":"","sticky":false,"template":"","format":"standard","meta":{"footnotes":"","_share_on_mastodon":"0"},"categories":[1457],"tags":[7918,366971,366972,3429,9177,32398,279,156118,2008,19478,921,1902,48558,56962,3155,20222,147395,365566,366973,3415,14567,18672,7923,366974,1889,56944,5183,1251,1537,90,627,89,1894,3419,2006,34979,46734,1821,10864,3423,245,244,365768,1273,1928,29694,7379,6665,29523],"class_list":["post-666066","post","type-post","status-publish","format-standard","has-post-thumbnail","category-tennis","tag-affrontera","tag-affrontera-dane","tag-affrontera-dane-sweeny","tag-alexander","tag-armstrong","tag-arthur","tag-belga","tag-blockx","tag-campi","tag-campionessa","tag-campo","tag-carriera","tag-cerundolo","tag-chiuderanno","tag-classe","tag-cobolli","tag-dane","tag-dane-sweeny","tag-dane-sweeny-reduce","tag-darderi","tag-disponibili","tag-flavio","tag-fritz","tag-fritz-cerundolo","tag-giocare","tag-giocheranno","tag-giornata","tag-grandi","tag-it","tag-italia","tag-italiani","tag-italy","tag-match","tag-musetti","tag-open","tag-ottavi","tag-sedici","tag-serie","tag-sessione","tag-slam","tag-sport","tag-sports","tag-sweeny","tag-tennis","tag-testa","tag-testa-serie","tag-us","tag-us-open","tag-zverev"],"share_on_mastodon":{"url":"","error":"Validation failed: Text character limit of 500 exceeded"},"_links":{"self":[{"href":"https:\/\/www.europesays.com\/it\/wp-json\/wp\/v2\/posts\/666066","targetHints":{"allow":["GET"]}}],"collection":[{"href":"https:\/\/www.europesays.com\/it\/wp-json\/wp\/v2\/posts"}],"about":[{"href":"https:\/\/www.europesays.com\/it\/wp-json\/wp\/v2\/types\/post"}],"author":[{"embeddable":true,"href":"https:\/\/www.europesays.com\/it\/wp-json\/wp\/v2\/users\/3"}],"replies":[{"embeddable":true,"href":"https:\/\/www.europesays.com\/it\/wp-json\/wp\/v2\/comments?post=666066"}],"version-history":[{"count":0,"href":"https:\/\/www.europesays.com\/it\/wp-json\/wp\/v2\/posts\/666066\/revisions"}],"wp:featuredmedia":[{"embeddable":true,"href":"https:\/\/www.europesays.com\/it\/wp-json\/wp\/v2\/media\/666067"}],"wp:attachment":[{"href":"https:\/\/www.europesays.com\/it\/wp-json\/wp\/v2\/media?parent=666066"}],"wp:term":[{"taxonomy":"category","embeddable":true,"href":"https:\/\/www.europesays.com\/it\/wp-json\/wp\/v2\/categories?post=666066"},{"taxonomy":"post_tag","embeddable":true,"href":"https:\/\/www.europesays.com\/it\/wp-json\/wp\/v2\/tags?post=666066"}],"curies":[{"name":"wp","href":"https:\/\/api.w.org\/{rel}","templated":true}]}}