{"id":666070,"date":"2026-09-05T08:55:12","date_gmt":"2026-09-05T08:55:12","guid":{"rendered":"https:\/\/www.europesays.com\/it\/666070\/"},"modified":"2026-09-05T08:55:12","modified_gmt":"2026-09-05T08:55:12","slug":"alston-junior-riabbraccia-la-virtus-un-sollievo-ritrovare-il-campo","status":"publish","type":"post","link":"https:\/\/www.europesays.com\/it\/666070\/","title":{"rendered":"Alston Junior riabbraccia la Virtus : &#8220;Un sollievo ritrovare il campo&#8221;"},"content":{"rendered":"<p>La prima fotografia della <strong>Virtus<\/strong> \u00e8 ancora sfocata. Ma qualche tratto comincia gi\u00e0 a intravedersi. Il debutto contro Rimini, vinto dai bianconeri al PalaFlaminio, ha offerto indicazioni interessanti, soprattutto sul piano dell\u2019identit\u00e0 che <strong>Alex Mumbr\u00f9<\/strong> sta cercando di costruire.<\/p>\n<p>E se c\u2019\u00e8 una parola che pu\u00f2 descrivere il primo assaggio della sua Virtus, questa \u00e8 corsa. I bianconeri hanno provato a spingere, ad attaccare rapidamente e a trasformare ogni recupero in un\u2019occasione per correre in campo aperto. Quando la V nera \u00e8 riuscita a giocare a questa velocit\u00e0, il divario con Rimini \u00e8 apparso evidente e la squadra ha saputo prendere il controllo.<\/p>\n<p>Una caratteristica che, nelle intenzioni del nuovo corso tecnico, dovr\u00e0 diventare uno dei marchi di fabbrica. E proprio in questo senso sar\u00e0 interessante vedere cosa potr\u00e0 aggiungere <strong>Marcus Carr<\/strong>, assente a Rimini e destinato a essere uno degli uomini chiamati a dare ritmo e imprevedibilit\u00e0 alla manovra. La sensazione, osservando il primo test, \u00e8 che la Virtus possa esprimere il meglio quando riesce a giocare in velocit\u00e0. Il rovescio della medaglia \u00e8 arrivato quando Rimini ha costretto i bianconeri ad attaccare contro una difesa schierata. In quei frangenti la manovra \u00e8 sembrata pi\u00f9 macchinosa, con qualche difficolt\u00e0 nel trovare soluzioni fluide e nel coinvolgere con continuit\u00e0 tutti gli interpreti.<\/p>\n<p>Ma sarebbe sorprendente e ingeneroso, aspettarsi gi\u00e0 adesso una macchina perfettamente oliata. I giocatori si conoscono ancora poco, gli allenamenti di squadra sono appena iniziati e l\u2019amalgama dovr\u00e0 arrivare con il lavoro quotidiano e con le prossime amichevoli. Tra le note pi\u00f9 positive, per\u00f2, c\u2019\u00e8 il ritorno di <strong>Derrick Alston Junior<\/strong>. L\u2019ala americana ha ritrovato quelle giocate che i tifosi bianconeri avevano imparato ad apprezzare prima dell\u2019infortunio alla mano rimediato nella serie playoff contro Trento.<\/p>\n<p>A Rimini sono arrivati 16 punti, frutto di 6\/11 dal campo (3\/5 da due e 3\/6 da tre), oltre a qualche lampo del suo talento.<\/p>\n<p>&#8220;Primo test, intanto per me \u00e8 un sollievo essere qui e aver giocato dopo quello che mi era capitato a fine stagione scorsa alla mano \u2013 raccontatAlston a fine partita \u2013. Ci sono molte cose ancora da migliorare, ma \u00e8 normale che sia cos\u00ec. Lavoreremo giorno dopo giorno per raggiungere la migliore condizione e la chimica di squadra. La stagione inizier\u00e0 a breve e dovremo farci trovare pronti. Quello con Rimini \u00e8 stato un ottimo test per mostrare a che punto siamo, per inserire tutti nel sistema e tutto il resto&#8221;.<\/p>\n<p>Da ieri, infine, in vendita i biglietti per l\u2019amichevole del 16 settembre (ore 20) al PalaDozza con la Maxima Roma. Tagliandi in vendita nei punti autorizzati Vivaticket e, luned\u00ec, a Casa Virtus Alfasigma. I prezzi vanno dai 20 euro della tribuna Graziano ai 5 della curva Calori, passando per i 10 della gradinata Nannetti.<\/p>\n","protected":false},"excerpt":{"rendered":"La prima fotografia della Virtus \u00e8 ancora sfocata. Ma qualche tratto comincia gi\u00e0 a intravedersi. Il debutto contro&hellip;\n","protected":false},"author":3,"featured_media":666071,"comment_status":"","ping_status":"","sticky":false,"template":"","format":"standard","meta":{"footnotes":"","_share_on_mastodon":"0"},"categories":[1453],"tags":[70622,1756,1757,921,1537,90,89,20580,366976,2126,68710,245,244,5284],"class_list":["post-666070","post","type-post","status-publish","format-standard","has-post-thumbnail","category-basket","tag-alston","tag-basket","tag-basketball","tag-campo","tag-it","tag-italia","tag-italy","tag-junior","tag-riabbraccia","tag-ritrovare","tag-sollievo","tag-sport","tag-sports","tag-virtus"],"share_on_mastodon":{"url":"https:\/\/pubeurope.com\/@it\/117217599754835583","error":""},"_links":{"self":[{"href":"https:\/\/www.europesays.com\/it\/wp-json\/wp\/v2\/posts\/666070","targetHints":{"allow":["GET"]}}],"collection":[{"href":"https:\/\/www.europesays.com\/it\/wp-json\/wp\/v2\/posts"}],"about":[{"href":"https:\/\/www.europesays.com\/it\/wp-json\/wp\/v2\/types\/post"}],"author":[{"embeddable":true,"href":"https:\/\/www.europesays.com\/it\/wp-json\/wp\/v2\/users\/3"}],"replies":[{"embeddable":true,"href":"https:\/\/www.europesays.com\/it\/wp-json\/wp\/v2\/comments?post=666070"}],"version-history":[{"count":0,"href":"https:\/\/www.europesays.com\/it\/wp-json\/wp\/v2\/posts\/666070\/revisions"}],"wp:featuredmedia":[{"embeddable":true,"href":"https:\/\/www.europesays.com\/it\/wp-json\/wp\/v2\/media\/666071"}],"wp:attachment":[{"href":"https:\/\/www.europesays.com\/it\/wp-json\/wp\/v2\/media?parent=666070"}],"wp:term":[{"taxonomy":"category","embeddable":true,"href":"https:\/\/www.europesays.com\/it\/wp-json\/wp\/v2\/categories?post=666070"},{"taxonomy":"post_tag","embeddable":true,"href":"https:\/\/www.europesays.com\/it\/wp-json\/wp\/v2\/tags?post=666070"}],"curies":[{"name":"wp","href":"https:\/\/api.w.org\/{rel}","templated":true}]}}