{"id":666072,"date":"2026-09-05T08:56:20","date_gmt":"2026-09-05T08:56:20","guid":{"rendered":"https:\/\/www.europesays.com\/it\/666072\/"},"modified":"2026-09-05T08:56:20","modified_gmt":"2026-09-05T08:56:20","slug":"dazn-week-end-di-big-match-e-domani-juventus-milan-con-stramaccioni-behrami-e-ambrosini","status":"publish","type":"post","link":"https:\/\/www.europesays.com\/it\/666072\/","title":{"rendered":"Dazn, week end di big match. E domani Juventus-Milan con Stramaccioni, Behrami e Ambrosini"},"content":{"rendered":"<p>                                Lo studio della sfida dell&#8217;Allianz Stadium sar\u00e0 condotto da Diletta Leotta. Oggi pomeriggio Inter-Napoli con opinionisti Ferrara e Bazzani<\/p>\n<p>            <a class=\"image is-50x50\" href=\"https:\/\/www.gazzetta.it\/redazione\/andrea-ramazzotti\/\" rel=\"nofollow noopener\" target=\"_blank\"><br \/>\n                <img decoding=\"async\" class=\"is-rounded\" src=\"https:\/\/www.europesays.com\/it\/wp-content\/uploads\/2025\/11\/andrea_ramazzotti_avatar.png\" alt=\"Andrea Ramazzotti\"\/><br \/>\n            <\/a><\/p>\n<p>Giornalista<\/p>\n<p>                    5 settembre &#8211; 01:30  &#8211; MILANO<\/p>\n<p class=\"paragraph\" spellcheck=\"true\">Sar\u00e0 una terza giornata di fuoco per la Serie A, con tre big match del calibro di Inter-Napoli, Roma-Atalanta e Juventus-Milan. I tre incontri saranno tutti visibili solo su Dazn che ha preparato un programma imperdibile.<\/p>\n<p>        SABATO TOP\u2014 \u00a0<\/p>\n<p class=\"paragraph\" spellcheck=\"true\">San Siro si accender\u00e0 oggi pomeriggio quando, alle 18, l\u2019Inter campione in carica ospiter\u00e0 il Napoli di Allegri alla ricerca di un risultato positivo dopo la sconfitta rimediata in casa contro il Como. Ad accompagnare i tifosi, la telecronaca di Pierluigi Pardo e il commento tecnico di Massimo Ambrosini. Appuntamento in app un\u2019ora prima, alle 17, quando, Marco Russo, insieme a Ciro Ferrara, Fabio Bazzani e Giuseppe Pastone, animer\u00e0 lo studio di Vamos! Il Sabato della Serie A. In precedenza spazio per Fiorentina-Torino (ore 15), mentre la serata sar\u00e0 riservata a Roma-Atalanta (ore 20,45): Gasperini &#8211; primo in classifica grazie alla differenza reti &#8211; sfida la sua ex squadra guidata da Maurizio Sarri, reduce dalla vittoria di misura contro il Bologna.<\/p>\n<p><a class=\"is-partner-link\" href=\"https:\/\/ad.doubleclick.net\/ddm\/trackclk\/N1792338.340088CAIRORCSMEDIAS.P.\/B28038690.452531709;dc_trk_aid=646241311;dc_trk_cid=173665161;dc_lat=;dc_rdid=;tag_for_child_directed_treatment=;tfua=;gdpr=%24%7BGDPR%7D;gdpr_consent=%24%7BGDPR_CONSENT_755%7D;ltd=;dc_tdv=1\" rel=\"nofollow noopener\" target=\"_blank\">Guarda tutte le partite di Serie A Enilive in esclusiva nei locali Sky! Trova il locale pi\u00f9 vicino a te.<\/a><\/p>\n<p>        CHE PARTERRE\u2014 \u00a0<\/p>\n<p class=\"paragraph\" spellcheck=\"true\">Per Juventus-Milan di domani sera (ore 20,45) Dazn ha schierato una grande squadra: l&#8217;obiettivo \u00e8 far vivere ai propri abbonati un match indimenticabile.\u00a0La telecronaca, sempre affidata a Pierluigi Pardo, vedr\u00e0 affiancarsi il commento tecnico di Andrea Stramaccioni. I tifosi potranno entrare in clima pre-partita gi\u00e0 a partire dalle 19,30 quando Diletta Leotta accender\u00e0 lo studio di Fuoriclasse e accoglier\u00e0 Valon Behrami, Massimo Ambrosini e Andrea Marinozzi. Gli utenti di Dazn potranno entrare in clima partita grazie ai contenuti on demand presenti in esclusiva sull\u2019app di streaming: dall\u2019ultima puntata di Bordocam \u201cIl primo big match di Allegri, tra errori e conferme\u201d che segue il tecnico azzurro durante il match contro il Como, a Gon\u00e7alo Ramos, l\u2019intervista esclusiva al nuovo numero 9 rossonero. Nella sezione \u201cFlashback highlights | Inter-Napoli, Juventus-Milan\u201d, inoltre, i tifosi potranno rivivere tutte le emozioni degli scontri passati con le prodezze di talenti come Ronaldinho in Juventus-Milan 0-3 della stagione 2009-10, di Marchisio rivivendo Juventus-Milan 2-0 della stagione 2011-12, ma anche le gesta di Hamsik in Inter-Napoli 0-3 della stessa stagione.<\/p>\n<p class=\"is-copyright\">\u00a9 RIPRODUZIONE RISERVATA<\/p>\n","protected":false},"excerpt":{"rendered":"Lo studio della sfida dell&#8217;Allianz Stadium sar\u00e0 condotto da Diletta Leotta. Oggi pomeriggio Inter-Napoli con opinionisti Ferrara e&hellip;\n","protected":false},"author":3,"featured_media":666073,"comment_status":"","ping_status":"","sticky":false,"template":"","format":"standard","meta":{"footnotes":"","_share_on_mastodon":"0"},"categories":[1452],"tags":[85038,3076,55914,2700,4158,569,171227,133867,6512,65940,721,8840,8914,74169,246,1740,350,50766,1537,90,89,558,91575,1894,553,248,8069,1739,245,244,577,2128,3375,6035],"class_list":["post-666072","post","type-post","status-publish","format-standard","has-post-thumbnail","category-calcio","tag-accendera","tag-allegri","tag-ambrosini","tag-andrea","tag-app","tag-atalanta","tag-bazzani","tag-behrami","tag-big","tag-big-match","tag-calcio","tag-clima","tag-commento","tag-commento-tecnico","tag-dazn","tag-football","tag-inter","tag-inter-napoli","tag-it","tag-italia","tag-italy","tag-juventus","tag-juventus-milan","tag-match","tag-milan","tag-napoli","tag-potranno","tag-soccer","tag-sport","tag-sports","tag-stagione","tag-studio","tag-tecnico","tag-tifosi"],"share_on_mastodon":{"url":"https:\/\/pubeurope.com\/@it\/117217604304386919","error":""},"_links":{"self":[{"href":"https:\/\/www.europesays.com\/it\/wp-json\/wp\/v2\/posts\/666072","targetHints":{"allow":["GET"]}}],"collection":[{"href":"https:\/\/www.europesays.com\/it\/wp-json\/wp\/v2\/posts"}],"about":[{"href":"https:\/\/www.europesays.com\/it\/wp-json\/wp\/v2\/types\/post"}],"author":[{"embeddable":true,"href":"https:\/\/www.europesays.com\/it\/wp-json\/wp\/v2\/users\/3"}],"replies":[{"embeddable":true,"href":"https:\/\/www.europesays.com\/it\/wp-json\/wp\/v2\/comments?post=666072"}],"version-history":[{"count":0,"href":"https:\/\/www.europesays.com\/it\/wp-json\/wp\/v2\/posts\/666072\/revisions"}],"wp:featuredmedia":[{"embeddable":true,"href":"https:\/\/www.europesays.com\/it\/wp-json\/wp\/v2\/media\/666073"}],"wp:attachment":[{"href":"https:\/\/www.europesays.com\/it\/wp-json\/wp\/v2\/media?parent=666072"}],"wp:term":[{"taxonomy":"category","embeddable":true,"href":"https:\/\/www.europesays.com\/it\/wp-json\/wp\/v2\/categories?post=666072"},{"taxonomy":"post_tag","embeddable":true,"href":"https:\/\/www.europesays.com\/it\/wp-json\/wp\/v2\/tags?post=666072"}],"curies":[{"name":"wp","href":"https:\/\/api.w.org\/{rel}","templated":true}]}}