{"id":666085,"date":"2026-09-05T09:05:15","date_gmt":"2026-09-05T09:05:15","guid":{"rendered":"https:\/\/www.europesays.com\/it\/666085\/"},"modified":"2026-09-05T09:05:15","modified_gmt":"2026-09-05T09:05:15","slug":"la-notte-dei-serpenti-le-pagelle-melozzi-show-9-lamborghini-porta-un-bambino-sul-palco-8","status":"publish","type":"post","link":"https:\/\/www.europesays.com\/it\/666085\/","title":{"rendered":"La Notte dei Serpenti, le pagelle: Melozzi show (9), Lamborghini porta un bambino sul palco (8)"},"content":{"rendered":"<p>A volte serve unire due cose completamente lontane per rendersi conto di come queste in realt\u00e0 possano stare bene vicine: da una parte, la <strong>musica popolare abruzzese<\/strong>, dall\u2019altra i <strong>brani pi\u00f9 noti del panorama musicale italiano<\/strong> contemporaneo. La mente dietro tutto questo? Il bravissimo <strong>Enrico Melozzi<\/strong>, che, da direttore d\u2019orchestra al Festival di Sanremo sale sul palco con il microfono da conduttore, cantante e vero showman della serata. \u00c8 successo <strong>venerd\u00ec 4 settembre<\/strong> a <strong>La Notte dei Serpenti<\/strong>, in onda su Rai 1.<\/p>\n<p>Al suo fianco un\u2019ottima<strong> Elettra Lamborghini<\/strong>, che, nonostante la difficolt\u00e0 del tenere il passo con l\u2019arrangiatore fuoriclasse, \u00e8 stata all\u2019altezza della situazione, portando sempre, come sua abitudine, un sorriso al momento giusto. Ma \u00e8 andato tutto bene? Ecco le nostre pagelle della serata.\n<\/p>\n<p>Enrico Melozzi show: datecene ancora. Voto 9<\/p>\n<p>Firma artistica della serata, arrangiatore, conduttore, musicista, cantante\u2026 <strong>Enrico Melozzi prende totalmente le redini<\/strong> de La Notte dei Serpenti senza eccessi, con professionalit\u00e0, mostrando tutta la gioia di poter mostrare (finalmente su Rai 1) la musica della sua tradizione insieme alle canzoni degli artisti pi\u00f9 apprezzati d\u2019Italia che (in parte) ha arrangiato per Sanremo e non solo.<\/p>\n<p>La sua abilit\u00e0 di showman \u00e8 evidente e sottolineata anche da chi sui social durante la serata ha commentato quanto vedeva sul palco. \u201cMelozzi sei un grande\u201d, scrivono, acclamando <strong>una figura da sempre apprezzata<\/strong> durante il Festival, ma che, sfortunatamente, non avevamo mai visto guidare cos\u00ec magistralmente una prima serata.<\/p>\n<p>Noi da Melozzi sentiamo di volere di pi\u00f9\u2026 Una coccola musicale in un cameo nel preserale, un approfondimento fisso sulla storia della musica, insomma, qualcosa che possa farcelo trovare pi\u00f9 spesso in televisione. Si fa per ridere, ma \u00e8 stata una piacevolissima conferma.<\/p>\n<p>Elettra Lamborghini si diverte come sempre. Voto 8<\/p>\n<p>Una cantante che sembra quasi preferire la conduzione, <a href=\"https:\/\/dilei.it\/star-e-vip\/elettra-lamborghini\/\" rel=\"nofollow noopener\" target=\"_blank\">Elettra Lamborghini<\/a> ormai a stare dall\u2019altra parte del palco ci ha preso gusto eccome. <a href=\"https:\/\/dilei.it\/spettacolo\/la-notte-dei-serpenti-pagelle-9-settembre-2025\/1823795\/\" rel=\"nofollow noopener\" target=\"_blank\">L\u2019anno scorso a La Notte dei Serpenti<\/a> aveva partecipato come cantante, quest\u2019anno <strong>ha fatto doppietta, come ospite e come padrona di casa<\/strong>. Obbiettivo raggiunto? Met\u00e0 e meta\u2026<\/p>\n<p>Enrico Melozzi ha avuto fiducia in lei, e ha fatto bene, ma come padronanza del palco mancava ancora qualcosa. C\u2019\u00e8 anche da dire che l\u2019artista \u00e8 riuscita a cavalcare un evento difficile con grande destrezza, <strong>senza strafare e rimanendo se stessa<\/strong>: sorridente, spigliata e carica di energia.<\/p>\n<p>Non ha mancato certo di far cantare il pubblico con i suoi successi pi\u00f9 amati, Voil\u00e0, Pistolero etc. Si \u00e8 presentata con un lungo vestito verde brillante con drappeggi e trasparenze sul corpetto con due spalline sottili. Come al solito ha ballato, reggendo lo spettacolo anche senza la sua crew di ballo. Voto 8<\/p>\n<p>Gioele chiama la \u201cpluplicit\u00e0\u201d. Voto Dolcezza<\/p>\n<p>Proprio Elettra Lamborghini ha regalato a spettatori e pubblico in piazza<strong> il momento pi\u00f9 dolce della serata<\/strong>. Tra un\u2019esibizione all\u2019altra si \u00e8 avvicinata ad Enrico Melozzi dicendo di avere una sorpresa per lui. \u201cHo trovato il tuo erede\u201d, ha esclamato, \u201cGiole vieni qui!\u201d. Ha poi portato, mano nella mano, un bambino con un chitarrino in mano, i capelli gellati \u201calla Melozzi\u201d e i caratteristici occhiali tondi del direttore.<\/p>\n<p>\u201cCosa vuoi fare da grande?\u201d, gli ha chiesto Elettra. \u201cEnrico Melozzi\u201d, ha risposto il bimbo. Il direttore d\u2019orchestra l\u2019ha preso teneramente tra la sue braccia tenendolo per una<strong> brevissima intervista<\/strong>. \u201cSei emozionato?\u201d, \u201cNo\u201d, la candida risposta. Lamborghini allora ha deciso di<strong> far mandare a lui la pubblicit\u00e0<\/strong>. Giole ha provveduto puntando un dito verso la telecamera ed esclamando storpiando la parola: \u201c<strong>Pluplicit\u00e0<\/strong>!\u201d.<\/p>\n<p>La ginnastica artistica e ritmica su Rai 1. Voto 9<\/p>\n<p>Una scelta artistica guidata da un sapere musicale in grado di unire ritmi e stili molto diversi. Durante la serata de La Notte dei Serpenti 2026 le<a href=\"https:\/\/dilei.it\/lifestyle\/farfalle-ginnastica-ritmica-chi\/1430497\/\" rel=\"nofollow noopener\" target=\"_blank\"> Farfalle Azzurre<\/a>, la squadra nazionale italiana di ginnastica ritmica, bronzo alle Olimpiadi di Parigi 2024 e a quelle di Tokyo 2020. Presenza costante di tutta la serata, hanno danzato sulle note delle canzoni della tradizionale abruzzese, riuscendo a mischiarsi perfettamente a sonorit\u00e0 diverse da quelle solitamente ballate.\u00a0<\/p>\n<p>Gli stessi suoni della tradizioni sono stati mischiati in remix pi\u00f9 elettronici della Dj Lady Loop alla console, che si \u00e8 unita alle atlete, portando una ventata di novit\u00e0, comunque sempre rispettosa del passato della Regione.\u00a0Bellissima l\u2019esibizione sulle note de La Rondinella, con una delle atlete al trapezio sospeso, vestita di bianco, seguendo la melodia della canzone.<\/p>\n<p>La musica della tradizione in prima serata. Senza voto<\/p>\n<p>Chi bazzica il mondo delle musiche e delle danze folk, appartenenti alla tradizione, sa che<strong> portano spesso comunit\u00e0<\/strong>, piacere dello stare insieme, un <strong>codice di linguaggio e di danza condiviso<\/strong> in grado di far ballare anche i sassi. <strong>Non si pu\u00f2 dare voto<\/strong> alla bellezza di vedere danze come la saltarella in prima serata, danze i cui passi di anno in anno si perdono nei ricordi dei pi\u00f9 anziani e che conosciamo grazie al lavoro di studiosi e interessati, che, nei propri paesi, hanno continuato a tenerli vivi.<\/p>\n<p>Un grazie dunque al coraggio di chi ha portato un programma di musica folk nella prima serata del canale Rai, portando tutta <strong>la gioia delle feste legate alla terra<\/strong> e agli eventi sociali pi\u00f9 importanti. L\u2019effetto \u00e8 stato immediato: il pubblico presente ballava senza sosta e anche da casa era difficile trattenersi dal zampettare di qua e di l\u00e0.<\/p>\n<p>\u00a0Il coro e i musicisti. Voto 10<\/p>\n<p>Come nelle scorse edizioni l\u2019intento del Maestro Melozzi \u00e8 quello di far dialogare la memoria con il presente, portando i canti della <strong>tradizione musicale abruzzese<\/strong> con arrangiamenti inediti, che per\u00f2 senza mai tradire i testi in dialetto n\u00e9 la loro poesia.<\/p>\n<p>Il filo rosso di tutto sta proprio nella musica. Nessun artista \u00e8 infatti salito sul palco da solo. Ad accompagnare tutti c\u2019\u00e8 l\u2019<strong>Orchestra dei Serpenti<\/strong>, guidata dallo stesso Melozzi, con un coro formato interamente da <strong>donne di ogni et\u00e0<\/strong>. Un dettaglio potente, che connota il colore delle canzoni. Intorno si muovono oltre cento artisti abruzzesi tra orchestrali, performer e ballerini, mentre nello spazio davanti al palco si sono sistemati cinquecento coristi folkloristici che hanno fatto vibrare l\u2019aria con i loro tamburi.<\/p>\n<p>\t\t\t\tScopri i personaggi in trend, le storie del momento e molto altro.<br \/>Dove? Sul <a href=\"https:\/\/whatsapp.com\/channel\/0029Vb68mVyHVvTWezDm7d0R\" target=\"_blank\" rel=\"noopener nofollow\">canale WhatsApp di DiLei!<\/a><\/p>\n<p>\t\t\t<a class=\"buttonCall\" href=\"https:\/\/whatsapp.com\/channel\/0029Vb68mVyHVvTWezDm7d0R\" target=\"_blank\" rel=\"noopener nofollow\" title=\"Seguici su WhatsApp\"><br \/>\n\t\t\t\tSeguici su WhatsApp<br \/>\n\t\t\t<\/a><\/p>\n","protected":false},"excerpt":{"rendered":"A volte serve unire due cose completamente lontane per rendersi conto di come queste in realt\u00e0 possano stare&hellip;\n","protected":false},"author":3,"featured_media":666086,"comment_status":"","ping_status":"","sticky":false,"template":"","format":"standard","meta":{"footnotes":"","_share_on_mastodon":"0"},"categories":[174],"tags":[1720,203,204,1537,90,89,1539,214],"class_list":["post-666085","post","type-post","status-publish","format-standard","has-post-thumbnail","category-intrattenimento","tag-elettra-lamborghini","tag-entertainment","tag-intrattenimento","tag-it","tag-italia","tag-italy","tag-musica","tag-spettacolo"],"share_on_mastodon":{"url":"https:\/\/pubeurope.com\/@it\/117217639039145676","error":""},"_links":{"self":[{"href":"https:\/\/www.europesays.com\/it\/wp-json\/wp\/v2\/posts\/666085","targetHints":{"allow":["GET"]}}],"collection":[{"href":"https:\/\/www.europesays.com\/it\/wp-json\/wp\/v2\/posts"}],"about":[{"href":"https:\/\/www.europesays.com\/it\/wp-json\/wp\/v2\/types\/post"}],"author":[{"embeddable":true,"href":"https:\/\/www.europesays.com\/it\/wp-json\/wp\/v2\/users\/3"}],"replies":[{"embeddable":true,"href":"https:\/\/www.europesays.com\/it\/wp-json\/wp\/v2\/comments?post=666085"}],"version-history":[{"count":0,"href":"https:\/\/www.europesays.com\/it\/wp-json\/wp\/v2\/posts\/666085\/revisions"}],"wp:featuredmedia":[{"embeddable":true,"href":"https:\/\/www.europesays.com\/it\/wp-json\/wp\/v2\/media\/666086"}],"wp:attachment":[{"href":"https:\/\/www.europesays.com\/it\/wp-json\/wp\/v2\/media?parent=666085"}],"wp:term":[{"taxonomy":"category","embeddable":true,"href":"https:\/\/www.europesays.com\/it\/wp-json\/wp\/v2\/categories?post=666085"},{"taxonomy":"post_tag","embeddable":true,"href":"https:\/\/www.europesays.com\/it\/wp-json\/wp\/v2\/tags?post=666085"}],"curies":[{"name":"wp","href":"https:\/\/api.w.org\/{rel}","templated":true}]}}