{"id":666099,"date":"2026-09-05T09:19:12","date_gmt":"2026-09-05T09:19:12","guid":{"rendered":"https:\/\/www.europesays.com\/it\/666099\/"},"modified":"2026-09-05T09:19:12","modified_gmt":"2026-09-05T09:19:12","slug":"pogacar-stagione-finita-si-attende-lufficialita","status":"publish","type":"post","link":"https:\/\/www.europesays.com\/it\/666099\/","title":{"rendered":"Pogacar, stagione finita: si attende l&#8217;ufficialit\u00e0"},"content":{"rendered":"<p>                                La stagione del campione del mondo si \u00e8 chiusa con la caduta di sabato alla Vuelta<\/p>\n<p class=\"paragraph\" spellcheck=\"true\">Tadej Pogacar, arrivederci al 2027. A quanto ha potuto ricostruire la Gazzetta, manca solo l\u2019ufficialit\u00e0 della squadra, ma \u00e8 sostanzialmente definita la prospettiva di non rivedere il campione del gruppo in questa stagione. Si tratta dello scenario che in fondo era stato ipotizzato subito sabato scorso, il giorno del clamoroso incidente dello sloveno alla Vuelta che stava dominando: caduto nel corso dell\u2019ottava tappa, Pogacar era stato costretto al ritiro riportando una frattura scomposta della clavicola sinistra, una commozione cerebrale e una frattura stabile della vertebra cervicale C7. Operato luned\u00ec a Barcellona dal professor Xavier Mir, Pogacar \u00e8 rientrato mercoled\u00ec nella casa di Montecarlo.<\/p>\n","protected":false},"excerpt":{"rendered":"La stagione del campione del mondo si \u00e8 chiusa con la caduta di sabato alla Vuelta Tadej Pogacar,&hellip;\n","protected":false},"author":3,"featured_media":666100,"comment_status":"","ping_status":"","sticky":false,"template":"","format":"standard","meta":{"footnotes":"","_share_on_mastodon":"0"},"categories":[1456],"tags":[26940,1953,1824,1825,5830,1537,90,89,4964,1931,367008,2841,245,244,577],"class_list":["post-666099","post","type-post","status-publish","format-standard","has-post-thumbnail","category-ciclismo","tag-arrivederci","tag-campione","tag-ciclismo","tag-cycling","tag-frattura","tag-it","tag-italia","tag-italy","tag-manca","tag-pogacar","tag-pogacar-arrivederci","tag-sabato","tag-sport","tag-sports","tag-stagione"],"share_on_mastodon":{"url":"https:\/\/pubeurope.com\/@it\/117217693807666022","error":""},"_links":{"self":[{"href":"https:\/\/www.europesays.com\/it\/wp-json\/wp\/v2\/posts\/666099","targetHints":{"allow":["GET"]}}],"collection":[{"href":"https:\/\/www.europesays.com\/it\/wp-json\/wp\/v2\/posts"}],"about":[{"href":"https:\/\/www.europesays.com\/it\/wp-json\/wp\/v2\/types\/post"}],"author":[{"embeddable":true,"href":"https:\/\/www.europesays.com\/it\/wp-json\/wp\/v2\/users\/3"}],"replies":[{"embeddable":true,"href":"https:\/\/www.europesays.com\/it\/wp-json\/wp\/v2\/comments?post=666099"}],"version-history":[{"count":0,"href":"https:\/\/www.europesays.com\/it\/wp-json\/wp\/v2\/posts\/666099\/revisions"}],"wp:featuredmedia":[{"embeddable":true,"href":"https:\/\/www.europesays.com\/it\/wp-json\/wp\/v2\/media\/666100"}],"wp:attachment":[{"href":"https:\/\/www.europesays.com\/it\/wp-json\/wp\/v2\/media?parent=666099"}],"wp:term":[{"taxonomy":"category","embeddable":true,"href":"https:\/\/www.europesays.com\/it\/wp-json\/wp\/v2\/categories?post=666099"},{"taxonomy":"post_tag","embeddable":true,"href":"https:\/\/www.europesays.com\/it\/wp-json\/wp\/v2\/tags?post=666099"}],"curies":[{"name":"wp","href":"https:\/\/api.w.org\/{rel}","templated":true}]}}