{"id":666107,"date":"2026-09-05T09:25:17","date_gmt":"2026-09-05T09:25:17","guid":{"rendered":"https:\/\/www.europesays.com\/it\/666107\/"},"modified":"2026-09-05T09:25:17","modified_gmt":"2026-09-05T09:25:17","slug":"quando-la-fotografia-e-arte-note-sulla-mostra-del-festival-alla-telemaco-signorini-di-portoferraio","status":"publish","type":"post","link":"https:\/\/www.europesays.com\/it\/666107\/","title":{"rendered":"Quando la fotografia \u00e8 arte. Note sulla mostra &#8216;del Festival&#8217; alla Telemaco Signorini di Portoferraio"},"content":{"rendered":"<p>La parola &#8216;arte&#8217; \u00e8 in questo caso pi\u00f9 che appropriata, come si render\u00e0 conto chiunque varchi la soglia della Telemaco Signorini, la sala espositiva pubblica che, in occasione del 30\u00b0 del festival musicale &#8216;Elba Isola Musicale d&#8217;Europa&#8217;, ospita le due personali delle fotografe<strong> Anna RIABOVA e Alexandra KREMER-KHOMASSOURIDZ<\/strong>, operanti entrambe a Parigi.<\/p>\n<p>\u00a0<\/p>\n<p>Il titolo della esposizione, &#8216;ScuroChiaro&#8217; ben rappresenta le diverse impronte stilistiche: il bianco e nero (con alcuni interventi manuali di un rosa brechtianamente straniante), di una Divina Commedia fatta di corpi esposti e teatrali di Alexandra e i colori pastello e tenui degli scatti di Anna, riproduzioni di accurate scenografie nelle quali gli oggetti o le persone sembrano disposte per essere riprodotte appunto da un pennello.\u00a0<\/p>\n<p>Non a caso, soprattutto nelle figure riprese di spalle, il richiamo evidente \u00e8 al grande pittore danese Wilhem HAMMERSH\u00d8I (Copenaghen 1864-1916): stessa intensit\u00e0 poetica e sommessa.<\/p>\n<p>\u00a0<\/p>\n<p>Fino al 13 settembre ore 17-22, ingresso libero.<\/p>\n<p>\u00a0<\/p>\n<p><strong>CR<\/strong><\/p>\n","protected":false},"excerpt":{"rendered":"La parola &#8216;arte&#8217; \u00e8 in questo caso pi\u00f9 che appropriata, come si render\u00e0 conto chiunque varchi la soglia&hellip;\n","protected":false},"author":3,"featured_media":666108,"comment_status":"","ping_status":"","sticky":false,"template":"","format":"standard","meta":{"footnotes":"","_share_on_mastodon":"0"},"categories":[1446],"tags":[1615,1613,1614,1611,1610,1612,203,204,1537,90,89],"class_list":["post-666107","post","type-post","status-publish","format-standard","has-post-thumbnail","category-arte-e-design","tag-arte","tag-arte-e-design","tag-arteedesign","tag-arts","tag-arts-and-design","tag-design","tag-entertainment","tag-intrattenimento","tag-it","tag-italia","tag-italy"],"share_on_mastodon":{"url":"https:\/\/pubeurope.com\/@it\/117217717470761250","error":""},"_links":{"self":[{"href":"https:\/\/www.europesays.com\/it\/wp-json\/wp\/v2\/posts\/666107","targetHints":{"allow":["GET"]}}],"collection":[{"href":"https:\/\/www.europesays.com\/it\/wp-json\/wp\/v2\/posts"}],"about":[{"href":"https:\/\/www.europesays.com\/it\/wp-json\/wp\/v2\/types\/post"}],"author":[{"embeddable":true,"href":"https:\/\/www.europesays.com\/it\/wp-json\/wp\/v2\/users\/3"}],"replies":[{"embeddable":true,"href":"https:\/\/www.europesays.com\/it\/wp-json\/wp\/v2\/comments?post=666107"}],"version-history":[{"count":0,"href":"https:\/\/www.europesays.com\/it\/wp-json\/wp\/v2\/posts\/666107\/revisions"}],"wp:featuredmedia":[{"embeddable":true,"href":"https:\/\/www.europesays.com\/it\/wp-json\/wp\/v2\/media\/666108"}],"wp:attachment":[{"href":"https:\/\/www.europesays.com\/it\/wp-json\/wp\/v2\/media?parent=666107"}],"wp:term":[{"taxonomy":"category","embeddable":true,"href":"https:\/\/www.europesays.com\/it\/wp-json\/wp\/v2\/categories?post=666107"},{"taxonomy":"post_tag","embeddable":true,"href":"https:\/\/www.europesays.com\/it\/wp-json\/wp\/v2\/tags?post=666107"}],"curies":[{"name":"wp","href":"https:\/\/api.w.org\/{rel}","templated":true}]}}