{"id":666130,"date":"2026-09-05T09:46:17","date_gmt":"2026-09-05T09:46:17","guid":{"rendered":"https:\/\/www.europesays.com\/it\/666130\/"},"modified":"2026-09-05T09:46:17","modified_gmt":"2026-09-05T09:46:17","slug":"domenica-13-settembre-una-biciclettata-alla-scoperta-di-storie-natura-e-cultura","status":"publish","type":"post","link":"https:\/\/www.europesays.com\/it\/666130\/","title":{"rendered":"Domenica 13 settembre una biciclettata alla scoperta di storie, natura e cultura"},"content":{"rendered":"<p>Domenica 13 settembre il Quartiere 15 si anima per la \u201cGiornata di Quartiere\u201d, un\u2019iniziativa ad ingresso e partecipazione gratuita promossa dal Comune di Cremona in collaborazione con FIAB Cremona Biciclettando, CrArT (Cremona Arte e Turismo), il Circolo Vedo Verde Legambiente e Bistrottino.<\/p>\n<p>Sotto lo slogan \u201cUna giornata insieme, per il nostro quartiere!\u201d, la mattinata sar\u00e0 interamente <strong>dedicata a una speciale biciclettata che unir\u00e0 sostenibilit\u00e0, storia e biodiversit\u00e0 locale.<\/strong> Il ritrovo \u00e8 fissato per le ore 9.00 al Parco Rosa Mariani (in piazzale Via Ca\u2019 Dell\u2019Organo a Bagnara), dove una guida di CrArT introdurr\u00e0 la figura di Rosa Mariani. Da l\u00ec si partir\u00e0 alla volta del sottopasso autostradale per raggiungere la ciclabile di Via San Rocco, facendo poi una breve sosta nell\u2019area antistante la piattaforma ecologica: un punto ideale per scoprire le specie di volatili popolanti la zona, di grande interesse per gli appassionati di birdwatching. L\u2019itinerario proseguir\u00e0 lungo Via Degli Antichi Budri, per osservare la fauna selvatica a due passi dai centri abitati, e successivamente in Via Madonnina, dove gli esperti di CrArT spiegheranno l\u2019origine del nome della via.<\/p>\n<p>Tornando indietro verso Via Diritta e Via Villetta, il gruppo far\u00e0 tappa presso la Chiesa di San Sigismondo per una breve spiegazione storica e architettonica dell\u2019esterno; l\u2019organizzazione ricorda infatti che, trattandosi di un complesso ecclesiastico e monastero di clausura, non sar\u00e0 possibile effettuare visite all\u2019interno nella giornata di domenica 13 (il monastero sar\u00e0 tuttavia aperto al pubblico la domenica successiva, 20 settembre). La mattinata vedr\u00e0 anche la presenza di Bistrottino per un momento di ristoro e si concluder\u00e0 con il rientro al Parco Rosa Mariani.<\/p>\n<p><img fetchpriority=\"high\" decoding=\"async\" class=\" wp-image-1134843\" src=\"https:\/\/www.europesays.com\/it\/wp-content\/uploads\/2026\/09\/bb3f076e-8951-47d6-9a48-b0a14cc7775a.jpg\" alt=\"\" width=\"682\" height=\"964\"  \/>Il programma<\/p>\n<p><strong>Per ragioni logistiche \u00e8 richiesta l\u2019iscrizione anticipata contattando il numero 337 1431999<\/strong> (via telefono o WhatsApp, dal luned\u00ec al venerd\u00ec dalle 12:30 alle 14:20) oppure inviando una mail all\u2019indirizzo comitatoquartiere15@comune.cremona.it.<\/p>\n<p>\n                \u00a9 Riproduzione riservata\n              <\/p>\n","protected":false},"excerpt":{"rendered":"Domenica 13 settembre il Quartiere 15 si anima per la \u201cGiornata di Quartiere\u201d, un\u2019iniziativa ad ingresso e partecipazione&hellip;\n","protected":false},"author":3,"featured_media":666131,"comment_status":"","ping_status":"","sticky":false,"template":"","format":"standard","meta":{"footnotes":"","_share_on_mastodon":"0"},"categories":[1456],"tags":[275528,1824,5665,1825,1537,90,89,245,244],"class_list":["post-666130","post","type-post","status-publish","format-standard","has-post-thumbnail","category-ciclismo","tag-biciclettata","tag-ciclismo","tag-cremona","tag-cycling","tag-it","tag-italia","tag-italy","tag-sport","tag-sports"],"share_on_mastodon":{"url":"https:\/\/pubeurope.com\/@it\/117217800630703773","error":""},"_links":{"self":[{"href":"https:\/\/www.europesays.com\/it\/wp-json\/wp\/v2\/posts\/666130","targetHints":{"allow":["GET"]}}],"collection":[{"href":"https:\/\/www.europesays.com\/it\/wp-json\/wp\/v2\/posts"}],"about":[{"href":"https:\/\/www.europesays.com\/it\/wp-json\/wp\/v2\/types\/post"}],"author":[{"embeddable":true,"href":"https:\/\/www.europesays.com\/it\/wp-json\/wp\/v2\/users\/3"}],"replies":[{"embeddable":true,"href":"https:\/\/www.europesays.com\/it\/wp-json\/wp\/v2\/comments?post=666130"}],"version-history":[{"count":0,"href":"https:\/\/www.europesays.com\/it\/wp-json\/wp\/v2\/posts\/666130\/revisions"}],"wp:featuredmedia":[{"embeddable":true,"href":"https:\/\/www.europesays.com\/it\/wp-json\/wp\/v2\/media\/666131"}],"wp:attachment":[{"href":"https:\/\/www.europesays.com\/it\/wp-json\/wp\/v2\/media?parent=666130"}],"wp:term":[{"taxonomy":"category","embeddable":true,"href":"https:\/\/www.europesays.com\/it\/wp-json\/wp\/v2\/categories?post=666130"},{"taxonomy":"post_tag","embeddable":true,"href":"https:\/\/www.europesays.com\/it\/wp-json\/wp\/v2\/tags?post=666130"}],"curies":[{"name":"wp","href":"https:\/\/api.w.org\/{rel}","templated":true}]}}