{"id":666143,"date":"2026-09-05T09:57:15","date_gmt":"2026-09-05T09:57:15","guid":{"rendered":"https:\/\/www.europesays.com\/it\/666143\/"},"modified":"2026-09-05T09:57:15","modified_gmt":"2026-09-05T09:57:15","slug":"rafa-benitez-intervista-su-inter-napoli-linter-e-avanti-sara-uno-spettacolo","status":"publish","type":"post","link":"https:\/\/www.europesays.com\/it\/666143\/","title":{"rendered":"Rafa Benitez, intervista su Inter-Napoli: &#8220;L&#8217;Inter \u00e8 avanti, sar\u00e0 uno spettacolo&#8221;"},"content":{"rendered":"<p>                                &#8220;Chivu con forze fresche, Allegri qualcosa inventer\u00e0 Lautaro contro De Bruyne, i tifosi si divertiranno&#8221;<\/p>\n<p>            <a class=\"image is-50x50\" href=\"https:\/\/www.gazzetta.it\/collaboratori\/antonio-giordano\/\" rel=\"nofollow noopener\" target=\"_blank\"><br \/>\n                <img decoding=\"async\" class=\"is-rounded\" src=\"https:\/\/www.europesays.com\/it\/wp-content\/uploads\/2025\/11\/antonio_giordano_avatar.png\" alt=\"Antonio Giordano\"\/><br \/>\n            <\/a><\/p>\n<p>Collaboratore<\/p>\n<p>                    5 settembre &#8211; 09:10  &#8211; MILANO<\/p>\n<p class=\"paragraph\" spellcheck=\"true\">Vista da lontano, ma poi neanche tanto (2010), la sua Inter si specchia dentro una Supercoppa italiana e una Coppa del Mondo per club: mica male per godersi il passato. E rivisto nella memoria, il suo Napoli (2013-2015) \u00e8 anche altro: la posa della prima pietra del processo d\u2019internazionalizzazione ma, poi, una Coppa Italia e una Supercoppa. Chivu giocava con lui, Allegri lo batt\u00e8 a Doha: chi, se non Rafa Benitez, sta dentro Inter-Napoli?<\/p>\n<p class=\"paragraph\" spellcheck=\"true\"><b>Benitez, lei lo sa bene: in Italia non ci facciamo mancare niente, da subito.<\/b><\/p>\n<p>&#8220;Con gi\u00e0 alla terza Inter-Napoli, Juventus-Milan e Roma-Atalanta mi sembra un grande inizio di campionato. Ma ormai i calendari sono pi\u00f9 o meno uguali ovunque, in Premier c\u2019\u00e8 appena stata Aston Villa-Arsenal e adesso ci sar\u00e0 Arsenal-Chelsea. E in Ligue 1 il Psg e il Monaco si sono appena affrontate. Emozioni immediate&#8221;.<\/p>\n<p><b>E pronostici che sembrano pi\u00f9 relativi per colpa del caldo.<\/b><\/p>\n<p>&#8220;\u00c8 il nemico numero uno, ma lo \u00e8 per chiunque e dunque anche in questo si \u00e8 alla pari. Certo, le temperature inducono a strategie o, se vogliamo, a definire degli atteggiamenti. Giocare alle 18, se ci sono 35\u00b0, diventa pi\u00f9 dispendioso. Ma gli allenatori sanno come si fa&#8221;.<br \/><b><br \/>Inter-Napoli \u00e8 la sfida che sa di Rafa.<\/b><\/p>\n<p>&#8220;Mi mette di fronte a mie due storie personali, momenti che mi hanno riempito di soddisfazioni. Abbiamo vinto assieme, \u00e8 stato bello, poi come tutte le vicende c\u2019\u00e8 una fine. Ma restano i sentimenti e le amicizie e io ne ho tante\u00bb.<\/p>\n<p><b>Il 5 settembre, come si affronta un\u2019ora e mezza del genere?<br \/><\/b><br \/>&#8220;Con la consapevolezza che si \u00e8 di fronte ad avversari di assoluto spessore. E dunque con una preparazione dettagliata, pi\u00f9 o meno come nelle altre partite, perch\u00e9 so per certo che non esistono gare di fascia-1 o di fascia-2: tutte concedono tre punti&#8221;.<\/p>\n<p class=\"paragraph\" spellcheck=\"true\"><b>Per\u00f2, a volte, certe vittorie pesano di pi\u00f9.<br \/><\/b><br \/>&#8220;Finiscono per aumentare l\u2019autostima, ci mancherebbe, ma chi dovesse uscirne sconfitto non ne farebbe un dramma&#8221;.<\/p>\n<p><b>Il mercato finalmente chiuso ha modificato qualcosa?<\/b><\/p>\n<p>&#8220;Direi che sono cambiate varie squadre, tranne una, ed \u00e8 il Napoli. L\u2019Inter ha acquistato in Premier, la Juventus anche, la Roma un po\u2019 ovunque, il Milan idem, l\u2019Atalanta non si \u00e8 negata sforzi dopo aver incassato tanto da Palestra e da Ahanor e il Como ha continuato ad arricchire il proprio progetto. Da queste sette non si scappa, verranno fuori le protagoniste&#8221;.<\/p>\n<p><b>Una \u00e8 in vantaggio, secondo lei?<\/b><\/p>\n<p>&#8220;L\u2019Inter per forza di cose. \u00c8 campione d\u2019Italia e ha inserito forze fresche. Ma Chivu conosce i rischi di chi parte da favorito e sa che alle sue spalle, diciamo cos\u00ec, sono cresciute in tante&#8221;.<\/p>\n<p><b>Cosa bisogna aspettarsi da questo week end?<br \/><\/b><br \/>&#8220;Che diverta e che appassioni, alla faccia del clima torrido&#8221;.\u00a0<br \/><b><br \/>Inter e Napoli sa di scudetto?<\/b><\/p>\n<p>&#8220;Perch\u00e9 negli ultimi quattro anni se lo sono divisi due club giganteschi, capaci di dominare attraverso l\u2019acutezza delle idee. Per\u00f2 direi poi di no: troppo presto pensare che questo risultato possa influenzare l\u2019intera stagione&#8221;.<\/p>\n<p><b>\u00c8 una questione anche tattica&#8230;<\/b><\/p>\n<p>&#8220;Da Allegri ci si possono aspettare mosse a sorpresa: non avendo McTominay, non fatico a credere che si inventi qualcosa. Lui ha il polso della situazione, solo chi vede i giocatori ogni giorno sa quali siano quelli che possono offrire maggiori garanzie. E il discorso vale pure per Chivu, che da un anno sta gestendo con padronanza uno squadrone. Ora la variabile sar\u00e0 la Champions, pronta a presentarsi per entrambe, e dunque qualche ragionamento si impone&#8221;.<\/p>\n<p class=\"text\">Conter\u00e0  la testa. Il segreto \u00e8 arrivare prima sul pallone<\/p>\n<p class=\"paragraph\" spellcheck=\"true\"><b>Sar\u00e0 match di corsa o di cervello?<br \/><\/b><br \/>&#8220;Pi\u00f9 la testa che le gambe, ma il segreto  si dice  sia sempre arrivare prima sul pallone e poi sapere dove indirizzarlo, a chi darlo e come. Se hai Calhanoglu e Zielinski, Barella e Lautaro, sei gi\u00e0 un pezzo avanti. Ma se dall\u2019altra parte ci sono De Bruyne e Lobotka, Hojlund e Anguissa, non hai paura di niente. L\u2019Inter ha vinto due partite con una produzione offensiva clamorosa, a Cagliari ha tirato trentuno volte. \u00c8 un dato che certifica un certo benessere, aspettando la precisione, che Lautaro torni Lautaro; che De Bruyne ridiventi De Bruyne. Gente cos\u00ec va gustata&#8221;.<br \/><b><br \/>Al Napoli la sconfitta con il Como ha generato apprensione.\u00a0<\/b><\/p>\n<p>&#8220;Due errori individuali. Poi una reazione contro una avversaria che ha aggiunto nel suo vocabolario una considerevole organizzazione difensiva. L\u2019amarezza dei tifosi per la frenata \u00e8 umana, ma Allegri rappresenta l\u2019allenatore ideale per riuscire a controllare la situazione. \u00c8 una garanzia&#8221;.<\/p>\n<p><b>Dopo soli 270\u2019 potremmo avere gi\u00e0 una classifica pi\u00f9 o meno aderente alle reali forze? Cinque delle sei grandi che si scontrano sono a sei punti&#8230;<\/b><\/p>\n<p>&#8220;Per\u00f2 resteranno altre 35 giornate&#8230; A San Siro, vada come vada, mi aspetto uno spettacolo, poi non so fino a che punto il termometro possa indirizzare il ritmo della gara. Ed \u00e8 la stessa considerazione che farei per Roma-Atalanta e per Juventus-Milan. Sar\u00e0 un fine settimana fantastico. Gli amanti del football non chiedono altro, il divertimento \u00e8 assicurato, sar\u00e0 un fine settimana di grande calcio&#8221;.<\/p>\n<p class=\"is-copyright\">\u00a9 RIPRODUZIONE RISERVATA<\/p>\n","protected":false},"excerpt":{"rendered":"&#8220;Chivu con forze fresche, Allegri qualcosa inventer\u00e0 Lautaro contro De Bruyne, i tifosi si divertiranno&#8221; Collaboratore 5 settembre&hellip;\n","protected":false},"author":3,"featured_media":666144,"comment_status":"","ping_status":"","sticky":false,"template":"","format":"standard","meta":{"footnotes":"","_share_on_mastodon":"0"},"categories":[176],"tags":[3076,144017,367040,367041,2839,350,1537,90,89,248,245,244],"class_list":["post-666143","post","type-post","status-publish","format-standard","has-post-thumbnail","category-sport","tag-allegri","tag-benitez","tag-benitez-inter","tag-benitez-inter-napoli","tag-chivu","tag-inter","tag-it","tag-italia","tag-italy","tag-napoli","tag-sport","tag-sports"],"share_on_mastodon":{"url":"https:\/\/pubeurope.com\/@it\/117217844123513122","error":""},"_links":{"self":[{"href":"https:\/\/www.europesays.com\/it\/wp-json\/wp\/v2\/posts\/666143","targetHints":{"allow":["GET"]}}],"collection":[{"href":"https:\/\/www.europesays.com\/it\/wp-json\/wp\/v2\/posts"}],"about":[{"href":"https:\/\/www.europesays.com\/it\/wp-json\/wp\/v2\/types\/post"}],"author":[{"embeddable":true,"href":"https:\/\/www.europesays.com\/it\/wp-json\/wp\/v2\/users\/3"}],"replies":[{"embeddable":true,"href":"https:\/\/www.europesays.com\/it\/wp-json\/wp\/v2\/comments?post=666143"}],"version-history":[{"count":0,"href":"https:\/\/www.europesays.com\/it\/wp-json\/wp\/v2\/posts\/666143\/revisions"}],"wp:featuredmedia":[{"embeddable":true,"href":"https:\/\/www.europesays.com\/it\/wp-json\/wp\/v2\/media\/666144"}],"wp:attachment":[{"href":"https:\/\/www.europesays.com\/it\/wp-json\/wp\/v2\/media?parent=666143"}],"wp:term":[{"taxonomy":"category","embeddable":true,"href":"https:\/\/www.europesays.com\/it\/wp-json\/wp\/v2\/categories?post=666143"},{"taxonomy":"post_tag","embeddable":true,"href":"https:\/\/www.europesays.com\/it\/wp-json\/wp\/v2\/tags?post=666143"}],"curies":[{"name":"wp","href":"https:\/\/api.w.org\/{rel}","templated":true}]}}