{"id":666181,"date":"2026-09-05T10:28:15","date_gmt":"2026-09-05T10:28:15","guid":{"rendered":"https:\/\/www.europesays.com\/it\/666181\/"},"modified":"2026-09-05T10:28:15","modified_gmt":"2026-09-05T10:28:15","slug":"trump-puo-davvero-bloccare-le-importazioni-usa-le-nuove-minacce-alla-fed-e-il-nodo-dei-tassi-di-interesse","status":"publish","type":"post","link":"https:\/\/www.europesays.com\/it\/666181\/","title":{"rendered":"Trump pu\u00f2 davvero bloccare le importazioni Usa? Le nuove minacce alla Fed e il nodo dei tassi di interesse"},"content":{"rendered":"<p>    di<br \/>\n    Massimo Gaggi<\/p>\n<p class=\"summary-art is-line-h-12 is-mr-t-20\">Il presidente minaccia di interrompere gli scambi tra gli Stati Uniti e i paesi con cui hanno un deficit commerciale se la banca centrale non si adegua alle sue richieste<\/p>\n<p class=\"chapter-paragraph\">Classico Donald Trump: vuole qualcosa che non pu\u00f2 ottenere e allora cerca di forzare la mano con le minacce. Stavolta gioca sui delicati terreni delle attese dei mercati e degli equilibri finanziari, <a href=\"https:\/\/www.corriere.it\/economia\/finanza\/26_settembre_04\/trump-minaccia-la-fed-tagli-i-tassi-o-stop-agli-scambi-con-i-paesi-in-surplus-con-gli-usa-cd8414a3-042b-4f38-b988-77d787a60xlk.shtml\" title=\"Trump minaccia la Fed: \u00abTagli i tassi o stop agli scambi con i Paesi in surplus con gli Usa\u00bb\" rel=\"nofollow noopener\" target=\"_blank\">arrivando ad ipotizzare un surreale blocco degli scambi degli Stati Uniti con i Paesi coi quali registra un deficit commerciale <\/a>(quasi tutti, Italia compresa) se la Federal Reserve non ridurr\u00e0 i tassi d\u2019interesse: una prospettiva che i mercati oggi escludono alla luce di deterioramenti che spingono in direzione opposta.<\/p>\n<p>    Le responsabilit\u00e0 di Trump<\/p>\n<p class=\"chapter-paragraph\">E Trump ha responsabilit\u00e0 dirette su fattori essenziali del cambiamento: l\u2019impennata dei prezzi soprattutto (ma non solo) energetici causata dalla guerra contro l\u2019Iran e l\u2019allarme per il continuo aumento della spesa pubblica degli Usa col debito federale che ha raggiunto i 40 mila miliardi di dollari.<br \/><b>Kevin Warsh, il nuovo capo della banca centrale Usa voluto da Trump proprio perch\u00e9 orientato a rendere il denaro pi\u00f9 a buon mercato, sta prendendo atto che le cose sono cambiate<\/b>: la Bce e la banca centrale del Giappone si accingono ad aumentare i tassi, probabilmente seguite da quella d\u2019Inghilterra, mentre i mercati si aspettano che la Fed faccia altrettanto.\u00a0    &#13;<br \/>\n&#13;<br \/>\n&#13;<br \/>\n&#13;<br \/>\n&#13;<br \/>\n&#13;<br \/>\n&#13;<br \/>\n&#13;<br \/>\n&#13;<br \/>\n&#13;<br \/>\n&#13;<br \/>\n&#13;<br \/>\n&#13;<br \/>\n&#13;<br \/>\n&#13;<br \/>\n&#13;<br \/>\n&#13;<br \/>\n&#13;<br \/>\n&#13;<br \/>\n&#13;<br \/>\n&#13;<br \/>\n&#13;<br \/>\n&#13;<br \/>\n&#13;<br \/>\n&#13;<br \/>\n&#13;<br \/>\n&#13;<br \/>\n&#13;<br \/>\n&#13;<br \/>\n&#13;<br \/>\n&#13;<br \/>\n&#13;<br \/>\n&#13;<br \/>\n&#13;<br \/>\n&#13;<br \/>\n&#13;<br \/>\n&#13;<br \/>\n&#13;<br \/>\n&#13;<br \/>\n&#13;<br \/>\n&#13;<br \/>\n&#13;<br \/>\n&#13;<br \/>\n&#13;<br \/>\n&#13;<br \/>\n&#13;<br \/>\n&#13;<br \/>\n&#13;<br \/>\n&#13;<br \/>\n&#13;<br \/>\n&#13;<br \/>\n&#13;<br \/>\n&#13;\n<\/p>\n<p>    I dati sull\u2019occupazione<\/p>\n<p class=\"chapter-paragraph\">I buoni dati sull\u2019occupazione (162 mila posti di lavori creati ad agosto, il triplo rispetto alle attese, col tasso di disoccupazione che rimane al 4,1%) spingono in questa direzione: meno urgente sostenere l\u2019economia, essenziale arginare l\u2019inflazione (3,4%) molto pi\u00f9 alta del 2% accettabile per la Fed.<\/p>\n<p class=\"chapter-paragraph\"><b>Warsh ammette che dovr\u00e0 fare qualcosa per rallentare la corsa dei prezzi,<\/b> ma Trump non ci sta: vuole un costo del denaro pi\u00f9 basso che lo aiuterebbe in vista delle elezioni di novembre (basti pensare al malumore di chi ha comprato casa e vede lievitare l\u2019onere del mutuo) e frenerebbe la crescita degli interessi pagati dal Tesoro sul suo debito. E allora ecco un altro intervento del presidente dai toni estremi: ignorando l\u2019autonomia della Fed che deve poter proteggere la stabilit\u00e0 monetaria, tenendosi al riparo da pressioni politiche, chiede a Warsh di \u00abmostrarsi patriottico\u00bb riducendo il costo del denaro.<\/p>\n<p>    Il nodo dei tassi di interesse<\/p>\n<p class=\"chapter-paragraph\"><b>E mentre dai mercati cominciano a venire segnali di minor fiducia nel debito pubblico Usa <\/b>(con conseguente richiesta di una maggiore remunerazione del rischio), <b>lui afferma che \u00abun Paese forte significa tassi bassi<\/b>. \u00c8 semplice: dovremmo avere quelli pi\u00f9 bassi del mondo come ai vecchi tempi\u00bb. Poi la minaccia estrema di Trump: se i tassi non calano, potrebbe bloccare il commercio coi Paesi che esportano negli Usa. Sostiene che la Corte Suprema, quando gli ha proibito di imporre dazi (sentenza che definisce ridicola) gli ha lasciato questa strada.<\/p>\n<p class=\"chapter-paragraph\">In realt\u00e0 il riferimento \u00e8 alla legge che d\u00e0 al presidente poteri straordinari sul commercio in caso di gravi emergenze per la sicurezza nazionale.<br \/>Nulla di simile \u00e8 concretamente ipotizzabile. Certo, Trump ha gi\u00e0 dichiarato altre emergenze nazionali inesistenti per scavalcare il Congresso, ma non pu\u00f2 bloccare importazioni vitali per il Paese. Basti pensare che, sperando di rendere meno costosa la spesa degli americani, sta facendo silenziosamente ridurre i dazi sull\u2019import alimentare, a partire dalla pasta.<\/p>\n<p><a href=\"https:\/\/www.corriere.it\/app-economia\/?intcmp=DL-app_nd_011024_corriere_ss_conomia\" target=\"_blank\" class=\"bck-app-banner\" rel=\"nofollow noopener\"><img decoding=\"async\" class=\"bck-app-img\" src=\"https:\/\/www.europesays.com\/it\/wp-content\/uploads\/2025\/08\/1756449670_863_app.png\"\/><\/p>\n<p>Nuova app <strong>L&#8217;Economia<\/strong>. News, approfondimenti e l&#8217;assistente virtuale al tuo servizio.<\/p>\n<p>SCARICA L&#8217; APP<\/p>\n<p><img decoding=\"async\" src=\"https:\/\/www.europesays.com\/it\/wp-content\/uploads\/2025\/07\/eco.png\"\/><\/a><\/p>\n<p>Iscriviti alle <a href=\"https:\/\/www.corriere.it\/newsletter\/?theme=4\" rel=\"nofollow noopener\" target=\"_blank\">newsletter de L&#8217;Economia<\/a>. Analisi e commenti sui principali avvenimenti\u00a0economici a cura delle firme del Corriere.<\/p>\n<p class=\"is-last-update\" datetime=\"2026-09-05T08:52:21+02:00\">5 settembre 2026<\/p>\n<p class=\"is-copyright\">\n            \u00a9 RIPRODUZIONE RISERVATA\n        <\/p>\n","protected":false},"excerpt":{"rendered":"di Massimo Gaggi Il presidente minaccia di interrompere gli scambi tra gli Stati Uniti e i paesi con&hellip;\n","protected":false},"author":3,"featured_media":666182,"comment_status":"","ping_status":"","sticky":false,"template":"","format":"standard","meta":{"footnotes":"","_share_on_mastodon":"0"},"categories":[172],"tags":[178,19807,1421,3831,15727,21385,21386,21478,367061,177,925,3715,3707,6016,20922,728,217085,3706,6008,16934,209130,3874,274,4249,3723,6549,5292,1537,90,89,3716,21560,10703,10363,367062,857,135,3746,156727,379,410,193682],"class_list":["post-666181","post","type-post","status-publish","format-standard","has-post-thumbnail","category-affari","tag-affari","tag-attese","tag-banca","tag-banca-centrale","tag-bassi","tag-basti","tag-basti-pensare","tag-bloccare","tag-bloccare-importazioni","tag-business","tag-centrale","tag-commerciale","tag-commercio","tag-costo","tag-costo-denaro","tag-dati","tag-dati-occupazione","tag-dazi","tag-debito","tag-deficit","tag-deficit-commerciale","tag-denaro","tag-direzione","tag-emergenze","tag-fed","tag-importazioni","tag-interesse","tag-it","tag-italia","tag-italy","tag-mercati","tag-minacce","tag-minaccia","tag-nodo","tag-nodo-tassi","tag-paesi","tag-presidente","tag-tassi","tag-tassi-interesse","tag-trump","tag-usa","tag-warsh"],"share_on_mastodon":{"url":"","error":"Validation failed: Text character limit of 500 exceeded"},"_links":{"self":[{"href":"https:\/\/www.europesays.com\/it\/wp-json\/wp\/v2\/posts\/666181","targetHints":{"allow":["GET"]}}],"collection":[{"href":"https:\/\/www.europesays.com\/it\/wp-json\/wp\/v2\/posts"}],"about":[{"href":"https:\/\/www.europesays.com\/it\/wp-json\/wp\/v2\/types\/post"}],"author":[{"embeddable":true,"href":"https:\/\/www.europesays.com\/it\/wp-json\/wp\/v2\/users\/3"}],"replies":[{"embeddable":true,"href":"https:\/\/www.europesays.com\/it\/wp-json\/wp\/v2\/comments?post=666181"}],"version-history":[{"count":0,"href":"https:\/\/www.europesays.com\/it\/wp-json\/wp\/v2\/posts\/666181\/revisions"}],"wp:featuredmedia":[{"embeddable":true,"href":"https:\/\/www.europesays.com\/it\/wp-json\/wp\/v2\/media\/666182"}],"wp:attachment":[{"href":"https:\/\/www.europesays.com\/it\/wp-json\/wp\/v2\/media?parent=666181"}],"wp:term":[{"taxonomy":"category","embeddable":true,"href":"https:\/\/www.europesays.com\/it\/wp-json\/wp\/v2\/categories?post=666181"},{"taxonomy":"post_tag","embeddable":true,"href":"https:\/\/www.europesays.com\/it\/wp-json\/wp\/v2\/tags?post=666181"}],"curies":[{"name":"wp","href":"https:\/\/api.w.org\/{rel}","templated":true}]}}