{"id":666188,"date":"2026-09-05T10:39:12","date_gmt":"2026-09-05T10:39:12","guid":{"rendered":"https:\/\/www.europesays.com\/it\/666188\/"},"modified":"2026-09-05T10:39:12","modified_gmt":"2026-09-05T10:39:12","slug":"ambesi-penso-che-sinner-non-sia-pentito-di-aver-saltato-gli-us-open-ha-il-tarlo-del-caldo","status":"publish","type":"post","link":"https:\/\/www.europesays.com\/it\/666188\/","title":{"rendered":"Ambesi: &#8220;Penso che Sinner non sia pentito di aver saltato gli US Open: ha il tarlo del caldo&#8221;"},"content":{"rendered":"<p><strong>Appuntamento quotidiano con gli US Open per Tennismania<\/strong>, il programma che va in onda sul canale YouTube di OA Sport. Una giornata quella appena trascorsa a New York ricca di temi per il tennis italiano, visto che sono stati ben quattro gli azzurri impegnati nel loro match di secondo turno.<\/p>\n<p><strong>Massimiliano Ambesi ha tracciato un bilancio sui risultati degli italiani<\/strong>: \u201cIl bilancio del secondo turno non \u00e8 stato positivo, perch\u00e9 avevi il vantaggio di classifica in quattro delle cinque partite e alla fine ne hai vinte solo due. In altri tempi avere due giocatori al terzo turno sarebbe stato un motivo per festeggiare, ma sono nove anni che ormai due ci arrivano. Chiaro che negli ultimi anni ci siamo fatti la bocca buona per altro tipo di risultati\u201d.<\/p>\n<p><strong>Sulle prestazioni di Bellucci e soprattutto di Darderi<\/strong>: \u201cBellucci partiva con poche chance e ha trovato una versione di Fritz davvero allucinante, visto che ha servito l\u201989% di prime palle. Mettiamo dunque una croce sulla partita e dunque c\u2019\u00e8 poco da aggiungere. La partita di Darderi \u00e8 stata veramente una partita brutta, disordinata, di una confusione incredibile. Fino ad un certo punto i momenti clou erano stati il break di Darderi con quattro doppi falli di Svrcina e Darderi che disintegra la racchetta e la riduce ad una matita. Una partita veramente di rara bruttezza contro un avversario che non ha una prima all\u2019altezza della situazione\u201d.<\/p>\n<p>Ambesi poi si sofferma poi <strong>sulle partite di Musetti e Cobolli<\/strong>: \u201cMusetti ha avuto la stessa dinamica che ha colpito anche Auger-Aliassime. Sweeny ha mostrato comunque delle cose interessanti, anche se comunque \u00e8 stato aiutato dai problemi di Musetti ed \u00e8 un vero peccato. Cobolli l\u2019ha vinta in battaglia contro un avversario che vale molto di pi\u00f9 della sua classifica. I suoi alti sono sempre importanti, poi stranamente sparisce dai radar. Tanti colpi spettacolari di Cobolli e secondo me sta dimostrando di meritare la classifica. Anche partite che magari non nascono bene le riesce a raddrizzare, sale di colpi con il passare del match. Adesso arriveranno i match tosti, partendo gi\u00e0 da quello con Blockx, che sar\u00e0 una sfida cinquanta e cinquanta. Non sar\u00e0 scontato avere giocatori italiani nella seconda settimana\u201d.<\/p>\n<p><strong>Ci sono rimpianti per la sconfitta di Musetti,<\/strong> arrivata anche per fattori esterni, soprattutto a causa di un malessere, con il toscano che comunque non ha voluto mollare: \u201cMusetti ha comunque provato a lottare ed \u00e8 rimasto in campo fino alla fine. Lui stesso ha detto che non ha voluto ritirarsi, segnale di come lui comunque patisce la narrazione dell\u2019essere un giocatore che non lotta, che si tira indietro. Purtroppo succede e sta anche succedendo troppo spesso e sta diventando un problema. Ieri \u00e8 passato un po\u2019 inosservato un discorso di Alcaraz che ha detto che si prender\u00e0 delle pause se necessario, anche di qualche mese\u201d.<\/p>\n<p>Uno sguardo ai prossimi mesi di Musetti <strong>e quale pu\u00f2 essere l\u2019obiettivo del toscano<\/strong>: \u201cRestare tra i primi venti \u00e8 l\u2019obiettivo. Adesso restano ancora cinque tornei, in Asia, poi Vienna e Parigi. Bisogna fare punti, anche se lui ne difende molti. Sarebbe anche importante vincere un 250 per sbloccarsi. Il tabellone lo aveva anche Musetti e non era proibitivo, quindi i rimpianti ci sono sicuramente\u201d.\u00a0<\/p>\n<p>Ambesi alla fine fa anche<strong> una riflessione su Sinner e sulla sua decisione di non essere presente a New York<\/strong>: \u201cPenso che Sinner guardando quello che sta succedendo non si \u00e8 pentito ad aver disertato gli US Open, anche perch\u00e9 tutte queste difficolt\u00e0 fisiche nel corso della partita dovute al caldo e lui quel tarlo lo ha dentro e dunque meglio cos\u00ec\u201d.\u00a0<\/p>\n<p><a href=\"https:\/\/www.youtube.com\/watch?v=Clhp8bUj11I\" rel=\"nofollow noopener\" target=\"_blank\">CLICCA QUI PER RIVEDERE LA PUNTATA COMPLETA<\/a><\/p>\n","protected":false},"excerpt":{"rendered":"Appuntamento quotidiano con gli US Open per Tennismania, il programma che va in onda sul canale YouTube di&hellip;\n","protected":false},"author":3,"featured_media":614057,"comment_status":"","ping_status":"","sticky":false,"template":"","format":"standard","meta":{"footnotes":"","_share_on_mastodon":"0"},"categories":[1457],"tags":[3430,7340,1537,90,89,1863,7343,29660,17942,245,244,1273,165556],"class_list":["post-666188","post","type-post","status-publish","format-standard","has-post-thumbnail","category-tennis","tag-alexander-zverev","tag-flavio-cobolli","tag-it","tag-italia","tag-italy","tag-lorenzo-musetti","tag-luciano-darderi","tag-massimiliano-ambesi","tag-mattia-bellucci","tag-sport","tag-sports","tag-tennis","tag-us-open-2026"],"share_on_mastodon":{"url":"https:\/\/pubeurope.com\/@it\/117218008683197508","error":""},"_links":{"self":[{"href":"https:\/\/www.europesays.com\/it\/wp-json\/wp\/v2\/posts\/666188","targetHints":{"allow":["GET"]}}],"collection":[{"href":"https:\/\/www.europesays.com\/it\/wp-json\/wp\/v2\/posts"}],"about":[{"href":"https:\/\/www.europesays.com\/it\/wp-json\/wp\/v2\/types\/post"}],"author":[{"embeddable":true,"href":"https:\/\/www.europesays.com\/it\/wp-json\/wp\/v2\/users\/3"}],"replies":[{"embeddable":true,"href":"https:\/\/www.europesays.com\/it\/wp-json\/wp\/v2\/comments?post=666188"}],"version-history":[{"count":0,"href":"https:\/\/www.europesays.com\/it\/wp-json\/wp\/v2\/posts\/666188\/revisions"}],"wp:featuredmedia":[{"embeddable":true,"href":"https:\/\/www.europesays.com\/it\/wp-json\/wp\/v2\/media\/614057"}],"wp:attachment":[{"href":"https:\/\/www.europesays.com\/it\/wp-json\/wp\/v2\/media?parent=666188"}],"wp:term":[{"taxonomy":"category","embeddable":true,"href":"https:\/\/www.europesays.com\/it\/wp-json\/wp\/v2\/categories?post=666188"},{"taxonomy":"post_tag","embeddable":true,"href":"https:\/\/www.europesays.com\/it\/wp-json\/wp\/v2\/tags?post=666188"}],"curies":[{"name":"wp","href":"https:\/\/api.w.org\/{rel}","templated":true}]}}